{"id":21156,"date":"2019-03-11T14:50:05","date_gmt":"2019-03-11T18:50:05","guid":{"rendered":"https:\/\/linitiative.ca\/International\/real-madrid-zinedine-zidane-14e-entraineur-de-lere-perez\/"},"modified":"2019-03-11T14:50:05","modified_gmt":"2019-03-11T18:50:05","slug":"real-madrid-zinedine-zidane-14e-entraineur-de-lere-perez","status":"publish","type":"post","link":"https:\/\/linitiative.ca\/International\/real-madrid-zinedine-zidane-14e-entraineur-de-lere-perez\/","title":{"rendered":"Real Madrid: Zin\u00e9dine Zidane, 14e entra\u00eeneur de l\u2019\u00e8re P\u00e9rez"},"content":{"rendered":"<div readability=\"32\">\n<p>Publi\u00e9 le 11.03.2019 \u00e0 19h50 par AFP<\/p>\n<\/div>\n<div readability=\"143\">\n<p>En acceptant d\u2019entra\u00eener \u00e0 nouveau le Real Madrid, neuf mois apr\u00e8s sa d\u00e9mission, Zin\u00e9dine Zidane est officiellement devenu lundi le 14e entra\u00eeneur \u00e0 diriger le club en 16 ans de pr\u00e9sidence de Florentino Perez (2000-2006 et depuis 2009).<\/p>\n<p>\u2013 Vicente del Bosque \u2013<\/p>\n<p>(novembre 1999-juin 2003)<\/p>\n<p>Elu \u00e0 la pr\u00e9sidence en 2000 avec un programme visant \u00e0 recruter des stars plan\u00e9taires, Florentino P\u00e9rez remercie en 2003 Vicente Del Bosque, jug\u00e9 pas assez \u00ab\u00a0galactique\u00a0\u00bb.<\/p>\n<p>\u2013 Carlos Queiroz \u2013<\/p>\n<p>(juin 2003-mai 2004)<\/p>\n<p>Le Portugais ne parvient pas \u00e0 remplir les objectifs du club: le Real finit quatri\u00e8me en Liga et est surpris par Monaco en quarts de finale de C1.<\/p>\n<p>\u2013 Jos\u00e9 Antonio Camacho \u2013<\/p>\n<p>(mai 2004-septembre 2004)<\/p>\n<p>Camacho revient au Real Madrid \u00e0 l\u2019\u00e9t\u00e9 2004 apr\u00e8s un premier passage de 22 jours seulement en 1998. Mais il ne reste pas beaucoup plus longtemps: il est d\u00e9mis d\u00e8s septembre apr\u00e8s une d\u00e9faite 3-0 contre le Bayer Leverkusen en C1.<\/p>\n<p>\u2013 Mariano Garcia Remon \u2013<\/p>\n<p>(septembre 2004-d\u00e9cembre 2004)<\/p>\n<p>L\u2019adjoint de Camacho est propuls\u00e9 en premi\u00e8re ligne au moment du d\u00e9part de ce dernier. Son mandat dure \u00e0 peine trois mois.<\/p>\n<p>\u2013 Vanderlei Luxemburgo \u2013<\/p>\n<p>(d\u00e9cembre 2004-d\u00e9cembre 2005)<\/p>\n<p>L\u2019exp\u00e9riment\u00e9 Br\u00e9silien reste en poste pendant une ann\u00e9e. Il peine \u00e0 r\u00e9\u00e9quilibrer une \u00e9quipe o\u00f9 abondent les talents offensifs et finit par \u00eatre limog\u00e9 apr\u00e8s un clasico remport\u00e9 3-0 par le FC Barcelone au stade Bernabeu.<\/p>\n<p>\u2013 Juan Ramon Lopez Caro \u2013<\/p>\n<p>(d\u00e9cembre 2005-juin 2006)<\/p>\n<p>L\u2019entra\u00eeneur de la r\u00e9serve merengue est promu apr\u00e8s la destitution de Luxemburgo. Il est le dernier technicien nomm\u00e9 lors du premier mandat de Florentino P\u00e9rez, lequel d\u00e9missionne en f\u00e9vrier 2006.<\/p>\n<p>+++++ Entre 2006 et 2009, l\u2019Italien Fabio Capello (2006-2007), l\u2019Allemand Bernd Schuster (2007-2008) et l\u2019Espagnol Juande Ramos (2008-2009) se succ\u00e8dent sur le banc. +++++<\/p>\n<p>\u2013 Mauricio Pellegrini \u2013<\/p>\n<p>(juin 2009-mai 2010)<\/p>\n<p>P\u00e9rez revient aux commandes en 2009 et nomme le Chilien pour superviser la nouvelle \u00e9quipe \u00ab\u00a0galactique\u00a0\u00bb qu\u2019il \u00e9difie autour de Cristiano Ronaldo. Mais une humiliation en Coupe du Roi contre le modeste club d\u2019Alcorcon (4-0) et une \u00e9limination face \u00e0 Lyon en 8e de finale de C1 condamnent Pellegrini.<\/p>\n<p><ins data-revive-zoneid=\"9\" data-revive-id=\"10111e19d28d19d031742ee3b0b33eb0\"\/> <\/p>\n<p>\u2013 Jos\u00e9 Mourinho \u2013<\/p>\n<p>(mai 2010-juin 2013)<\/p>\n<p>Avec une Liga (2012) et une Coupe du Roi conquises (2011) en trois ans, l\u2019\u00e8re Mourinho est l\u2019une des plus longues de la pr\u00e9sidence P\u00e9rez, mais aussi l\u2019une des plus orageuses, avec un vestiaire divis\u00e9 et un public \u00e9lectris\u00e9, jusqu\u2019au d\u00e9part du Portugais.<\/p>\n<p>\u2013 Carlo Ancelotti \u2013<\/p>\n<p>(juin 2013-mai 2015)<\/p>\n<p>Diplomate et pacificateur, Carlo Ancelotti d\u00e9croche la 10e C1 du club, attendue depuis 2002. Mais l\u2019Italien ne survit pas \u00e0 une seconde ann\u00e9e achev\u00e9e sans troph\u00e9e majeur.<\/p>\n<p>\u2013 Rafael Benitez \u2013<\/p>\n<p>(juin 2015-janvier 2016)<\/p>\n<p>Benitez ne parvient pas \u00e0 se concilier les cadres de l\u2019effectif et un clasico perdu 4-0 face au Bar\u00e7a scelle son destin.<\/p>\n<p>\u2013 Zin\u00e9dine Zidane \u2013<\/p>\n<p>(janvier 2016-mai 2018)<\/p>\n<p>Ex-entra\u00eeneur de la r\u00e9serve, Zidane fait peu \u00e0 peu taire tous les sceptiques et quitte le Real en ayant remport\u00e9 trois Ligues des champions d\u2019affil\u00e9e, une r\u00e9ussite in\u00e9dite pour un entra\u00eeneur. \u00ab\u00a0J\u2019aurais aim\u00e9 le convaincre\u00a0\u00bb de rester, dit P\u00e9rez, sans succ\u00e8s: \u00ab\u00a0ZZ\u00a0\u00bb se retire en pleine gloire.<\/p>\n<p>\u2013 Julen Lopetegui \u2013<\/p>\n<p>(juin 2018-octobre 2018)<\/p>\n<p>Ex-s\u00e9lectionneur de l\u2019Espagne, Lopetegui arrive aur\u00e9ol\u00e9 de son parcours avec la Roja, malgr\u00e9 un limogeage surprise \u00e0 la veille du Mondial-2018 pour avoir n\u00e9goci\u00e9 avec le Real dans le dos de sa f\u00e9d\u00e9ration. Contraint de reconstruire une \u00e9quipe orpheline de son buteur Cristiano Ronaldo, il est limog\u00e9 apr\u00e8s une humiliation 5-1 \u00e0 Barcelone.<\/p>\n<p>\u2013 Santiago Solari \u2013<\/p>\n<p>(octobre 2018-mars 2019)<\/p>\n<p>L\u2019ancien entra\u00eeneur de la r\u00e9serve, initialement int\u00e9rimaire, est confort\u00e9 dans ses fonctions avant de remporter le Mondial des clubs. Une semaine noire au sortir de l\u2019hiver \u00e9loigne n\u00e9anmoins le Real de tous les troph\u00e9es possibles: deux clasicos perdus et une \u00e9limination sans gloire en huiti\u00e8mes de C1 contre l\u2019Ajax Amsterdam.<\/p>\n<p>\u2013 Zin\u00e9dine Zidane \u2013<\/p>\n<p>(mars 2019-\u2026)<\/p>\n<p>Au plus sombre de la crise, une lueur d\u2019espoir: Zidane, l\u2019homme des trois sacres d\u2019affil\u00e9es en Ligue des champions, accepte de reprendre les r\u00eanes de l\u2019\u00e9quipe merengue, neuf mois apr\u00e8s sa d\u00e9mission. Par amiti\u00e9 pour le pr\u00e9sident P\u00e9rez et par fid\u00e9lit\u00e9 au club merengue, \u00ab\u00a0sa maison\u00a0\u00bb, o\u00f9 jouent encore trois de ses quatre fils.<\/p>\n<\/div>\n<p>Auteur: AFP<br \/>\n<a href=\"https:\/\/www.journalducameroun.com\/fr\/real-madrid-zinedine-zidane-14e-entraineur-de-lere-perez\/\">Cliquez ici pour lire l&rsquo;article depuis sa source.<\/a><\/p>\n","protected":false},"excerpt":{"rendered":"<p>Publi\u00e9 le 11.03.2019 \u00e0 19h50 par AFP En acceptant d\u2019entra\u00eener \u00e0 nouveau le Real Madrid, neuf mois apr\u00e8s sa d\u00e9mission, Zin\u00e9dine Zidane est officiellement devenu lundi le 14e entra\u00eeneur \u00e0 diriger le club en 16 ans de pr\u00e9sidence de Florentino Perez (2000-2006 et depuis 2009). \u2013 Vicente del Bosque \u2013 (novembre 1999-juin 2003) Elu \u00e0 [&hellip;]<\/p>\n","protected":false},"author":1965,"featured_media":0,"comment_status":"closed","ping_status":"closed","sticky":false,"template":"","format":"standard","meta":{"fifu_image_url":"","fifu_image_alt":"","footnotes":""},"categories":[73,82],"tags":[],"class_list":["post-21156","post","type-post","status-publish","format-standard","hentry","category-actualite","category-cameroun"],"_links":{"self":[{"href":"https:\/\/linitiative.ca\/International\/wp-json\/wp\/v2\/posts\/21156","targetHints":{"allow":["GET"]}}],"collection":[{"href":"https:\/\/linitiative.ca\/International\/wp-json\/wp\/v2\/posts"}],"about":[{"href":"https:\/\/linitiative.ca\/International\/wp-json\/wp\/v2\/types\/post"}],"author":[{"embeddable":true,"href":"https:\/\/linitiative.ca\/International\/wp-json\/wp\/v2\/users\/1965"}],"replies":[{"embeddable":true,"href":"https:\/\/linitiative.ca\/International\/wp-json\/wp\/v2\/comments?post=21156"}],"version-history":[{"count":0,"href":"https:\/\/linitiative.ca\/International\/wp-json\/wp\/v2\/posts\/21156\/revisions"}],"wp:attachment":[{"href":"https:\/\/linitiative.ca\/International\/wp-json\/wp\/v2\/media?parent=21156"}],"wp:term":[{"taxonomy":"category","embeddable":true,"href":"https:\/\/linitiative.ca\/International\/wp-json\/wp\/v2\/categories?post=21156"},{"taxonomy":"post_tag","embeddable":true,"href":"https:\/\/linitiative.ca\/International\/wp-json\/wp\/v2\/tags?post=21156"}],"curies":[{"name":"wp","href":"https:\/\/api.w.org\/{rel}","templated":true}]}}