{"id":21157,"date":"2019-03-11T14:50:10","date_gmt":"2019-03-11T18:50:10","guid":{"rendered":"https:\/\/linitiative.ca\/International\/real-madrid-zinedine-zidane-en-bref\/"},"modified":"2019-03-11T14:50:10","modified_gmt":"2019-03-11T18:50:10","slug":"real-madrid-zinedine-zidane-en-bref","status":"publish","type":"post","link":"https:\/\/linitiative.ca\/International\/real-madrid-zinedine-zidane-en-bref\/","title":{"rendered":"Real Madrid : Zin\u00e9dine Zidane en bref"},"content":{"rendered":"<div readability=\"32\">\n<p>Publi\u00e9 le 11.03.2019 \u00e0 19h50 par AFP<\/p>\n<\/div>\n<div readability=\"123\">\n<p>Zin\u00e9dine Zidane, qui revient comme entra\u00eeneur du Real Madrid neuf mois apr\u00e8s sa d\u00e9mission, en bref:<\/p>\n<p>Nom: Zidane<\/p>\n<p>Pr\u00e9nom: Zin\u00e9dine<\/p>\n<p>Date de naissance: 23 juin 1972 (46 ans)<\/p>\n<p>Lieu de naissance: Marseille<\/p>\n<p>Nationalit\u00e9: fran\u00e7aise<\/p>\n<p>Taille: 1,85 m<\/p>\n<p>Poids: 78 kg<\/p>\n<p>Sport\/poste: Football\/milieu de terrain puis entra\u00eeneur<\/p>\n<p>Carri\u00e8re de joueur:<\/p>\n<p>Clubs successifs: Cannes (1988-1992), Bordeaux (1992-1996), Juventus Turin (ITA\/1996-2001), Real Madrid (ESP\/2001-2006)<\/p>\n<p>1er match en 1re division: 20\/05\/1989, Nantes-Cannes (1-1)<\/p>\n<p>506 matches de championnat, 95 buts<\/p>\n<p>108 matches de Coupes d\u2019Europe (82 en C1, 26 en C3), 18 buts<\/p>\n<p>Equipe de France: 108 s\u00e9lections (101 fois titulaire, 7 fois rempla\u00e7ant, 25 fois capitaine)<\/p>\n<p>Buts en s\u00e9lection: 31<\/p>\n<p>1re s\u00e9lection: 17\/08\/1994, France-R\u00e9publique Tch\u00e8que (2-2)<\/p>\n<p>1er but en s\u00e9lection: 17\/08\/1994, France-R\u00e9publique Tch\u00e8que (2-2)<\/p>\n<p>Derni\u00e8re s\u00e9lection: 09\/07\/06 France-Italie (finale du Mondial) 1-1 apr\u00e8s prolongation, Italie vainqueur aux tirs au but<\/p>\n<p>Dernier but en s\u00e9lection: 09\/07\/2006, France-Italie<\/p>\n<p>Carri\u00e8re d\u2019entra\u00eeneur:<\/p>\n<p>Clubs successifs: Real Madrid Castilla (ESP\/2014-2016), Real Madrid (ESP\/2016-2018)<\/p>\n<p>Palmar\u00e8s de joueur:<\/p>\n<p><ins data-revive-zoneid=\"9\" data-revive-id=\"10111e19d28d19d031742ee3b0b33eb0\"\/> <\/p>\n<p>Coupe du monde 1998<\/p>\n<p>Championnat d\u2019Europe 2000<\/p>\n<p>Ligue des champions 2002<\/p>\n<p>Coupe intercontinentale 1996, 2002<\/p>\n<p>Supercoupe d\u2019Europe 1996, 2002<\/p>\n<p>Championnat d\u2019Italie 1997, 1998<\/p>\n<p>Supercoupe d\u2019Italie 1997<\/p>\n<p>Championnat d\u2019Espagne 2003<\/p>\n<p>Supercoupe d\u2019Espagne 2001, 2003<\/p>\n<p>Palmar\u00e8s individuel:<\/p>\n<p>Ballon d\u2019Or 1998<\/p>\n<p>Meilleur joueur mondial Fifa 1998, 2000, 2003<\/p>\n<p>Meilleur joueur UEFA 2002<\/p>\n<p>Meilleur joueur de l\u2019Euro-2000<\/p>\n<p>Meilleur joueur du Mondial-2006<\/p>\n<p>Palmar\u00e8s d\u2019entra\u00eeneur:<\/p>\n<p>Ligue des champions 2016, 2017, 2018<\/p>\n<p>Supercoupe d\u2019Europe 2016, 2017<\/p>\n<p>Championnat d\u2019Espagne 2017<\/p>\n<p>Supercoupe d\u2019Espagne 2017<\/p>\n<p>Mondial des clubs 2016, 2017<\/p>\n<\/div>\n<p>Auteur: AFP<br \/>\n<a href=\"https:\/\/www.journalducameroun.com\/fr\/real-madrid-zinedine-zidane-en-bref-2\/\">Cliquez ici pour lire l&rsquo;article depuis sa source.<\/a><\/p>\n","protected":false},"excerpt":{"rendered":"<p>Publi\u00e9 le 11.03.2019 \u00e0 19h50 par AFP Zin\u00e9dine Zidane, qui revient comme entra\u00eeneur du Real Madrid neuf mois apr\u00e8s sa d\u00e9mission, en bref: Nom: Zidane Pr\u00e9nom: Zin\u00e9dine Date de naissance: 23 juin 1972 (46 ans) Lieu de naissance: Marseille Nationalit\u00e9: fran\u00e7aise Taille: 1,85 m Poids: 78 kg Sport\/poste: Football\/milieu de terrain puis entra\u00eeneur Carri\u00e8re de [&hellip;]<\/p>\n","protected":false},"author":1965,"featured_media":0,"comment_status":"closed","ping_status":"closed","sticky":false,"template":"","format":"standard","meta":{"fifu_image_url":"","fifu_image_alt":"","footnotes":""},"categories":[73,82],"tags":[],"class_list":["post-21157","post","type-post","status-publish","format-standard","hentry","category-actualite","category-cameroun"],"_links":{"self":[{"href":"https:\/\/linitiative.ca\/International\/wp-json\/wp\/v2\/posts\/21157","targetHints":{"allow":["GET"]}}],"collection":[{"href":"https:\/\/linitiative.ca\/International\/wp-json\/wp\/v2\/posts"}],"about":[{"href":"https:\/\/linitiative.ca\/International\/wp-json\/wp\/v2\/types\/post"}],"author":[{"embeddable":true,"href":"https:\/\/linitiative.ca\/International\/wp-json\/wp\/v2\/users\/1965"}],"replies":[{"embeddable":true,"href":"https:\/\/linitiative.ca\/International\/wp-json\/wp\/v2\/comments?post=21157"}],"version-history":[{"count":0,"href":"https:\/\/linitiative.ca\/International\/wp-json\/wp\/v2\/posts\/21157\/revisions"}],"wp:attachment":[{"href":"https:\/\/linitiative.ca\/International\/wp-json\/wp\/v2\/media?parent=21157"}],"wp:term":[{"taxonomy":"category","embeddable":true,"href":"https:\/\/linitiative.ca\/International\/wp-json\/wp\/v2\/categories?post=21157"},{"taxonomy":"post_tag","embeddable":true,"href":"https:\/\/linitiative.ca\/International\/wp-json\/wp\/v2\/tags?post=21157"}],"curies":[{"name":"wp","href":"https:\/\/api.w.org\/{rel}","templated":true}]}}