{"id":21158,"date":"2019-03-11T14:50:15","date_gmt":"2019-03-11T18:50:15","guid":{"rendered":"https:\/\/linitiative.ca\/International\/algerie-bouteflika-renonce-a-un-5e-mandat-et-reporte-sine-die-la-presidentielle\/"},"modified":"2019-03-11T14:50:15","modified_gmt":"2019-03-11T18:50:15","slug":"algerie-bouteflika-renonce-a-un-5e-mandat-et-reporte-sine-die-la-presidentielle","status":"publish","type":"post","link":"https:\/\/linitiative.ca\/International\/algerie-bouteflika-renonce-a-un-5e-mandat-et-reporte-sine-die-la-presidentielle\/","title":{"rendered":"Alg\u00e9rie: Bouteflika renonce \u00e0 un 5e mandat et reporte sine die la pr\u00e9sidentielle"},"content":{"rendered":"<div readability=\"32\">\n<p>Publi\u00e9 le 11.03.2019 \u00e0 19h50 par AFP<\/p>\n<\/div>\n<div readability=\"70\">\n<p>Le pr\u00e9sident alg\u00e9rien Abdelaziz Bouteflika, confront\u00e9 depuis deux semaines \u00e0 une contestation in\u00e9dite en 20 ans de pouvoir, a annonc\u00e9 lundi renoncer \u00e0 briguer un 5e mandat et le report sine die de la pr\u00e9sidentielle pr\u00e9vue le 18 avril.<\/p>\n<p>Le pr\u00e9sident Bouteflika avait regagn\u00e9 l\u2019Alg\u00e9rie dimanche, \u00e0 l\u2019issue de deux semaines d\u2019hospitalisation en Suisse pour des \u00ab\u00a0examens m\u00e9dicaux\u00a0\u00bb.<\/p>\n<p>Dans un message \u00e0 la nation publi\u00e9 par l\u2019agence officielle APS, il pr\u00e9cise lundi que la pr\u00e9sidentielle aura lieu \u00ab\u00a0dans le prolongement\u00a0\u00bb d\u2019une conf\u00e9rence nationale\u00a0\u00bb charg\u00e9e de r\u00e9former le syst\u00e8me politique et d\u2019\u00e9laborer un projet de Constitution d\u2019ici fin 2019.<\/p>\n<p>En s\u2019engageant dans ce texte \u00ab\u00a0\u00e0 remettre les charges et les pr\u00e9rogatives de pr\u00e9sident de la R\u00e9publique au successeur que le peuple alg\u00e9rien aura librement \u00e9lu\u00a0\u00bb, M. Bouteflika indique implicitement qu\u2019il restera chef de l\u2019Etat \u00e0 l\u2019expiration de son mandat le 28 avril 2019.<\/p>\n<p>\u00ab\u00a0Il n\u2019y aura pas de cinqui\u00e8me mandat et il n\u2019en a jamais \u00e9t\u00e9 question pour moi, mon \u00e9tat de sant\u00e9 et mon \u00e2ge ne m\u2019assignant comme ultime devoir envers le peuple alg\u00e9rien que la contribution \u00e0 l\u2019assise des fondations d\u2019une nouvelle R\u00e9publique\u00a0\u00bb, d\u00e9clare M. Bouteflika dans ce texte.<\/p>\n<p><ins data-revive-zoneid=\"9\" data-revive-id=\"10111e19d28d19d031742ee3b0b33eb0\"\/> <\/p>\n<p>\u00ab\u00a0Il n\u2019y aura pas d\u2019\u00e9lection pr\u00e9sidentielle le 18 avril prochain\u00a0\u00bb, poursuit le pr\u00e9sident alg\u00e9rien disant ainsi \u00ab\u00a0satisfaire une demande pressante que vous (Alg\u00e9riens) avez \u00e9t\u00e9 nombreux \u00e0 m\u2019adresser\u00a0\u00bb.<\/p>\n<p>La prochaine pr\u00e9sidentielle \u00ab\u00a0aura lieu dans le prolongement de la conf\u00e9rence nationale inclusive et ind\u00e9pendante (\u2026) \u00e9quitablement repr\u00e9sentative de la soci\u00e9t\u00e9 alg\u00e9rienne comme des sensibilit\u00e9s qui la parcourent\u00a0\u00bb qui \u00ab\u00a0devra s\u2019efforcer de compl\u00e9ter son mandat avant la fin de l\u2019ann\u00e9e 2019\u00a0\u00bb, ajoute M. Bouteflika.<\/p>\n<p>De nombreux klaxons commen\u00e7aient \u00e0 r\u00e9sonner lundi en d\u00e9but de soir\u00e9e dans le centre d\u2019Alger.<\/p>\n<\/div>\n<p>Auteur: AFP<br \/>\n<a href=\"https:\/\/www.journalducameroun.com\/fr\/algerie-bouteflika-renonce-a-un-5e-mandat-et-reporte-sine-die-la-presidentielle\/\">Cliquez ici pour lire l&rsquo;article depuis sa source.<\/a><\/p>\n","protected":false},"excerpt":{"rendered":"<p>Publi\u00e9 le 11.03.2019 \u00e0 19h50 par AFP Le pr\u00e9sident alg\u00e9rien Abdelaziz Bouteflika, confront\u00e9 depuis deux semaines \u00e0 une contestation in\u00e9dite en 20 ans de pouvoir, a annonc\u00e9 lundi renoncer \u00e0 briguer un 5e mandat et le report sine die de la pr\u00e9sidentielle pr\u00e9vue le 18 avril. Le pr\u00e9sident Bouteflika avait regagn\u00e9 l\u2019Alg\u00e9rie dimanche, \u00e0 l\u2019issue [&hellip;]<\/p>\n","protected":false},"author":1965,"featured_media":0,"comment_status":"closed","ping_status":"closed","sticky":false,"template":"","format":"standard","meta":{"fifu_image_url":"","fifu_image_alt":"","footnotes":""},"categories":[73,82],"tags":[],"class_list":["post-21158","post","type-post","status-publish","format-standard","hentry","category-actualite","category-cameroun"],"_links":{"self":[{"href":"https:\/\/linitiative.ca\/International\/wp-json\/wp\/v2\/posts\/21158","targetHints":{"allow":["GET"]}}],"collection":[{"href":"https:\/\/linitiative.ca\/International\/wp-json\/wp\/v2\/posts"}],"about":[{"href":"https:\/\/linitiative.ca\/International\/wp-json\/wp\/v2\/types\/post"}],"author":[{"embeddable":true,"href":"https:\/\/linitiative.ca\/International\/wp-json\/wp\/v2\/users\/1965"}],"replies":[{"embeddable":true,"href":"https:\/\/linitiative.ca\/International\/wp-json\/wp\/v2\/comments?post=21158"}],"version-history":[{"count":0,"href":"https:\/\/linitiative.ca\/International\/wp-json\/wp\/v2\/posts\/21158\/revisions"}],"wp:attachment":[{"href":"https:\/\/linitiative.ca\/International\/wp-json\/wp\/v2\/media?parent=21158"}],"wp:term":[{"taxonomy":"category","embeddable":true,"href":"https:\/\/linitiative.ca\/International\/wp-json\/wp\/v2\/categories?post=21158"},{"taxonomy":"post_tag","embeddable":true,"href":"https:\/\/linitiative.ca\/International\/wp-json\/wp\/v2\/tags?post=21158"}],"curies":[{"name":"wp","href":"https:\/\/api.w.org\/{rel}","templated":true}]}}