{"id":21159,"date":"2019-03-11T14:50:21","date_gmt":"2019-03-11T18:50:21","guid":{"rendered":"https:\/\/linitiative.ca\/International\/brexit-may-tente-de-sauver-son-accord-avant-un-vote-crucial-mardi\/"},"modified":"2019-03-11T14:50:21","modified_gmt":"2019-03-11T18:50:21","slug":"brexit-may-tente-de-sauver-son-accord-avant-un-vote-crucial-mardi","status":"publish","type":"post","link":"https:\/\/linitiative.ca\/International\/brexit-may-tente-de-sauver-son-accord-avant-un-vote-crucial-mardi\/","title":{"rendered":"Brexit : May tente de sauver son accord avant un vote crucial mardi"},"content":{"rendered":"<div readability=\"32\">\n<p>Publi\u00e9 le 11.03.2019 \u00e0 19h50 par AFP<\/p>\n<\/div>\n<div readability=\"140\">\n<p>La Premi\u00e8re ministre Theresa May \u00e9tait en route pour Strasbourg lundi soir, pour des discussions de derni\u00e8re minute sur le Brexit avec le Pr\u00e9sident de la Commission europ\u00e9enne Jean-Claude Juncker, dans une ultime tentative de sauvetage de l\u2019accord de divorce menac\u00e9 d\u2019un rejet mardi par les d\u00e9put\u00e9s britanniques.<\/p>\n<p>\u00ab\u00a0La Premi\u00e8re ministre vient juste de partir pour Strasbourg afin de s\u2019entretenir avec JCJ (Jean-Claude Juncker, ndlr)\u00a0\u00bb, a annonc\u00e9 un porte-parole du gouvernement britannique.<\/p>\n<p>Attendue \u00e0 Strasbourg peu avant 20h00 GMT, elle devrait \u00e9galement y rencontrer le n\u00e9gociateur en chef de l\u2019UE pour le Brexit Michel Barnier, selon une source europ\u00e9enne \u00e0 Bruxelles.<\/p>\n<p>La ville alsacienne accueille cette semaine de nombreux responsables europ\u00e9ens dans le cadre d\u2019une session pl\u00e9ni\u00e8re du Parlement europ\u00e9en.<\/p>\n<p>Le temps presse pour la dirigeante conservatrice qui n\u2019a jusqu\u2019ici pas r\u00e9ussi \u00e0 obtenir de concessions suffisantes pour convaincre son Parlement d\u2019approuver ce trait\u00e9 de retrait, destin\u00e9 \u00e0 mettre en oeuvre un Brexit ordonn\u00e9, mais recal\u00e9 en janvier une premi\u00e8re fois, massivement, par les d\u00e9put\u00e9s britanniques.<\/p>\n<p>\u00ab\u00a0Je ne peux clairement anticiper l\u2019issue de ces discussions urgentes et sensibles\u00a0\u00bb, a d\u00e9clar\u00e9 Robin Walker, sous-secr\u00e9taire d\u2019Etat \u00e0 la sortie de l\u2019Union europ\u00e9enne.<\/p>\n<p>\u00ab\u00a0Les \u00e9quipes continuent de discuter tout au long de la journ\u00e9e. Le gouvernement fera une d\u00e9claration plus tard dans la journ\u00e9e informant le Parlement du progr\u00e8s des discussions\u00a0\u00bb, a-t-il assur\u00e9 devant la Chambre des communes.<\/p>\n<p>\u2013 \u00ab\u00a0Dans le p\u00e9trin\u00a0\u00bb \u2013<\/p>\n<p>Le principal point d\u2019achoppement des discussions r\u00e9side dans le \u00ab\u00a0filet de s\u00e9curit\u00e9\u00a0\u00bb, un dispositif de dernier recours visant \u00e0 \u00e9viter le retour d\u2019une fronti\u00e8re physique en Irlande du Nord, afin de pr\u00e9server les accords de paix de 1998 et l\u2019int\u00e9grit\u00e9 du march\u00e9 unique europ\u00e9en, mais dont les \u00ab\u00a0Brexiters\u00a0\u00bb ne veulent pas.<\/p>\n<p>Alors que les dirigeants europ\u00e9ens ont refus\u00e9 de rouvrir les n\u00e9gociations sur le texte de l\u2019accord, Michel Barnier a redit \u00eatre pr\u00eat \u00e0 \u00ab\u00a0donner une force juridique\u00a0\u00bb contraignante \u00e0 l\u2019engagement maintes fois r\u00e9p\u00e9t\u00e9 de tout faire pour que le \u00ab\u00a0backstop\u00a0\u00bb ne s\u2019\u00e9ternise pas, signifiant ainsi qu\u2019il n\u2019irait pas plus loin.<\/p>\n<p>\u00ab\u00a0Nous avons fait des propositions constructives, que j\u2019ai rappel\u00e9es vendredi\u00a0\u00bb, a-t-il d\u00e9clar\u00e9 lundi matin \u00e0 l\u2019AFP. D\u00e9sormais, a-t-il insist\u00e9, \u00ab\u00a0les n\u00e9gociations, sont entre le gouvernement \u00e0 Londres et le Parlement \u00e0 Londres\u00a0\u00bb.<\/p>\n<p><ins data-revive-zoneid=\"9\" data-revive-id=\"10111e19d28d19d031742ee3b0b33eb0\"\/> <\/p>\n<p>En \u00e9cho, la chanceli\u00e8re allemande Angela Merkel a soulign\u00e9 lundi \u00e0 Berlin que les Europ\u00e9ens avaient propos\u00e9 une \u00ab\u00a0offre importante\u00a0\u00bb au Royaume-Uni.<\/p>\n<p>Faute de garanties satisfaisantes pour les d\u00e9put\u00e9s britanniques, Theresa May s\u2019exposerait \u00e0 une nouvelle d\u00e9faite humiliante lors du vote mardi. L\u2019accord est \u00ab\u00a0dans le p\u00e9trin, vraiment dans le p\u00e9trin\u00a0\u00bb, estimait lundi la BBC.<\/p>\n<p>Son porte-parole a n\u00e9anmoins assur\u00e9 que le vote aurait bien lieu, pr\u00e9cisant que Mme May devait publier une d\u00e9claration \u00e9crite dans la journ\u00e9e.<\/p>\n<p>Dans l\u2019opposition, Yvette Cooper, une influente d\u00e9put\u00e9e du Labour, a estim\u00e9 qu\u2019il \u00e9tait temps que Theresa May \u00ab\u00a0accepte que son approche ne fonctionne pas\u00a0\u00bb. Avant d\u2019ajouter que le Parlement \u00e9tait pr\u00eat \u00e0 prendre les r\u00eanes du processus.<\/p>\n<p>Le chef du Parti travailliste Jeremy Corbyn a lui d\u00e9nonc\u00e9 un \u00ab\u00a0mauvais accord en d\u00e9cembre, un mauvais accord en janvier et encore un mauvais accord aujourd\u2019hui\u00a0\u00bb.<\/p>\n<p>Un rejet de l\u2019accord pourrait signifier que le Royaume-Uni quittera l\u2019UE dans le chaos le 29 mars, apr\u00e8s 46 ans d\u2019une relation souvent houleuse. Il pourrait aussi aboutir \u00e0 un report de la sortie.<\/p>\n<p>Si le texte devait effectivement \u00eatre rejet\u00e9, Mme May a d\u00e9cid\u00e9 d\u2019organiser un vote mercredi sur la possibilit\u00e9 de sortir de l\u2019UE sans accord.<\/p>\n<p>Si les d\u00e9put\u00e9s refusent cette option, ils voteront jeudi sur une proposition de report \u00ab\u00a0limit\u00e9\u00a0\u00bb du Brexit. Mais les 27 devront donner leur accord et les dirigeants europ\u00e9ens ont pr\u00e9venu que tout report devra \u00eatre justifi\u00e9.<\/p>\n<p>Les Europ\u00e9ens n\u2019accepteront pas \u00ab\u00a0d\u2019avancer \u00e0 l\u2019aveugle\u00a0\u00bb, leur position sera fonction \u00ab\u00a0de la dur\u00e9e et de la finalit\u00e9 de l\u2019extension demand\u00e9e\u00a0\u00bb, a estim\u00e9 un diplomate.<\/p>\n<\/div>\n<p>Auteur: AFP<br \/>\n<a href=\"https:\/\/www.journalducameroun.com\/fr\/brexit-may-tente-de-sauver-son-accord-avant-un-vote-crucial-mardi\/\">Cliquez ici pour lire l&rsquo;article depuis sa source.<\/a><\/p>\n","protected":false},"excerpt":{"rendered":"<p>Publi\u00e9 le 11.03.2019 \u00e0 19h50 par AFP La Premi\u00e8re ministre Theresa May \u00e9tait en route pour Strasbourg lundi soir, pour des discussions de derni\u00e8re minute sur le Brexit avec le Pr\u00e9sident de la Commission europ\u00e9enne Jean-Claude Juncker, dans une ultime tentative de sauvetage de l\u2019accord de divorce menac\u00e9 d\u2019un rejet mardi par les d\u00e9put\u00e9s britanniques. [&hellip;]<\/p>\n","protected":false},"author":1965,"featured_media":0,"comment_status":"closed","ping_status":"closed","sticky":false,"template":"","format":"standard","meta":{"fifu_image_url":"","fifu_image_alt":"","footnotes":""},"categories":[73,82],"tags":[],"class_list":["post-21159","post","type-post","status-publish","format-standard","hentry","category-actualite","category-cameroun"],"_links":{"self":[{"href":"https:\/\/linitiative.ca\/International\/wp-json\/wp\/v2\/posts\/21159","targetHints":{"allow":["GET"]}}],"collection":[{"href":"https:\/\/linitiative.ca\/International\/wp-json\/wp\/v2\/posts"}],"about":[{"href":"https:\/\/linitiative.ca\/International\/wp-json\/wp\/v2\/types\/post"}],"author":[{"embeddable":true,"href":"https:\/\/linitiative.ca\/International\/wp-json\/wp\/v2\/users\/1965"}],"replies":[{"embeddable":true,"href":"https:\/\/linitiative.ca\/International\/wp-json\/wp\/v2\/comments?post=21159"}],"version-history":[{"count":0,"href":"https:\/\/linitiative.ca\/International\/wp-json\/wp\/v2\/posts\/21159\/revisions"}],"wp:attachment":[{"href":"https:\/\/linitiative.ca\/International\/wp-json\/wp\/v2\/media?parent=21159"}],"wp:term":[{"taxonomy":"category","embeddable":true,"href":"https:\/\/linitiative.ca\/International\/wp-json\/wp\/v2\/categories?post=21159"},{"taxonomy":"post_tag","embeddable":true,"href":"https:\/\/linitiative.ca\/International\/wp-json\/wp\/v2\/tags?post=21159"}],"curies":[{"name":"wp","href":"https:\/\/api.w.org\/{rel}","templated":true}]}}