{"id":21160,"date":"2019-03-11T14:50:25","date_gmt":"2019-03-11T18:50:25","guid":{"rendered":"https:\/\/linitiative.ca\/International\/merkel-prend-ses-distances-avec-macron-sur-leurope\/"},"modified":"2019-03-11T14:50:25","modified_gmt":"2019-03-11T18:50:25","slug":"merkel-prend-ses-distances-avec-macron-sur-leurope","status":"publish","type":"post","link":"https:\/\/linitiative.ca\/International\/merkel-prend-ses-distances-avec-macron-sur-leurope\/","title":{"rendered":"Merkel prend ses distances avec Macron sur l\u2019Europe"},"content":{"rendered":"<div readability=\"32\">\n<p>Publi\u00e9 le 11.03.2019 \u00e0 19h50 par AFP<\/p>\n<\/div>\n<div readability=\"133\">\n<p>Un mois et demi seulement apr\u00e8s avoir c\u00e9l\u00e9br\u00e9 en grande pompe leur coop\u00e9ration avec un nouveau trait\u00e9 franco-allemand, Angela Merkel et Emmanuel Macron affichent leurs divergences sur l\u2019avenir de l\u2019Europe \u00e0 l\u2019approche des \u00e9lections de mai.<\/p>\n<p>La chanceli\u00e8re allemande a apport\u00e9 lundi publiquement son soutien \u00e0 des propositions de son parti conservateur pour l\u2019Europe qui se d\u00e9marquent de celles du pr\u00e9sident fran\u00e7ais, pr\u00f4nant notamment un si\u00e8ge europ\u00e9en unique au Conseil de s\u00e9curit\u00e9 de l\u2019ONU.<\/p>\n<p>\u00ab\u00a0Je pense qu\u2019il s\u2019agit d\u2019un tr\u00e8s bon concept pour l\u2019avenir\u00a0\u00bb, a d\u00e9clar\u00e9 la chanceli\u00e8re allemande \u00e0 Berlin \u00e0 propos des projets de l\u2019Union europ\u00e9enne publi\u00e9s au cours du week-end par celle qui l\u2019a remplac\u00e9e en d\u00e9cembre \u00e0 la t\u00eate du parti d\u00e9mocrate-chr\u00e9tien allemand (CDU), Annegret Kramp-Karrenbauer \u2013 surnomm\u00e9e AKK \u2013 et qui part favorite pour lui succ\u00e9der au pouvoir au plus tard en 2021.<\/p>\n<p>Parmi ces propositions, qui se veulent une r\u00e9ponse aux id\u00e9es pour l\u2019Europe r\u00e9cemment pr\u00e9sent\u00e9es par Emmanuel Macron, figurent notamment la cr\u00e9ation d\u2019un si\u00e8ge europ\u00e9en au Conseil de s\u00e9curit\u00e9 de l\u2019ONU.<\/p>\n<p>Et Mme Merkel a soulign\u00e9 que ce si\u00e8ge avait vocation \u00ab\u00a0\u00e0 r\u00e9unir les voix europ\u00e9ennes au Conseil de s\u00e9curit\u00e9 de l\u2019ONU\u00a0\u00bb, et donc \u00e0 faire dispara\u00eetre celui dont dispose la France pour elle seule depuis la fin de la Deuxi\u00e8me guerre mondiale.<\/p>\n<p>Une perspective qui risque d\u2019\u00eatre difficile \u00e0 faire accepter par Paris.<\/p>\n<p>\u00ab\u00a0Le fait que la France est sceptique au sujet d\u2019un si\u00e8ge europ\u00e9en \u00e0 l\u2019ONU est connu\u00a0\u00bb, s\u2019est born\u00e9e \u00e0 dire la chanceli\u00e8re, interrog\u00e9e lors d\u2019une conf\u00e9rence de presse avec son homologue letton.<\/p>\n<p>En pr\u00f4nant une telle \u00e9volution, la chanceli\u00e8re et son parti se rangent aux c\u00f4t\u00e9s d\u2019une id\u00e9e d\u00e9j\u00e0 d\u00e9fendue par son partenaire minoritaire de coalition, le parti social-d\u00e9mocrate.<\/p>\n<p>\u2013 Parlement de Strasbourg \u2013<\/p>\n<p>Ce sujet n\u2019est pas seul potentiellement conflictuel avec la France dans le programme des conservateurs allemands.<\/p>\n<p><ins data-revive-zoneid=\"9\" data-revive-id=\"10111e19d28d19d031742ee3b0b33eb0\"\/> <\/p>\n<p>Il demande aussi la suppression du Parlement europ\u00e9en \u00e0 Strasbourg, auquel tient la France, qui risque du coup de se retrouver tr\u00e8s isol\u00e9e sur le sujet.<\/p>\n<p>\u00ab\u00a0Nous devons aussi prendre des d\u00e9cisions trop longtemps diff\u00e9r\u00e9es et abolir les anachronismes. Cela vaut notamment pour le regroupement du Parlement europ\u00e9en en son si\u00e8ge \u00e0 Bruxelles\u00a0\u00bb, a ainsi martel\u00e9 \u00ab\u00a0AKK\u00a0\u00bb.<\/p>\n<p>Son projet s\u2019oppose en outre \u00e0 un salaire minimum europ\u00e9en, propos\u00e9 par Emmanuel Macron dans le cadre d\u2019un \u00ab\u00a0bouclier social\u00a0\u00bb pour les Europ\u00e9ens, ou encore \u00e0 toute mutualisation des dettes en Europe. Alors que le pr\u00e9sident fran\u00e7ais milite ardemment pour la cr\u00e9ation d\u2019un budget significatif de la zone euro visant \u00e0 financer en commun des projets d\u2019avenir.<\/p>\n<p>Les diff\u00e9rences entre les projets allemand et fran\u00e7ais doivent \u00eatre replac\u00e9es dans le contexte de la campagne pour les \u00e9lections europ\u00e9ennes, o\u00f9 les formations d\u2019Emmanuel Macron et Angela Merkel sont rivales.<\/p>\n<p>\u2013 Critiques fran\u00e7aises \u2013<\/p>\n<p>La R\u00e9publique en Marche, parti fond\u00e9 par Emmanuel Macron, fera front commun avec les Lib\u00e9raux au plan europ\u00e9en, tandis que la CDU d\u2019Angela Merkel fait campagne avec les conservateurs du Parti populaire europ\u00e9en (PPE), dont est aussi membre le mouvement des R\u00e9publicains (droite), dans l\u2019opposition en France.<\/p>\n<p>Il n\u2019emp\u00eache que la r\u00e9ponse allemande aux r\u00e9centes propositions du pr\u00e9sident fran\u00e7ais prend des allures de rebuffade quelques semaines apr\u00e8s les c\u00e9l\u00e9brations autour du nouveau trait\u00e9 de coop\u00e9ration franco-allemande, sign\u00e9 fin janvier \u00e0 Aix-la-Chapelle.<\/p>\n<p>Le porte-parole du gouvernement fran\u00e7ais Benjamin Griveaux a tent\u00e9 d\u2019en relativiser la port\u00e9e lundi en parlant de seulement \u00ab\u00a0trois points de divergence\u00a0\u00bb sur le rejet du salaire minimum, le si\u00e8ge \u00e0 l\u2019ONU et le Parlement europ\u00e9en \u00e0 Strasbourg. Mais \u00ab\u00a0ce n\u2019est pas le projet que nous portons\u00a0\u00bb, a-t-il ajout\u00e9.<\/p>\n<p>La ministre fran\u00e7aise des Affaires europ\u00e9ennes, Nathalie Loiseau, a elle clairement critiqu\u00e9 le refus par la droite allemande de la communautarisation des dettes. \u00ab\u00a0Quand je continue \u00e0 entendre qu\u2019il ne faut pas mutualiser les risques, \u00e7a veut dire on ne bouge pas, on ne change rien et \u00e0 la prochaine crise dans la panique on s\u2019apercevra qu\u2019il faut faire quelque chose\u00a0\u00bb, a-t-elle dit lundi, interrog\u00e9e par France Inter\/Le Monde\/France T\u00e9l\u00e9visions.<\/p>\n<\/div>\n<p>Auteur: AFP<br \/>\n<a href=\"https:\/\/www.journalducameroun.com\/fr\/merkel-prend-ses-distances-avec-macron-sur-leurope\/\">Cliquez ici pour lire l&rsquo;article depuis sa source.<\/a><\/p>\n","protected":false},"excerpt":{"rendered":"<p>Publi\u00e9 le 11.03.2019 \u00e0 19h50 par AFP Un mois et demi seulement apr\u00e8s avoir c\u00e9l\u00e9br\u00e9 en grande pompe leur coop\u00e9ration avec un nouveau trait\u00e9 franco-allemand, Angela Merkel et Emmanuel Macron affichent leurs divergences sur l\u2019avenir de l\u2019Europe \u00e0 l\u2019approche des \u00e9lections de mai. La chanceli\u00e8re allemande a apport\u00e9 lundi publiquement son soutien \u00e0 des propositions [&hellip;]<\/p>\n","protected":false},"author":1965,"featured_media":0,"comment_status":"closed","ping_status":"closed","sticky":false,"template":"","format":"standard","meta":{"fifu_image_url":"","fifu_image_alt":"","footnotes":""},"categories":[73,82],"tags":[],"class_list":["post-21160","post","type-post","status-publish","format-standard","hentry","category-actualite","category-cameroun"],"_links":{"self":[{"href":"https:\/\/linitiative.ca\/International\/wp-json\/wp\/v2\/posts\/21160","targetHints":{"allow":["GET"]}}],"collection":[{"href":"https:\/\/linitiative.ca\/International\/wp-json\/wp\/v2\/posts"}],"about":[{"href":"https:\/\/linitiative.ca\/International\/wp-json\/wp\/v2\/types\/post"}],"author":[{"embeddable":true,"href":"https:\/\/linitiative.ca\/International\/wp-json\/wp\/v2\/users\/1965"}],"replies":[{"embeddable":true,"href":"https:\/\/linitiative.ca\/International\/wp-json\/wp\/v2\/comments?post=21160"}],"version-history":[{"count":0,"href":"https:\/\/linitiative.ca\/International\/wp-json\/wp\/v2\/posts\/21160\/revisions"}],"wp:attachment":[{"href":"https:\/\/linitiative.ca\/International\/wp-json\/wp\/v2\/media?parent=21160"}],"wp:term":[{"taxonomy":"category","embeddable":true,"href":"https:\/\/linitiative.ca\/International\/wp-json\/wp\/v2\/categories?post=21160"},{"taxonomy":"post_tag","embeddable":true,"href":"https:\/\/linitiative.ca\/International\/wp-json\/wp\/v2\/tags?post=21160"}],"curies":[{"name":"wp","href":"https:\/\/api.w.org\/{rel}","templated":true}]}}