{"id":21182,"date":"2019-03-11T18:04:07","date_gmt":"2019-03-11T22:04:07","guid":{"rendered":"https:\/\/linitiative.ca\/International\/sept-individus-arretes-pour-leurs-liens-presumes-avec-des-reseaux-criminels-sactivant-dans-lorganisation-de-la-migration-illegale\/"},"modified":"2019-03-11T18:04:07","modified_gmt":"2019-03-11T22:04:07","slug":"sept-individus-arretes-pour-leurs-liens-presumes-avec-des-reseaux-criminels-sactivant-dans-lorganisation-de-la-migration-illegale","status":"publish","type":"post","link":"https:\/\/linitiative.ca\/International\/sept-individus-arretes-pour-leurs-liens-presumes-avec-des-reseaux-criminels-sactivant-dans-lorganisation-de-la-migration-illegale\/","title":{"rendered":"Sept individus arr\u00eat\u00e9s pour leurs liens pr\u00e9sum\u00e9s avec des r\u00e9seaux criminels s\u2019activant dans l\u2019organisation de la migration ill\u00e9gale"},"content":{"rendered":"<div class=\"single-featured\"><img alt=\"\" data-src=\"http:\/\/www.mapoujda.ma\/map\/uploads\/2019\/03\/DGSN-1.jpg\"\/><\/div>\n<div class=\"single-post-excerpt post-excerpt-bc\" readability=\"39\">\n<p>La brigade nationale de la police judiciaire a proc\u00e9d\u00e9, en coordination avec le service pr\u00e9fectoral de la police judiciaire d\u2019Oujda et les services de la Direction g\u00e9n\u00e9rale de la surveillance du territoire, \u00e0 l\u2019arrestation de sept suspects, dont deux Marocains et cinq subsahariens, pour leurs liens pr\u00e9sum\u00e9s avec des r\u00e9seaux criminels s\u2019activant dans l\u2019organisation de la migration ill\u00e9gale.<\/p>\n<\/div>\n<div class=\"entry-content clearfix single-post-content\" readability=\"52\">\n<p>Des interventions conjointes et simultan\u00e9es men\u00e9es lundi matin ont permis d\u2019interpeller les mis en cause dans la ville d\u2019Oujda et ses environs, ainsi que 81 candidats subsahariens \u00e0 la migration clandestine, dont 26 femmes et 7 enfants, indique la Direction g\u00e9n\u00e9rale de la s\u00fbret\u00e9 nationale (DGSN) dans un communiqu\u00e9.<\/p>\n<p>Les perquisitions effectu\u00e9es dans le cadre de ces op\u00e9rations ont permis la saisie de 4 voitures utilis\u00e9es dans le transport des candidats \u00e0 la migration clandestine, des armes blanches, des t\u00e9l\u00e9phones portables et des passeports des victimes de ces r\u00e9seaux criminels, selon la m\u00eame source.<\/p>\n<p>Les sept mis en cause ont \u00e9t\u00e9 soumis \u00e0 une enqu\u00eate judiciaire sous la supervision du parquet comp\u00e9tent en vue de d\u00e9finir les ramifications de ces r\u00e9seaux criminels au niveau national ou d\u2019\u00e9ventuel liens \u00e0 l\u2019\u00e9tranger, ainsi que d\u2019arr\u00eater l\u2019ensemble des individus impliqu\u00e9s dans ces activit\u00e9s, conclut le communiqu\u00e9.<\/p>\n<\/div>\n<p>Auteur: Soufiane ELAHMAR<br \/>\n<a href=\"http:\/\/www.mapoujda.ma\/fr\/sept-individus-arretes-pour-leurs-liens-presumes-avec-des-reseaux-criminels-sactivant-dans-lorganisation-de-la-migration-illegale\/\">Cliquez ici pour lire l&rsquo;article depuis sa source.<\/a><\/p>\n","protected":false},"excerpt":{"rendered":"<p>La brigade nationale de la police judiciaire a proc\u00e9d\u00e9, en coordination avec le service pr\u00e9fectoral de la police judiciaire d\u2019Oujda et les services de la Direction g\u00e9n\u00e9rale de la surveillance du territoire, \u00e0 l\u2019arrestation de sept suspects, dont deux Marocains et cinq subsahariens, pour leurs liens pr\u00e9sum\u00e9s avec des r\u00e9seaux criminels s\u2019activant dans l\u2019organisation de [&hellip;]<\/p>\n","protected":false},"author":1788,"featured_media":21187,"comment_status":"closed","ping_status":"closed","sticky":false,"template":"","format":"standard","meta":{"fifu_image_url":"","fifu_image_alt":"","footnotes":""},"categories":[54,76],"tags":[],"class_list":["post-21182","post","type-post","status-publish","format-standard","has-post-thumbnail","hentry","category-maroc","category-regions"],"_links":{"self":[{"href":"https:\/\/linitiative.ca\/International\/wp-json\/wp\/v2\/posts\/21182","targetHints":{"allow":["GET"]}}],"collection":[{"href":"https:\/\/linitiative.ca\/International\/wp-json\/wp\/v2\/posts"}],"about":[{"href":"https:\/\/linitiative.ca\/International\/wp-json\/wp\/v2\/types\/post"}],"author":[{"embeddable":true,"href":"https:\/\/linitiative.ca\/International\/wp-json\/wp\/v2\/users\/1788"}],"replies":[{"embeddable":true,"href":"https:\/\/linitiative.ca\/International\/wp-json\/wp\/v2\/comments?post=21182"}],"version-history":[{"count":0,"href":"https:\/\/linitiative.ca\/International\/wp-json\/wp\/v2\/posts\/21182\/revisions"}],"wp:featuredmedia":[{"embeddable":true,"href":"https:\/\/linitiative.ca\/International\/wp-json\/"}],"wp:attachment":[{"href":"https:\/\/linitiative.ca\/International\/wp-json\/wp\/v2\/media?parent=21182"}],"wp:term":[{"taxonomy":"category","embeddable":true,"href":"https:\/\/linitiative.ca\/International\/wp-json\/wp\/v2\/categories?post=21182"},{"taxonomy":"post_tag","embeddable":true,"href":"https:\/\/linitiative.ca\/International\/wp-json\/wp\/v2\/tags?post=21182"}],"curies":[{"name":"wp","href":"https:\/\/api.w.org\/{rel}","templated":true}]}}