{"id":21193,"date":"2019-03-11T18:12:31","date_gmt":"2019-03-11T22:12:31","guid":{"rendered":"https:\/\/linitiative.ca\/International\/la-marine-royale-pourchasse-et-arraisonne-un-cormoran-rapide-suspecte-de-trafic-de-stupefiants\/"},"modified":"2019-03-11T18:12:31","modified_gmt":"2019-03-11T22:12:31","slug":"la-marine-royale-pourchasse-et-arraisonne-un-cormoran-rapide-suspecte-de-trafic-de-stupefiants","status":"publish","type":"post","link":"https:\/\/linitiative.ca\/International\/la-marine-royale-pourchasse-et-arraisonne-un-cormoran-rapide-suspecte-de-trafic-de-stupefiants\/","title":{"rendered":"La Marine Royale pourchasse et arraisonne un cormoran rapide suspect\u00e9 de trafic de stup\u00e9fiants"},"content":{"rendered":"<div class=\"single-featured\"><img alt=\"\u0647\u062c\u0631\u0629 \u0633\u0631\u064a\u0629: \u0627\u0644\u0628\u062d\u0631\u064a\u0629 \u0627\u0644\u0645\u0644\u0643\u064a\u0629 \u062a\u0642\u062f\u0645 \u0627\u0644\u0645\u0633\u0627\u0639\u062f\u0629 \u0644\u0640202 \u0645\u0631\u0634\u062d\u0627 \u0625\u0641\u0631\u064a\u0642\u064a\u0627 \u0628\u0639\u0631\u0636 \u0627\u0644\u0645\u062a\u0648\u0633\u0637\" data-src=\"http:\/\/www.mapoujda.ma\/map\/uploads\/2018\/12\/la-Marine-royale-et-l\u00e9migration-clandestine-nador-1.jpg\"\/><\/div>\n<div class=\"single-post-excerpt post-excerpt-bc\" readability=\"42\">\n<p>Un garde c\u00f4tes appuy\u00e9 par un h\u00e9licopt\u00e8re de la Marine Royale a proc\u00e9d\u00e9, lundi, lors d\u2019une op\u00e9ration de patrouille en M\u00e9diterran\u00e9e, \u00e0 l\u2019arraisonnement, au nord-est de Ras Kebdana, d\u2019un cormoran rapide et \u00e0 l\u2019arrestation de son pilote, \u00e0 l\u2019issue d\u2019une course poursuite, apprend-on de source militaire.<\/p>\n<\/div>\n<div class=\"entry-content clearfix single-post-content\" readability=\"36\">\n<p>Soup\u00e7onn\u00e9 de trafic de stup\u00e9fiants, ledit moyen nautique arraisonn\u00e9 et le d\u00e9linquant arr\u00eat\u00e9 ont \u00e9t\u00e9 remis \u00e0 la brigade maritime de la Gendarmerie Royale de Nador pour proc\u00e9dures d\u2019usage, selon la m\u00eame source.<\/p>\n<\/div>\n<p>Auteur: Soufiane ELAHMAR<br \/>\n<a href=\"http:\/\/www.mapoujda.ma\/fr\/la-marine-royale-pourchasse-et-arraisonne-un-cormoran-rapide-suspecte-de-trafic-de-stupefiants\/\">Cliquez ici pour lire l&rsquo;article depuis sa source.<\/a><\/p>\n","protected":false},"excerpt":{"rendered":"<p>Un garde c\u00f4tes appuy\u00e9 par un h\u00e9licopt\u00e8re de la Marine Royale a proc\u00e9d\u00e9, lundi, lors d\u2019une op\u00e9ration de patrouille en M\u00e9diterran\u00e9e, \u00e0 l\u2019arraisonnement, au nord-est de Ras Kebdana, d\u2019un cormoran rapide et \u00e0 l\u2019arrestation de son pilote, \u00e0 l\u2019issue d\u2019une course poursuite, apprend-on de source militaire. Soup\u00e7onn\u00e9 de trafic de stup\u00e9fiants, ledit moyen nautique arraisonn\u00e9 [&hellip;]<\/p>\n","protected":false},"author":1788,"featured_media":21197,"comment_status":"closed","ping_status":"closed","sticky":false,"template":"","format":"standard","meta":{"fifu_image_url":"","fifu_image_alt":"","footnotes":""},"categories":[54,76],"tags":[],"class_list":["post-21193","post","type-post","status-publish","format-standard","has-post-thumbnail","hentry","category-maroc","category-regions"],"_links":{"self":[{"href":"https:\/\/linitiative.ca\/International\/wp-json\/wp\/v2\/posts\/21193","targetHints":{"allow":["GET"]}}],"collection":[{"href":"https:\/\/linitiative.ca\/International\/wp-json\/wp\/v2\/posts"}],"about":[{"href":"https:\/\/linitiative.ca\/International\/wp-json\/wp\/v2\/types\/post"}],"author":[{"embeddable":true,"href":"https:\/\/linitiative.ca\/International\/wp-json\/wp\/v2\/users\/1788"}],"replies":[{"embeddable":true,"href":"https:\/\/linitiative.ca\/International\/wp-json\/wp\/v2\/comments?post=21193"}],"version-history":[{"count":0,"href":"https:\/\/linitiative.ca\/International\/wp-json\/wp\/v2\/posts\/21193\/revisions"}],"wp:featuredmedia":[{"embeddable":true,"href":"https:\/\/linitiative.ca\/International\/wp-json\/"}],"wp:attachment":[{"href":"https:\/\/linitiative.ca\/International\/wp-json\/wp\/v2\/media?parent=21193"}],"wp:term":[{"taxonomy":"category","embeddable":true,"href":"https:\/\/linitiative.ca\/International\/wp-json\/wp\/v2\/categories?post=21193"},{"taxonomy":"post_tag","embeddable":true,"href":"https:\/\/linitiative.ca\/International\/wp-json\/wp\/v2\/tags?post=21193"}],"curies":[{"name":"wp","href":"https:\/\/api.w.org\/{rel}","templated":true}]}}