{"id":21201,"date":"2019-03-12T07:56:24","date_gmt":"2019-03-12T11:56:24","guid":{"rendered":"https:\/\/linitiative.ca\/International\/environnement-et-citoyennete-theme-dune-journee-detude-le-19-mars-a-nador\/"},"modified":"2019-03-12T07:56:24","modified_gmt":"2019-03-12T11:56:24","slug":"environnement-et-citoyennete-theme-dune-journee-detude-le-19-mars-a-nador","status":"publish","type":"post","link":"https:\/\/linitiative.ca\/International\/environnement-et-citoyennete-theme-dune-journee-detude-le-19-mars-a-nador\/","title":{"rendered":"Environnement et citoyennet\u00e9, th\u00e8me d\u2019une journ\u00e9e d\u2019\u00e9tude le 19 mars \u00e0 Nador"},"content":{"rendered":"<div class=\"single-featured\"><img alt=\"\" data-src=\"http:\/\/www.mapoujda.ma\/map\/uploads\/2019\/01\/Facult\u00e9-pluridisciplinaire-de-Nador.jpg\"\/><\/div>\n<div class=\"single-post-excerpt post-excerpt-bc\" readability=\"36\">\n<p>La Facult\u00e9 pluridisciplinaire de Nador (FPN) organise, le 19 mars, une journ\u00e9e d\u2019\u00e9tude ax\u00e9e sur l\u2019environnement et sa relation avec la citoyennet\u00e9 et sur les moyens \u00e0 m\u00eame de contribuer \u00e0 la pr\u00e9servation de l\u2019environnement.<\/p>\n<\/div>\n<div class=\"entry-content clearfix single-post-content\" readability=\"53\">\n<p>Initi\u00e9e par l\u2019Association des enseignants chercheurs de l\u2019Universit\u00e9 Mohammed Premier (UMP), cette journ\u00e9e s\u2019assigne pour objectifs de sensibiliser les \u00e9tudiants \u00e0 l\u2019importance de leur environnement et d\u2019encourager la cr\u00e9ation d\u2019actions locales visant la protection de l\u2019environnement, a indiqu\u00e9 la FPN sur son site internet.<\/p>\n<p>L\u2019\u00e9ducation \u00e0 l\u2019environnement s\u2019av\u00e8re une des pierres angulaires susceptibles de r\u00e9soudre les diff\u00e9rents probl\u00e8mes environnementaux auxquels le monde fait face, ajoute la m\u00eame source, insistant sur la n\u00e9cessit\u00e9 de d\u00e9velopper la culture environnementale d\u00e8s le plus jeune \u00e2ge et de placer l\u2019\u00e9ducation verte en priorit\u00e9 de haute importance.<\/p>\n<p>Au menu de cette journ\u00e9e figurent des s\u00e9minaires et conf\u00e9rences autour de divers th\u00e8mes notamment \u00abl\u2019importance de l\u2019engagement des femmes dans le d\u00e9veloppement durable\u00bb, \u00ables zones humides, exemple de Nador\u00bb et \u00abla sensibilisation \u00e0 l\u2019environnement\u00bb, ainsi que des ateliers ax\u00e9s sur \u00abl\u2019environnement et l\u2019expression de l\u2019art visuel et auditif\u00bb et \u00abenvironnement, d\u00e9fis et contraintes\u00bb.<\/p>\n<\/div>\n<p>Auteur: Soufiane ELAHMAR<br \/>\n<a href=\"http:\/\/www.mapoujda.ma\/fr\/environnement-et-citoyennete-theme-dune-journee-detude-le-19-mars-a-nador\/\">Cliquez ici pour lire l&rsquo;article depuis sa source.<\/a><\/p>\n","protected":false},"excerpt":{"rendered":"<p>La Facult\u00e9 pluridisciplinaire de Nador (FPN) organise, le 19 mars, une journ\u00e9e d\u2019\u00e9tude ax\u00e9e sur l\u2019environnement et sa relation avec la citoyennet\u00e9 et sur les moyens \u00e0 m\u00eame de contribuer \u00e0 la pr\u00e9servation de l\u2019environnement. Initi\u00e9e par l\u2019Association des enseignants chercheurs de l\u2019Universit\u00e9 Mohammed Premier (UMP), cette journ\u00e9e s\u2019assigne pour objectifs de sensibiliser les \u00e9tudiants [&hellip;]<\/p>\n","protected":false},"author":1788,"featured_media":21203,"comment_status":"closed","ping_status":"closed","sticky":false,"template":"","format":"standard","meta":{"fifu_image_url":"","fifu_image_alt":"","footnotes":""},"categories":[54,76],"tags":[],"class_list":["post-21201","post","type-post","status-publish","format-standard","has-post-thumbnail","hentry","category-maroc","category-regions"],"_links":{"self":[{"href":"https:\/\/linitiative.ca\/International\/wp-json\/wp\/v2\/posts\/21201","targetHints":{"allow":["GET"]}}],"collection":[{"href":"https:\/\/linitiative.ca\/International\/wp-json\/wp\/v2\/posts"}],"about":[{"href":"https:\/\/linitiative.ca\/International\/wp-json\/wp\/v2\/types\/post"}],"author":[{"embeddable":true,"href":"https:\/\/linitiative.ca\/International\/wp-json\/wp\/v2\/users\/1788"}],"replies":[{"embeddable":true,"href":"https:\/\/linitiative.ca\/International\/wp-json\/wp\/v2\/comments?post=21201"}],"version-history":[{"count":0,"href":"https:\/\/linitiative.ca\/International\/wp-json\/wp\/v2\/posts\/21201\/revisions"}],"wp:featuredmedia":[{"embeddable":true,"href":"https:\/\/linitiative.ca\/International\/wp-json\/"}],"wp:attachment":[{"href":"https:\/\/linitiative.ca\/International\/wp-json\/wp\/v2\/media?parent=21201"}],"wp:term":[{"taxonomy":"category","embeddable":true,"href":"https:\/\/linitiative.ca\/International\/wp-json\/wp\/v2\/categories?post=21201"},{"taxonomy":"post_tag","embeddable":true,"href":"https:\/\/linitiative.ca\/International\/wp-json\/wp\/v2\/tags?post=21201"}],"curies":[{"name":"wp","href":"https:\/\/api.w.org\/{rel}","templated":true}]}}