{"id":21205,"date":"2019-03-12T08:50:02","date_gmt":"2019-03-12T12:50:02","guid":{"rendered":"https:\/\/linitiative.ca\/International\/la-cheffe-de-la-diplomatie-autrichienne-prone-des-liens-forts-avec-moscou\/"},"modified":"2019-03-12T08:50:02","modified_gmt":"2019-03-12T12:50:02","slug":"la-cheffe-de-la-diplomatie-autrichienne-prone-des-liens-forts-avec-moscou","status":"publish","type":"post","link":"https:\/\/linitiative.ca\/International\/la-cheffe-de-la-diplomatie-autrichienne-prone-des-liens-forts-avec-moscou\/","title":{"rendered":"La cheffe de la diplomatie autrichienne pr\u00f4ne des \u00ab\u00a0liens forts\u00a0\u00bb avec Moscou"},"content":{"rendered":"<div readability=\"32\">\n<p>Publi\u00e9 le 12.03.2019 \u00e0 13h50 par AFP<\/p>\n<\/div>\n<div readability=\"102\">\n<p>La ministre autrichienne des Affaires \u00e9trang\u00e8res, Karin Kneissl, a pr\u00f4n\u00e9 mardi le maintien de \u00ab\u00a0liens forts\u00a0\u00bb avec la Russie, \u00e0 l\u2019occasion d\u2019une rencontre avec son homologue russe Sergue\u00ef Lavrov \u00e0 Moscou.<\/p>\n<p>La ministre apparent\u00e9e au parti d\u2019extr\u00eame droite FP\u00d6, qui avait fait scandale en ao\u00fbt dernier en valsant avec le pr\u00e9sident russe Vladimir Poutine \u00e0 son mariage au moment o\u00f9 son pays pr\u00e9sidait l\u2019Union europ\u00e9enne, a fait l\u2019\u00e9loge des \u00ab\u00a0relations bilat\u00e9rales traditionnellement excellentes\u00a0\u00bb entre Moscou et Vienne.<\/p>\n<p>\u00ab\u00a0Nous suivons les principes de l\u2019Union europ\u00e9enne\u00a0\u00bb qui a introduit une s\u00e9rie de sanctions contre Moscou depuis 2014 en raison de son r\u00f4le pr\u00e9sum\u00e9 dans le conflit ukrainien, \u00ab\u00a0mais en m\u00eame temps, nous essayons de maintenir des liens forts avec la Russie\u00a0\u00bb, a soulign\u00e9 Mme Kneissl, selon ses propos traduits en russe.<\/p>\n<p>L\u2019Autriche envisage notamment d\u2019ouvrir un consulat g\u00e9n\u00e9ral \u00e0 Saint-P\u00e9tersbourg, deuxi\u00e8me ville de Russie (nord-ouest), et un consulat honoraire \u00e0 Novossibirsk, en Sib\u00e9rie, a-t-elle pr\u00e9cis\u00e9.<\/p>\n<p>\u00ab\u00a0L\u2019Autriche reste un partenaire \u00e9conomique important pour la Russie\u00a0\u00bb, a assur\u00e9 pour sa part Sergue\u00ef Lavrov.<\/p>\n<p>\u00ab\u00a0Nous sommes satisfaits des r\u00e9sultats des pourparlers et nous allons poursuivre des contacts \u00e9troits\u00a0\u00bb, a-t-il ajout\u00e9.<\/p>\n<p>La visite de la cheffe de la diplomatie autrichienne intervient quatre mois apr\u00e8s un scandale d\u2019espionnage en Autriche o\u00f9 un ancien colonel a \u00e9t\u00e9 accus\u00e9 d\u2019avoir travaill\u00e9 pendant des d\u00e9cennies pour les services sp\u00e9ciaux russes.<\/p>\n<p><ins data-revive-zoneid=\"9\" data-revive-id=\"10111e19d28d19d031742ee3b0b33eb0\"\/> <\/p>\n<p>R\u00e9v\u00e9l\u00e9e d\u00e9but novembre par le chancelier conservateur Sebastian Kurz, qui a d\u00e9nonc\u00e9 un proc\u00e9d\u00e9 \u00ab\u00a0inacceptable\u00a0\u00bb, cette affaire a jet\u00e9 une ombre sur les relations austro-russes, jusque l\u00e0 empreintes de cordialit\u00e9.<\/p>\n<p>Karin Kneissl avait alors annul\u00e9 son d\u00e9placement pr\u00e9vu \u00e0 Moscou d\u00e9but d\u00e9cembre et le Kremlin a pour sa part d\u00e9plor\u00e9 la publicit\u00e9 donn\u00e9e \u00e0 cette affaire.<\/p>\n<p>Mardi, Mme Kneissl a assur\u00e9 que ce scandale n\u2019aurait pas d\u2019impact sur les relations entre Moscou et Vienne. \u00ab\u00a0Aujourd\u2019hui, on a tr\u00e8s bien senti qu\u2019on pouvait s\u00e9parer une chose de l\u2019autre\u00a0\u00bb, a soulign\u00e9 la ministre autrichienne.<\/p>\n<p>La participation de M. Poutine au mariage de Mme Kneissl avait par ailleurs suscit\u00e9 en ao\u00fbt la consternation de la presse et de l\u2019opposition autrichiennes, qui avaient \u00e9voqu\u00e9 les dommages qu\u2019elle pourraient causer \u00e0 l\u2019image de neutralit\u00e9 de l\u2019Autriche.<\/p>\n<p>Vladimir Poutine avait pour sa part d\u00e9fendu un voyage \u00ab\u00a0strictement priv\u00e9\u00a0\u00bb en Autriche.<\/p>\n<p>Le parti FP\u00d6, qui a nomm\u00e9 Karin Kneissl \u00e0 la t\u00eate de la diplomatie autrichienne, a un accord de coop\u00e9ration avec le parti Russie unie de M. Poutine depuis 2016.<\/p>\n<\/div>\n<p>Auteur: AFP<br \/>\n<a href=\"https:\/\/www.journalducameroun.com\/fr\/la-cheffe-de-la-diplomatie-autrichienne-prone-des-liens-forts-avec-moscou\/\">Cliquez ici pour lire l&rsquo;article depuis sa source.<\/a><\/p>\n","protected":false},"excerpt":{"rendered":"<p>Publi\u00e9 le 12.03.2019 \u00e0 13h50 par AFP La ministre autrichienne des Affaires \u00e9trang\u00e8res, Karin Kneissl, a pr\u00f4n\u00e9 mardi le maintien de \u00ab\u00a0liens forts\u00a0\u00bb avec la Russie, \u00e0 l\u2019occasion d\u2019une rencontre avec son homologue russe Sergue\u00ef Lavrov \u00e0 Moscou. La ministre apparent\u00e9e au parti d\u2019extr\u00eame droite FP\u00d6, qui avait fait scandale en ao\u00fbt dernier en valsant [&hellip;]<\/p>\n","protected":false},"author":1965,"featured_media":0,"comment_status":"closed","ping_status":"closed","sticky":false,"template":"","format":"standard","meta":{"fifu_image_url":"","fifu_image_alt":"","footnotes":""},"categories":[73,82],"tags":[],"class_list":["post-21205","post","type-post","status-publish","format-standard","hentry","category-actualite","category-cameroun"],"_links":{"self":[{"href":"https:\/\/linitiative.ca\/International\/wp-json\/wp\/v2\/posts\/21205","targetHints":{"allow":["GET"]}}],"collection":[{"href":"https:\/\/linitiative.ca\/International\/wp-json\/wp\/v2\/posts"}],"about":[{"href":"https:\/\/linitiative.ca\/International\/wp-json\/wp\/v2\/types\/post"}],"author":[{"embeddable":true,"href":"https:\/\/linitiative.ca\/International\/wp-json\/wp\/v2\/users\/1965"}],"replies":[{"embeddable":true,"href":"https:\/\/linitiative.ca\/International\/wp-json\/wp\/v2\/comments?post=21205"}],"version-history":[{"count":0,"href":"https:\/\/linitiative.ca\/International\/wp-json\/wp\/v2\/posts\/21205\/revisions"}],"wp:attachment":[{"href":"https:\/\/linitiative.ca\/International\/wp-json\/wp\/v2\/media?parent=21205"}],"wp:term":[{"taxonomy":"category","embeddable":true,"href":"https:\/\/linitiative.ca\/International\/wp-json\/wp\/v2\/categories?post=21205"},{"taxonomy":"post_tag","embeddable":true,"href":"https:\/\/linitiative.ca\/International\/wp-json\/wp\/v2\/tags?post=21205"}],"curies":[{"name":"wp","href":"https:\/\/api.w.org\/{rel}","templated":true}]}}