{"id":21220,"date":"2019-03-11T19:00:00","date_gmt":"2019-03-11T23:00:00","guid":{"rendered":"https:\/\/linitiative.ca\/International\/produits-industriels-nationaux-elaboration-prochaine-dun-guide\/"},"modified":"2019-03-11T19:00:00","modified_gmt":"2019-03-11T23:00:00","slug":"produits-industriels-nationaux-elaboration-prochaine-dun-guide","status":"publish","type":"post","link":"https:\/\/linitiative.ca\/International\/produits-industriels-nationaux-elaboration-prochaine-dun-guide\/","title":{"rendered":"Produits industriels  nationaux : \u00e9laboration prochaine d\u2019un guide"},"content":{"rendered":"<p>La cinqui\u00e8me \u00e9dition du Salon national invers\u00e9 de la sous-traitance (Sanist-2019), a \u00e9t\u00e9 inaugur\u00e9e hier, au Palais des expositions (Alger) par le secr\u00e9taire g\u00e9n\u00e9ral du minist\u00e8re de l&rsquo;Industrie et des Mines, Kheireddine Medjoubi. Ce Salon, qui a r\u00e9uni plus de 70 exposants, vise essentiellement la promotion, le d\u00e9veloppement et la protection de la production nationale, note la m\u00eame source. Il permettra en particulier aux donneurs d&rsquo;ordre de rencontrer de nouveaux receveurs d&rsquo;ordres, d&rsquo;accro\u00eetre l&rsquo;int\u00e9gration \u00e9conomique industrielle nationale et de renforcer le tissu industriel par le d\u00e9veloppement des fili\u00e8res concern\u00e9es. S\u2019exprimant \u00e0 cette occasion M. Medjoubi a fait savoir qu\u2019\u00abun guide des produits industriels nationaux sera \u00e9labor\u00e9 avant la fin du mois de mars courant\u00bb.\u00a0 Il pr\u00e9cisera dans ce sens qu\u2019actuellement le minist\u00e8re de l&rsquo;Industrie et des Mines est en train de d\u00e9ployer plus d\u2019efforts pour la finalisation de ce guide des produits industriels locaux avant la fin du mois en cours. Il a affirm\u00e9 \u00e0 cet effet que les catalogues de la production industrielle du secteur public sont d\u00e9j\u00e0 \u00e9labor\u00e9s, mais ceux du secteur priv\u00e9 sont en cours, reconnaissant cependant, qu\u2019il y a un manque de coop\u00e9ration de certains producteurs priv\u00e9s. Le repr\u00e9sentant du minist\u00e8re de l\u2019Industrie a estim\u00e9 qu\u2019afin d\u2019obliger les op\u00e9rateurs priv\u00e9s \u00e0 fournir les informations n\u00e9cessaires sur leur production physique, pour compl\u00e9ter le futur guide, le d\u00e9partement de l\u2019industrie a mis en place un \u00abdispositif l\u00e9gislatif\u00bb. Mettant \u00e0 profit cette occasion, il a soulign\u00e9 que l\u2019identification de la production nationale physique, permettra entre autres, au minist\u00e8re de l\u2019Industrie de contribuer davantage \u00e0 sa promotion et \u00e0 sa protection des m\u00e9faits de l&rsquo;importation, notamment \u00e0 travers l&rsquo;application du Droit additionnel provisoire de sauvegarde (DAPS). M. Medjoubi a rappel\u00e9 par ailleurs, que le minist\u00e8re de l\u2019Industrie a identifi\u00e9 12 fili\u00e8res strat\u00e9giques pour notre pays \u00e0 savoir, l\u2019industrie m\u00e9canique, p\u00e9trochimique, mini\u00e8re, etc. S\u2019agissant de l\u2019industrie m\u00e9canique, il a indiqu\u00e9 que celle-ci ne cesse, ces derni\u00e8res ann\u00e9es, de se d\u00e9velopper davantage et cela gr\u00e2ce \u00e0 la volont\u00e9 de l\u2019Etat. Il a ajout\u00e9 que \u00abbeaucoup d&rsquo;intrants sont d\u00e9j\u00e0 fabriqu\u00e9s localement qui vont donner un nouvel \u00e9lan \u00e0 cette fili\u00e8re\u00bb, il citera \u00e0 titre d\u2019exemple la sid\u00e9rurgie o\u00f9 le volume de la production nationale a atteint 5 millions de tonnes par ann\u00e9e et la p\u00e9trochimique o\u00f9 l\u2019Alg\u00e9rie est en cours de r\u00e9aliser des complexes industriels qui permettront, dit-il, \u00absans nul doute, la production et la baisse de la facture d\u2019importation des produits de plastiques et chimiques\u00bb.\u00a0\u00a0 Selon lui, l&rsquo;Alg\u00e9rie poss\u00e8de d\u2019\u00e9normes potentiels qui devraient lui permettre de devenir une puissance \u00e9conomique incontournable en Afrique.<br \/>\u00a0\u00a0\u00a0 \u00a0Makhlouf Ait Ziane<\/p>\n<p>Auteur: elmoudjahid<br \/>\n<a href=\"http:\/\/www.elmoudjahid.com\/fr\/actualites\/134686\">Cliquez ici pour lire l&rsquo;article depuis sa source.<\/a><\/p>\n","protected":false},"excerpt":{"rendered":"<p>La cinqui\u00e8me \u00e9dition du Salon national invers\u00e9 de la sous-traitance (Sanist-2019), a \u00e9t\u00e9 inaugur\u00e9e hier, au Palais des expositions (Alger) par le secr\u00e9taire g\u00e9n\u00e9ral du minist\u00e8re de l&rsquo;Industrie et des Mines, Kheireddine Medjoubi. Ce Salon, qui a r\u00e9uni plus de 70 exposants, vise essentiellement la promotion, le d\u00e9veloppement et la protection de la production nationale, [&hellip;]<\/p>\n","protected":false},"author":1744,"featured_media":0,"comment_status":"closed","ping_status":"closed","sticky":false,"template":"","format":"standard","meta":{"fifu_image_url":"","fifu_image_alt":"","footnotes":""},"categories":[73,53],"tags":[],"class_list":["post-21220","post","type-post","status-publish","format-standard","hentry","category-actualite","category-algerie"],"_links":{"self":[{"href":"https:\/\/linitiative.ca\/International\/wp-json\/wp\/v2\/posts\/21220","targetHints":{"allow":["GET"]}}],"collection":[{"href":"https:\/\/linitiative.ca\/International\/wp-json\/wp\/v2\/posts"}],"about":[{"href":"https:\/\/linitiative.ca\/International\/wp-json\/wp\/v2\/types\/post"}],"author":[{"embeddable":true,"href":"https:\/\/linitiative.ca\/International\/wp-json\/wp\/v2\/users\/1744"}],"replies":[{"embeddable":true,"href":"https:\/\/linitiative.ca\/International\/wp-json\/wp\/v2\/comments?post=21220"}],"version-history":[{"count":0,"href":"https:\/\/linitiative.ca\/International\/wp-json\/wp\/v2\/posts\/21220\/revisions"}],"wp:attachment":[{"href":"https:\/\/linitiative.ca\/International\/wp-json\/wp\/v2\/media?parent=21220"}],"wp:term":[{"taxonomy":"category","embeddable":true,"href":"https:\/\/linitiative.ca\/International\/wp-json\/wp\/v2\/categories?post=21220"},{"taxonomy":"post_tag","embeddable":true,"href":"https:\/\/linitiative.ca\/International\/wp-json\/wp\/v2\/tags?post=21220"}],"curies":[{"name":"wp","href":"https:\/\/api.w.org\/{rel}","templated":true}]}}