{"id":21235,"date":"2019-03-12T08:35:42","date_gmt":"2019-03-12T12:35:42","guid":{"rendered":"https:\/\/linitiative.ca\/International\/un-nouvel-ouvrage-sur-le-mariage-des-filles-mineures-au-maghreb\/"},"modified":"2019-03-12T08:35:42","modified_gmt":"2019-03-12T12:35:42","slug":"un-nouvel-ouvrage-sur-le-mariage-des-filles-mineures-au-maghreb","status":"publish","type":"post","link":"https:\/\/linitiative.ca\/International\/un-nouvel-ouvrage-sur-le-mariage-des-filles-mineures-au-maghreb\/","title":{"rendered":"Un nouvel ouvrage sur le mariage des filles mineures au Maghreb"},"content":{"rendered":"<header>\n<div class=\"entry-post-meta\">\n<div class=\"author-link\">Publi\u00e9 par <a itemprop=\"author\" itemscope=\"\" itemtype=\"https:\/\/schema.org\/Person\" href=\"http:\/\/aujourdhui.ma\/profile\/kaid\" rel=\"author\"><span itemprop=\"name\">ALM<\/span><\/a><\/div>\n<p>Date\u00a0:<time content=\"2019-03-12T13:35:42+00:00\" class=\"entry-date updated\" datetime=\"2019-03-12T13:35:42+00:00\">mars 12, 2019<\/time><\/p>\n<div class=\"entry-cat\">dans:<a href=\"http:\/\/aujourdhui.ma\/category\/culture\" rel=\"category tag\">Culture<\/a><\/div>\n<p>3Vues<\/p>\n<\/div>\n<\/header>\n<div class=\"entry-content clearfix\" readability=\"43\"><img decoding=\"async\" class=\"post_layout_5_img\" src=\"http:\/\/aujourdhui.ma\/wp-content\/uploads\/2019\/03\/livres-1.jpg?x29840\" alt=\"Un nouvel ouvrage sur le mariage des filles mineures au Maghreb\"\/><\/p>\n<p class=\"p1\"><span class=\"s1\"><span class=\"c4\"><strong>\u00abLe mariage des filles mineures au Maghreb : \u00e9tude comparative\u00bb est l\u2019intitul\u00e9 d\u2019un nouvel ouvrage collectif qui vient de para\u00eetre, sous la direction du chercheur marocain Moha Ennaji.<\/strong><\/span><\/span><span id=\"more-307100\"\/><\/p>\n<p class=\"p1\"><span class=\"s1\">\u00c9dit\u00e9e par le Centre Sud-Nord pour le dialogue interculturel \u00e0 F\u00e8s, cette nouvelle publication de format moyen (150 pages) comprend une dizaine de chapitres en langues fran\u00e7aise, anglaise et arabe. L\u2019ouvrage collectif, fruit d\u2019\u00e9tudes et de recherches de nombreux auteurs marocains et \u00e9trangers, se focalise sur <em>\u00ables causes et les cons\u00e9quences du mariage des filles mineures et les moyens \u00e0 mettre en \u0153uvre pour combattre ce fl\u00e9au social qui ravage plusieurs soci\u00e9t\u00e9s africaines et musulmanes\u00bb.<\/em><\/span><\/p>\n<\/div>\n<p>Auteur: ALM<br \/>\n<a href=\"http:\/\/aujourdhui.ma\/culture\/un-nouvel-ouvrage-sur-le-mariage-des-filles-mineures-au-maghreb\">Cliquez ici pour lire l&rsquo;article depuis sa source.<\/a><\/p>\n","protected":false},"excerpt":{"rendered":"<p>Publi\u00e9 par ALM Date\u00a0:mars 12, 2019 dans:Culture 3Vues \u00abLe mariage des filles mineures au Maghreb : \u00e9tude comparative\u00bb est l\u2019intitul\u00e9 d\u2019un nouvel ouvrage collectif qui vient de para\u00eetre, sous la direction du chercheur marocain Moha Ennaji. \u00c9dit\u00e9e par le Centre Sud-Nord pour le dialogue interculturel \u00e0 F\u00e8s, cette nouvelle publication de format moyen (150 pages) [&hellip;]<\/p>\n","protected":false},"author":1759,"featured_media":0,"comment_status":"closed","ping_status":"closed","sticky":false,"template":"","format":"standard","meta":{"fifu_image_url":"","fifu_image_alt":"","footnotes":""},"categories":[73,54],"tags":[],"class_list":["post-21235","post","type-post","status-publish","format-standard","hentry","category-actualite","category-maroc"],"_links":{"self":[{"href":"https:\/\/linitiative.ca\/International\/wp-json\/wp\/v2\/posts\/21235","targetHints":{"allow":["GET"]}}],"collection":[{"href":"https:\/\/linitiative.ca\/International\/wp-json\/wp\/v2\/posts"}],"about":[{"href":"https:\/\/linitiative.ca\/International\/wp-json\/wp\/v2\/types\/post"}],"author":[{"embeddable":true,"href":"https:\/\/linitiative.ca\/International\/wp-json\/wp\/v2\/users\/1759"}],"replies":[{"embeddable":true,"href":"https:\/\/linitiative.ca\/International\/wp-json\/wp\/v2\/comments?post=21235"}],"version-history":[{"count":0,"href":"https:\/\/linitiative.ca\/International\/wp-json\/wp\/v2\/posts\/21235\/revisions"}],"wp:attachment":[{"href":"https:\/\/linitiative.ca\/International\/wp-json\/wp\/v2\/media?parent=21235"}],"wp:term":[{"taxonomy":"category","embeddable":true,"href":"https:\/\/linitiative.ca\/International\/wp-json\/wp\/v2\/categories?post=21235"},{"taxonomy":"post_tag","embeddable":true,"href":"https:\/\/linitiative.ca\/International\/wp-json\/wp\/v2\/tags?post=21235"}],"curies":[{"name":"wp","href":"https:\/\/api.w.org\/{rel}","templated":true}]}}