{"id":21237,"date":"2019-03-11T19:00:00","date_gmt":"2019-03-11T23:00:00","guid":{"rendered":"https:\/\/linitiative.ca\/International\/m-gaid-salah-a-lecole-nationale-preparatoire-aux-etudes-dingeniorat-une-armee-professionnelle-agissant-dans-le-cadre-des-lois-de-la-republique\/"},"modified":"2019-03-11T19:00:00","modified_gmt":"2019-03-11T23:00:00","slug":"m-gaid-salah-a-lecole-nationale-preparatoire-aux-etudes-dingeniorat-une-armee-professionnelle-agissant-dans-le-cadre-des-lois-de-la-republique","status":"publish","type":"post","link":"https:\/\/linitiative.ca\/International\/m-gaid-salah-a-lecole-nationale-preparatoire-aux-etudes-dingeniorat-une-armee-professionnelle-agissant-dans-le-cadre-des-lois-de-la-republique\/","title":{"rendered":"M. Ga\u00efd Salah, \u00e0 l\u2019\u00e9cole nationale pr\u00e9paratoire aux \u00e9tudes d\u2019ing\u00e9niorat : \u00ab Une arm\u00e9e professionnelle agissant dans le cadre des lois de la R\u00e9publique \u00bb"},"content":{"rendered":"<p><strong>Le g\u00e9n\u00e9ral de corps d&rsquo;Arm\u00e9e, Ahmed Ga\u00efd Salah, vice-ministre de la D\u00e9fense nationale, chef d&rsquo;\u00e9tat-major de l&rsquo;Arm\u00e9e nationale populaire (ANP), a mis l&rsquo;accent sur l&rsquo;importance d&rsquo;une arm\u00e9e professionnelle qui agit conform\u00e9ment aux lois de la R\u00e9publique et \u0153uvre \u00e0 la pr\u00e9servation de la confiance de son peuple, a indiqu\u00e9 un communiqu\u00e9 du minist\u00e8re de la D\u00e9fense nationale (MDN).<\/strong><\/p>\n<p>Dans son allocution, lors de la r\u00e9union annuelle des cadres de l&rsquo;appareil de formation de l&rsquo;ANP, qui s&rsquo;est tenue \u00e0 l&rsquo;\u00c9cole nationale pr\u00e9paratoire aux \u00e9tudes d&rsquo;ing\u00e9niorat \u00e0 Alger, M. Ga\u00efd Salah a mis en exergue l&rsquo;importance d&rsquo;\u00abune Arm\u00e9e professionnelle\u00a0 par sa performance et son raisonnement, qui agit conform\u00e9ment aux dispositions des lois de la R\u00e9publique, selon l&rsquo;envergure et la nature des missions qui lui sont assign\u00e9es, professionnelle \u00e9galement, par l&rsquo;assimilation des param\u00e8tres \u00e0 m\u00eame de pr\u00e9server en permanence le capital confiance de son peuple\u00bb. Il a mis l&rsquo;accent, \u00e0 cette occasion, sur les \u00abgrands pas\u00bb franchis par l&rsquo;appareil de formation, gr\u00e2ce \u00e0 l&rsquo;appui \u00abconstant et continu\u00bb accord\u00e9 \u00e0 ce secteur dans l&rsquo;ensemble des domaines et sp\u00e9cialit\u00e9s. \u00abLa grande valeur et l&rsquo;estime que nous accordons, au sein de l&rsquo;ANP, au savoir et \u00e0 la science, repr\u00e9sentent la feuille de route dont nous suivons la teneur, avec une rationalit\u00e9 et pers\u00e9v\u00e9rance extr\u00eames, en vue de permettre \u00e0 notre appareil de formation, avec tous ses \u00e9tablissements et ses structures, d&rsquo;accomplir les nobles missions qui lui sont assign\u00e9es\u00bb, a soulign\u00e9 M. Ga\u00efd Salah. Il s&rsquo;agit, a-t-il pr\u00e9cis\u00e9, \u00abdes missions qui consistent, principalement, \u00e0 former une \u00e9lite de cadres pluridisciplinaires, capable de suivre et de s&rsquo;adapter aux \u00e9volutions scientifiques et technologiques, et d&#8217;emprunter les multiples voies permettant de s&rsquo;ouvrir davantage sur l&rsquo;avenir, avec une vision clairvoyante \u00e0 m\u00eame d&rsquo;envisager l&rsquo;avenir et de mieux d\u00e9celer ses exigences, afin d&rsquo;atteindre les objectifs escompt\u00e9s\u00bb. \u00abEn effet, tout ce qui a \u00e9t\u00e9 r\u00e9alis\u00e9, jusqu&rsquo;\u00e0 pr\u00e9sent, dans le domaine de la science, de la connaissance et de la formation, est d&rsquo;une extr\u00eame importance, et une source de satisfaction ; cependant, les ambitions de l&rsquo;ANP, qui sont \u00e9galement celles de l&rsquo;Alg\u00e9rie et de son peuple, l&rsquo;incitent constamment \u00e0 \u00eatre \u00e0 la hauteur des lourdes responsabilit\u00e9s qui lui sont d\u00e9volues, lesquelles requi\u00e8rent l&rsquo;identification des comp\u00e9tences \u00e0 m\u00eame de les assumer d&rsquo;une mani\u00e8re parfaite et compl\u00e8te\u00bb, a-t-il fait observer. Ainsi, \u00abnous estimons que la science, le savoir et la formation ad\u00e9quate constituent les moyens idoines pour atteindre nos objectifs. De ce fait, se mettre au diapason de l&rsquo;\u00e9volution qu&rsquo;ont connue les arm\u00e9es modernes dans le monde d&rsquo;aujourd&rsquo;hui, et suivre sa cadence en toute connaissance, conscience et discernement seront l&rsquo;objectif l\u00e9gitime et ambitieux que vous devrez atteindre, avec l&rsquo;aide de Dieu, gr\u00e2ce \u00e0 la volont\u00e9 et \u00e0 la d\u00e9termination qui vous animent\u00bb, a ajout\u00e9 le chef d&rsquo;\u00e9tat-major de l&rsquo;ANP. Dans ce cadre, \u00abil convient de souligner que l&rsquo;un des facteurs importants ayant contribu\u00e9 au succ\u00e8s du processus p\u00e9dagogique de notre appareil de formation est son souci permanent de faire partie int\u00e9grante du syst\u00e8me \u00e9ducatif national, de faire corps avec les valeurs de son peuple et les fondements de son identit\u00e9 nationale, faisant ainsi de lui un des \u00e9l\u00e9ments qui contribuent \u00e0 la promotion du secteur de l&rsquo;\u00e9ducation et de l&rsquo;enseignement dans notre pays, dans sa conception militaire, adapt\u00e9e aux sp\u00e9cificit\u00e9s de la profession militaire et de ses besoins urgents\u00bb, a-t-il soutenu. Le g\u00e9n\u00e9ral de corps d&rsquo;Arm\u00e9e a mis en \u00e9vidence, \u00e9galement, qu&rsquo;\u00abil est certain que la facilit\u00e9 qui caract\u00e9rise l&rsquo;int\u00e9gration des nouvelles recrues dans le cursus p\u00e9dagogique et de formation, dispens\u00e9 dans les rangs de l&rsquo;ANP, est la meilleure preuve de la coh\u00e9rence entre l&rsquo;environnement professionnel militaire et le vivier populaire, d&rsquo;o\u00f9 notre appareil de formation puise sa composante humaine\u00bb.<br \/>Le chef d&rsquo;\u00e9tat-major de l&rsquo;ANP a, par la m\u00eame occasion, \u00absalu\u00e9 la qualit\u00e9 de la ressource humaine \u00e9lite, issue des diff\u00e9rents \u00e9tablissements de formation militaires, atteinte, gr\u00e2ce \u00e0 la clairvoyance de la strat\u00e9gie adopt\u00e9e qui repose sur une vision et des objectifs de court, moyen et long termes, et gr\u00e2ce aussi \u00e0 la dotation de ces \u00e9tablissements de formation de moyens p\u00e9dagogiques modernes, d&rsquo;une s\u00e9lection d&rsquo;encadreurs et de formateurs hautement qualifi\u00e9s, conscients de leur lourde responsabilit\u00e9\u00bb. Il a soulign\u00e9, \u00e0 ce propos, que \u00abcette ressource humaine \u00e9lite, par laquelle l&rsquo;ANP pr\u00e9servera ses principes et sa ligne de conduite, consid\u00e8re le travail consciencieux et d\u00e9vou\u00e9 comme une valeur sacr\u00e9e, mais \u00e9galement comme le meilleur moyen, pour acc\u00e9der \u00e0 plus de puissance et \u00e0 davantage de d\u00e9veloppement dans tous les domaines et secteurs\u00bb. \u00abUne Arm\u00e9e qui porte une vision globale et clairvoyante sur les int\u00e9r\u00eats supr\u00eames du pays, fait que cette nation soit entre de bonnes mains, qui estiment ce legs \u00e0 sa juste valeur, savent honorer le serment, valorisent le travail noble et honorable, tel que le m\u00e9ritent cette terre sainte et ses valeureux martyrs\u00bb, a-t-il relev\u00e9. Pour cela, a fait savoir le g\u00e9n\u00e9ral de corps d&rsquo;Arm\u00e9e, \u00abl&rsquo;ANP continue de consid\u00e9rer le travail assidu, soigneux et d\u00e9vou\u00e9 \u00e0 Allah le Tout-Puissant et \u00e0 la patrie, son moyen principal qui lui permet de s&rsquo;adapter en permanence aux imp\u00e9ratifs des int\u00e9r\u00eats supr\u00eames de la nation et de veiller \u00e0 leur garantie, ce qui requiert, n\u00e9cessairement, un sens \u00e9lev\u00e9 de la responsabilit\u00e9 et du devoir envers le peuple et la patrie\u00bb.<\/p>\n<p><strong>Porter une vision globale et clairvoyante sur les int\u00e9r\u00eats supr\u00eames du pays<\/strong><\/p>\n<p>\u00ab\u00c0 la lumi\u00e8re de cette vision sage et clairvoyante, notre appareil de formation ne se limite pas, uniquement, \u00e0 satisfaire les volets d&rsquo;enseignement et de formation, mais \u0153uvre, inlassablement, \u00e0 prendre en charge l&rsquo;aspect de sensibilisation, l&rsquo;objectif \u00e9tant de former des cadres comp\u00e9tents et qualifi\u00e9s dans tous les domaines militaires, jouissant d&rsquo;une capacit\u00e9 de percevoir la vitalit\u00e9 des missions qui leur sont assign\u00e9es\u00bb, a-t-il pr\u00e9cis\u00e9.<br \/>\u00abAinsi, celui qui est conscient de la sensibilit\u00e9 de ses missions envers son pays, et qui arrive \u00e0 atteindre de hauts niveaux de comp\u00e9tence dans les diff\u00e9rentes sp\u00e9cialit\u00e9s, r\u00e9ussira, sans nul doute, \u00e0 acqu\u00e9rir les caract\u00e9ristiques du citoyen mod\u00e8le, et sera \u00e9galement, au vu de sa profession, un bon militaire\u00bb, a indiqu\u00e9 le vice-ministre de la D\u00e9fense nationale.<br \/>\u00abTel est le summum de la compl\u00e9mentarit\u00e9 entre profession et conscience, dont la promotion en permanence incombe au secteur de l&rsquo;enseignement et de la formation. Telles sont les normes que le Haut Commandement de l&rsquo;ANP, digne h\u00e9riti\u00e8re de l&rsquo;Arm\u00e9e de lib\u00e9ration nationale (ALN), a veill\u00e9 \u00e0 en faire l&rsquo;un des solides fondements dans l&rsquo;\u00e9dification d&rsquo;une arm\u00e9e professionnelle, dans tous les sens du terme\u00bb, a-t-il fait savoir.<br \/>Le g\u00e9n\u00e9ral de corps d&rsquo;Arm\u00e9e a pr\u00e9sid\u00e9, dimanche apr\u00e8s-midi, une r\u00e9union, en pr\u00e9sence du g\u00e9n\u00e9ral-major Ali Sidane, Commandant de la 1re R\u00e9gion militaire, du g\u00e9n\u00e9ral-major Cherif Zerrad, chef du D\u00e9partement emploi et pr\u00e9paration de l&rsquo;\u00e9tat-major de l&rsquo;ANP, des chefs des \u00e9tats-majors des Commandements de Forces, des Commandants des \u00c9coles militaires et des charg\u00e9s de la formation au niveau des Commandements de Forces, des Directions et des Services centraux. Au terme de la r\u00e9union, le g\u00e9n\u00e9ral de Corps d&rsquo;arm\u00e9e a suivi un expos\u00e9 global sur la formation au sein de l&rsquo;ANP, pr\u00e9sent\u00e9 par le chef du Bureau des enseignements militaires, ainsi que des pr\u00e9sentations des Commandants des \u00e9tablissements de formation et des charg\u00e9s de la formation au sein des Commandements de Forces, des Directions et des Services centraux, conclut le communiqu\u00e9.<br \/>\u00a0<\/p>\n<p>Auteur: elmoudjahid<br \/>\n<a href=\"http:\/\/www.elmoudjahid.com\/fr\/actualites\/134687\">Cliquez ici pour lire l&rsquo;article depuis sa source.<\/a><\/p>\n","protected":false},"excerpt":{"rendered":"<p>Le g\u00e9n\u00e9ral de corps d&rsquo;Arm\u00e9e, Ahmed Ga\u00efd Salah, vice-ministre de la D\u00e9fense nationale, chef d&rsquo;\u00e9tat-major de l&rsquo;Arm\u00e9e nationale populaire (ANP), a mis l&rsquo;accent sur l&rsquo;importance d&rsquo;une arm\u00e9e professionnelle qui agit conform\u00e9ment aux lois de la R\u00e9publique et \u0153uvre \u00e0 la pr\u00e9servation de la confiance de son peuple, a indiqu\u00e9 un communiqu\u00e9 du minist\u00e8re de la [&hellip;]<\/p>\n","protected":false},"author":1744,"featured_media":0,"comment_status":"closed","ping_status":"closed","sticky":false,"template":"","format":"standard","meta":{"fifu_image_url":"","fifu_image_alt":"","footnotes":""},"categories":[73,53],"tags":[],"class_list":["post-21237","post","type-post","status-publish","format-standard","hentry","category-actualite","category-algerie"],"_links":{"self":[{"href":"https:\/\/linitiative.ca\/International\/wp-json\/wp\/v2\/posts\/21237","targetHints":{"allow":["GET"]}}],"collection":[{"href":"https:\/\/linitiative.ca\/International\/wp-json\/wp\/v2\/posts"}],"about":[{"href":"https:\/\/linitiative.ca\/International\/wp-json\/wp\/v2\/types\/post"}],"author":[{"embeddable":true,"href":"https:\/\/linitiative.ca\/International\/wp-json\/wp\/v2\/users\/1744"}],"replies":[{"embeddable":true,"href":"https:\/\/linitiative.ca\/International\/wp-json\/wp\/v2\/comments?post=21237"}],"version-history":[{"count":0,"href":"https:\/\/linitiative.ca\/International\/wp-json\/wp\/v2\/posts\/21237\/revisions"}],"wp:attachment":[{"href":"https:\/\/linitiative.ca\/International\/wp-json\/wp\/v2\/media?parent=21237"}],"wp:term":[{"taxonomy":"category","embeddable":true,"href":"https:\/\/linitiative.ca\/International\/wp-json\/wp\/v2\/categories?post=21237"},{"taxonomy":"post_tag","embeddable":true,"href":"https:\/\/linitiative.ca\/International\/wp-json\/wp\/v2\/tags?post=21237"}],"curies":[{"name":"wp","href":"https:\/\/api.w.org\/{rel}","templated":true}]}}