{"id":21245,"date":"2019-03-12T08:41:27","date_gmt":"2019-03-12T12:41:27","guid":{"rendered":"https:\/\/linitiative.ca\/International\/couleurs-du-maroc-une-exposition-collective-a-fes\/"},"modified":"2019-03-12T08:41:27","modified_gmt":"2019-03-12T12:41:27","slug":"couleurs-du-maroc-une-exposition-collective-a-fes","status":"publish","type":"post","link":"https:\/\/linitiative.ca\/International\/couleurs-du-maroc-une-exposition-collective-a-fes\/","title":{"rendered":"\u00abCouleurs du Maroc\u00bb, une exposition collective \u00e0 F\u00e8s"},"content":{"rendered":"<header>\n<div class=\"entry-post-meta\">\n<div class=\"author-link\">Publi\u00e9 par <a itemprop=\"author\" itemscope=\"\" itemtype=\"https:\/\/schema.org\/Person\" href=\"http:\/\/aujourdhui.ma\/profile\/kaid\" rel=\"author\"><span itemprop=\"name\">ALM<\/span><\/a><\/div>\n<p>Date\u00a0:<time content=\"2019-03-12T13:41:27+00:00\" class=\"entry-date updated\" datetime=\"2019-03-12T13:41:27+00:00\">mars 12, 2019<\/time><\/p>\n<div class=\"entry-cat\">dans:<a href=\"http:\/\/aujourdhui.ma\/category\/culture\" rel=\"category tag\">Culture<\/a><\/div>\n<p>2Vues<\/p>\n<\/div>\n<\/header>\n<div class=\"entry-content clearfix\" readability=\"50\"><img decoding=\"async\" class=\"post_layout_5_img\" src=\"http:\/\/aujourdhui.ma\/wp-content\/uploads\/2019\/03\/Fe%CC%80s-exposition-Couleurs-du-Maroc-.jpg?x29840\" alt=\"\u00abCouleurs du Maroc\u00bb, une exposition collective \u00e0 F\u00e8s\"\/><\/p>\n<p class=\"p1\"><span class=\"s1\"><span class=\"c4\"><strong>Le vernissage d\u2019une exposition collective intitul\u00e9e \u00abCouleurs du Maroc\u00bb a eu lieu ce week-end \u00e0 la galerie Mohamed El Kacimi \u00e0 F\u00e8s.<\/strong><\/span><\/span><span id=\"more-307102\"\/><\/p>\n<p class=\"p1\"><span class=\"s1\">Organis\u00e9e par la direction r\u00e9gionale de la culture de F\u00e8s-Mekn\u00e8s, \u00e0 l\u2019occasion de la Journ\u00e9e internationale de la femme, cette exposition, qui se poursuit jusqu\u2019au 15 mars, donne \u00e0 voir les \u0153uvres des artistes-peintres El Batoul Barghach, Nezha Jazouli, Fouzia Noussairi et Seloua El Alami.<span class=\"Apple-converted-space\">\u00a0<\/span><\/span><\/p>\n<p class=\"p1\"><span class=\"s1\">Selon Nadia Berchid, de la direction r\u00e9gionale de la culture de F\u00e8s-Mekn\u00e8s, cette exposition s\u2019inscrit dans le cadre de la c\u00e9l\u00e9bration de la journ\u00e9e internationale de la femme et des activit\u00e9s de la direction r\u00e9gionale visant l\u2019encouragement de la culture et de la cr\u00e9ativit\u00e9.<\/span><\/p>\n<\/div>\n<p>Auteur: ALM<br \/>\n<a href=\"http:\/\/aujourdhui.ma\/culture\/couleurs-du-maroc-une-exposition-collective-a-fes\">Cliquez ici pour lire l&rsquo;article depuis sa source.<\/a><\/p>\n","protected":false},"excerpt":{"rendered":"<p>Publi\u00e9 par ALM Date\u00a0:mars 12, 2019 dans:Culture 2Vues Le vernissage d\u2019une exposition collective intitul\u00e9e \u00abCouleurs du Maroc\u00bb a eu lieu ce week-end \u00e0 la galerie Mohamed El Kacimi \u00e0 F\u00e8s. Organis\u00e9e par la direction r\u00e9gionale de la culture de F\u00e8s-Mekn\u00e8s, \u00e0 l\u2019occasion de la Journ\u00e9e internationale de la femme, cette exposition, qui se poursuit jusqu\u2019au [&hellip;]<\/p>\n","protected":false},"author":1759,"featured_media":0,"comment_status":"closed","ping_status":"closed","sticky":false,"template":"","format":"standard","meta":{"fifu_image_url":"","fifu_image_alt":"","footnotes":""},"categories":[73,54],"tags":[],"class_list":["post-21245","post","type-post","status-publish","format-standard","hentry","category-actualite","category-maroc"],"_links":{"self":[{"href":"https:\/\/linitiative.ca\/International\/wp-json\/wp\/v2\/posts\/21245","targetHints":{"allow":["GET"]}}],"collection":[{"href":"https:\/\/linitiative.ca\/International\/wp-json\/wp\/v2\/posts"}],"about":[{"href":"https:\/\/linitiative.ca\/International\/wp-json\/wp\/v2\/types\/post"}],"author":[{"embeddable":true,"href":"https:\/\/linitiative.ca\/International\/wp-json\/wp\/v2\/users\/1759"}],"replies":[{"embeddable":true,"href":"https:\/\/linitiative.ca\/International\/wp-json\/wp\/v2\/comments?post=21245"}],"version-history":[{"count":0,"href":"https:\/\/linitiative.ca\/International\/wp-json\/wp\/v2\/posts\/21245\/revisions"}],"wp:attachment":[{"href":"https:\/\/linitiative.ca\/International\/wp-json\/wp\/v2\/media?parent=21245"}],"wp:term":[{"taxonomy":"category","embeddable":true,"href":"https:\/\/linitiative.ca\/International\/wp-json\/wp\/v2\/categories?post=21245"},{"taxonomy":"post_tag","embeddable":true,"href":"https:\/\/linitiative.ca\/International\/wp-json\/wp\/v2\/tags?post=21245"}],"curies":[{"name":"wp","href":"https:\/\/api.w.org\/{rel}","templated":true}]}}