{"id":21250,"date":"2019-03-11T19:00:00","date_gmt":"2019-03-11T23:00:00","guid":{"rendered":"https:\/\/linitiative.ca\/International\/m-ramtane-lamamra-une-longue-carriere-diplomatique\/"},"modified":"2019-03-11T19:00:00","modified_gmt":"2019-03-11T23:00:00","slug":"m-ramtane-lamamra-une-longue-carriere-diplomatique","status":"publish","type":"post","link":"https:\/\/linitiative.ca\/International\/m-ramtane-lamamra-une-longue-carriere-diplomatique\/","title":{"rendered":"M. Ramtane Lamamra  : Une longue carri\u00e8re diplomatique"},"content":{"rendered":"<p>M. Ramtane Lamamra nomm\u00e9 hier vice-Premier ministre, ministre des Affaires \u00e9trang\u00e8res, avait d\u00e9j\u00e0 occup\u00e9 le poste de chef de la diplomatie entre 2013 et 2017, et a men\u00e9 plusieurs missions de m\u00e9diation sous les auspices des Nations unies et de l\u2019Union africaine. Durant sa longue carri\u00e8re diplomatique qu\u2019il avait entam\u00e9e en 1976, Lamamra (67 ans), dipl\u00f4m\u00e9 de l\u2019Ecole nationale d\u2019administration, a occup\u00e9 plusieurs postes en Alg\u00e9rie, \u00e0 l\u2019\u00e9tranger et au sein de plusieurs instances r\u00e9gionales et internationales. Il a \u00e9t\u00e9 ministre des Affaires \u00e9trang\u00e8res de 2013 \u00e0 2015, puis ministre d\u2019Etat, ministre des Affaires \u00e9trang\u00e8res et de la Coop\u00e9ration internationale de 2015 \u00e0 2017. Il a \u00e9t\u00e9 \u00e9galement Commissaire \u00e0 la Paix et \u00e0 la S\u00e9curit\u00e9 de l\u2019Union africaine (2008-2013) et Secr\u00e9taire g\u00e9n\u00e9ral du minist\u00e8re des Affaires \u00e9trang\u00e8res (2005-2007). M. Ramtane Lamamra a \u00e9t\u00e9 aussi ambassadeur d\u2019Alg\u00e9rie dans plusieurs pays, dont les Etats-Unis, Djibouti et l\u2019Ethiopie. Durant ces deux derni\u00e8res ann\u00e9es, il a \u00e9t\u00e9 membre du Haut-Comit\u00e9 consultatif de l\u2019ONU charg\u00e9 de la m\u00e9diation internationale, en septembre 2017, et Haut repr\u00e9sentant pour faire taire les armes en Afrique. Il y a quelques semaines, M. Lamamra a \u00e9t\u00e9 nomm\u00e9 ministre d\u2019Etat, conseiller diplomatique aupr\u00e8s du Pr\u00e9sident de la R\u00e9publique, Abdelaziz Bouteflika.\u00a0\u00a0<\/p>\n<p>Auteur: elmoudjahid<br \/>\n<a href=\"http:\/\/www.elmoudjahid.com\/fr\/actualites\/134688\">Cliquez ici pour lire l&rsquo;article depuis sa source.<\/a><\/p>\n","protected":false},"excerpt":{"rendered":"<p>M. Ramtane Lamamra nomm\u00e9 hier vice-Premier ministre, ministre des Affaires \u00e9trang\u00e8res, avait d\u00e9j\u00e0 occup\u00e9 le poste de chef de la diplomatie entre 2013 et 2017, et a men\u00e9 plusieurs missions de m\u00e9diation sous les auspices des Nations unies et de l\u2019Union africaine. Durant sa longue carri\u00e8re diplomatique qu\u2019il avait entam\u00e9e en 1976, Lamamra (67 ans), [&hellip;]<\/p>\n","protected":false},"author":1744,"featured_media":0,"comment_status":"closed","ping_status":"closed","sticky":false,"template":"","format":"standard","meta":{"fifu_image_url":"","fifu_image_alt":"","footnotes":""},"categories":[73,53],"tags":[],"class_list":["post-21250","post","type-post","status-publish","format-standard","hentry","category-actualite","category-algerie"],"_links":{"self":[{"href":"https:\/\/linitiative.ca\/International\/wp-json\/wp\/v2\/posts\/21250","targetHints":{"allow":["GET"]}}],"collection":[{"href":"https:\/\/linitiative.ca\/International\/wp-json\/wp\/v2\/posts"}],"about":[{"href":"https:\/\/linitiative.ca\/International\/wp-json\/wp\/v2\/types\/post"}],"author":[{"embeddable":true,"href":"https:\/\/linitiative.ca\/International\/wp-json\/wp\/v2\/users\/1744"}],"replies":[{"embeddable":true,"href":"https:\/\/linitiative.ca\/International\/wp-json\/wp\/v2\/comments?post=21250"}],"version-history":[{"count":0,"href":"https:\/\/linitiative.ca\/International\/wp-json\/wp\/v2\/posts\/21250\/revisions"}],"wp:attachment":[{"href":"https:\/\/linitiative.ca\/International\/wp-json\/wp\/v2\/media?parent=21250"}],"wp:term":[{"taxonomy":"category","embeddable":true,"href":"https:\/\/linitiative.ca\/International\/wp-json\/wp\/v2\/categories?post=21250"},{"taxonomy":"post_tag","embeddable":true,"href":"https:\/\/linitiative.ca\/International\/wp-json\/wp\/v2\/tags?post=21250"}],"curies":[{"name":"wp","href":"https:\/\/api.w.org\/{rel}","templated":true}]}}