{"id":21258,"date":"2019-03-11T19:00:00","date_gmt":"2019-03-11T23:00:00","guid":{"rendered":"https:\/\/linitiative.ca\/International\/m-noureddine-bedoui-un-grand-commis-de-letat\/"},"modified":"2019-03-11T19:00:00","modified_gmt":"2019-03-11T23:00:00","slug":"m-noureddine-bedoui-un-grand-commis-de-letat","status":"publish","type":"post","link":"https:\/\/linitiative.ca\/International\/m-noureddine-bedoui-un-grand-commis-de-letat\/","title":{"rendered":"M. Noureddine Bedoui : Un grand commis de l\u2019Etat"},"content":{"rendered":"<p>M. Noureddine Bedoui, nomm\u00e9 hier Premier ministre, a occup\u00e9 de hautes responsabilit\u00e9s durant sa carri\u00e8re, dont le dernier poste de ministre de l\u2019Int\u00e9rieur, des Collectivit\u00e9s locales et de l\u2019Am\u00e9nagement du territoire. M. Bedoui (59 ans) occupait depuis 2015, le poste de ministre de l\u2019Int\u00e9rieur, des Collectivit\u00e9s locales et de l\u2019Am\u00e9nagement du territoire, apr\u00e8s avoir g\u00e9r\u00e9 le portefeuille de la Formation et de l\u2019Enseignement professionnels. Dipl\u00f4m\u00e9 de l\u2019Ecole nationale administration, M. Bedoui avait \u00e9t\u00e9 magistrat \u00e0 la Cour des comptes, pour ensuite occuper le poste de sous-directeur de la r\u00e9glementation \u00e0 la wilaya d\u2019Alger. Directeur de l\u2019administration \u00e0 Tizi Ouzou et Annaba, il sera promu ensuite chef de la da\u00efra de Bologhine (Alger) et d\u2019Ain Touila\u00a0 (Khenchela), avant d\u2019acc\u00e9der au poste de secr\u00e9taire g\u00e9n\u00e9ral de la wilaya d\u2019Oran. Durant sa carri\u00e8re dans les collectivit\u00e9s locales, il avait \u00e9t\u00e9 \u00e0 la t\u00eate de plusieurs wilayas, \u00e0 savoir, wali de Sidi-Bel-Abb\u00e8s, Bordj Bouarreridj, S\u00e9tif et Constantine.<\/p>\n<p>Auteur: elmoudjahid<br \/>\n<a href=\"http:\/\/www.elmoudjahid.com\/fr\/actualites\/134689\">Cliquez ici pour lire l&rsquo;article depuis sa source.<\/a><\/p>\n","protected":false},"excerpt":{"rendered":"<p>M. Noureddine Bedoui, nomm\u00e9 hier Premier ministre, a occup\u00e9 de hautes responsabilit\u00e9s durant sa carri\u00e8re, dont le dernier poste de ministre de l\u2019Int\u00e9rieur, des Collectivit\u00e9s locales et de l\u2019Am\u00e9nagement du territoire. M. Bedoui (59 ans) occupait depuis 2015, le poste de ministre de l\u2019Int\u00e9rieur, des Collectivit\u00e9s locales et de l\u2019Am\u00e9nagement du territoire, apr\u00e8s avoir g\u00e9r\u00e9 [&hellip;]<\/p>\n","protected":false},"author":1744,"featured_media":0,"comment_status":"closed","ping_status":"closed","sticky":false,"template":"","format":"standard","meta":{"fifu_image_url":"","fifu_image_alt":"","footnotes":""},"categories":[73,53],"tags":[],"class_list":["post-21258","post","type-post","status-publish","format-standard","hentry","category-actualite","category-algerie"],"_links":{"self":[{"href":"https:\/\/linitiative.ca\/International\/wp-json\/wp\/v2\/posts\/21258","targetHints":{"allow":["GET"]}}],"collection":[{"href":"https:\/\/linitiative.ca\/International\/wp-json\/wp\/v2\/posts"}],"about":[{"href":"https:\/\/linitiative.ca\/International\/wp-json\/wp\/v2\/types\/post"}],"author":[{"embeddable":true,"href":"https:\/\/linitiative.ca\/International\/wp-json\/wp\/v2\/users\/1744"}],"replies":[{"embeddable":true,"href":"https:\/\/linitiative.ca\/International\/wp-json\/wp\/v2\/comments?post=21258"}],"version-history":[{"count":0,"href":"https:\/\/linitiative.ca\/International\/wp-json\/wp\/v2\/posts\/21258\/revisions"}],"wp:attachment":[{"href":"https:\/\/linitiative.ca\/International\/wp-json\/wp\/v2\/media?parent=21258"}],"wp:term":[{"taxonomy":"category","embeddable":true,"href":"https:\/\/linitiative.ca\/International\/wp-json\/wp\/v2\/categories?post=21258"},{"taxonomy":"post_tag","embeddable":true,"href":"https:\/\/linitiative.ca\/International\/wp-json\/wp\/v2\/tags?post=21258"}],"curies":[{"name":"wp","href":"https:\/\/api.w.org\/{rel}","templated":true}]}}