{"id":21266,"date":"2019-03-11T19:00:00","date_gmt":"2019-03-11T23:00:00","guid":{"rendered":"https:\/\/linitiative.ca\/International\/fin-de-fonctions-du-president-et-des-membres-designes-de-la-hiise\/"},"modified":"2019-03-11T19:00:00","modified_gmt":"2019-03-11T23:00:00","slug":"fin-de-fonctions-du-president-et-des-membres-designes-de-la-hiise","status":"publish","type":"post","link":"https:\/\/linitiative.ca\/International\/fin-de-fonctions-du-president-et-des-membres-designes-de-la-hiise\/","title":{"rendered":"Fin de fonctions du pr\u00e9sident et des membres d\u00e9sign\u00e9s de la HIISE"},"content":{"rendered":"<p>Le Pr\u00e9sident a \u00e9galement sign\u00e9 un d\u00e9cret pr\u00e9sidentiel mettant fin aux fonctions du pr\u00e9sident de la Haute instance ind\u00e9pendante de surveillance des \u00e9lections (HIISE), Abdelouahab Derbal, et des membres d\u00e9sign\u00e9s de cette instance, indique un communiqu\u00e9 de la Pr\u00e9sidence.<\/p>\n<p>Auteur: elmoudjahid<br \/>\n<a href=\"http:\/\/www.elmoudjahid.com\/fr\/actualites\/134690\">Cliquez ici pour lire l&rsquo;article depuis sa source.<\/a><\/p>\n","protected":false},"excerpt":{"rendered":"<p>Le Pr\u00e9sident a \u00e9galement sign\u00e9 un d\u00e9cret pr\u00e9sidentiel mettant fin aux fonctions du pr\u00e9sident de la Haute instance ind\u00e9pendante de surveillance des \u00e9lections (HIISE), Abdelouahab Derbal, et des membres d\u00e9sign\u00e9s de cette instance, indique un communiqu\u00e9 de la Pr\u00e9sidence. Auteur: elmoudjahid Cliquez ici pour lire l&rsquo;article depuis sa source.<\/p>\n","protected":false},"author":1744,"featured_media":0,"comment_status":"closed","ping_status":"closed","sticky":false,"template":"","format":"standard","meta":{"fifu_image_url":"","fifu_image_alt":"","footnotes":""},"categories":[73,53],"tags":[],"class_list":["post-21266","post","type-post","status-publish","format-standard","hentry","category-actualite","category-algerie"],"_links":{"self":[{"href":"https:\/\/linitiative.ca\/International\/wp-json\/wp\/v2\/posts\/21266","targetHints":{"allow":["GET"]}}],"collection":[{"href":"https:\/\/linitiative.ca\/International\/wp-json\/wp\/v2\/posts"}],"about":[{"href":"https:\/\/linitiative.ca\/International\/wp-json\/wp\/v2\/types\/post"}],"author":[{"embeddable":true,"href":"https:\/\/linitiative.ca\/International\/wp-json\/wp\/v2\/users\/1744"}],"replies":[{"embeddable":true,"href":"https:\/\/linitiative.ca\/International\/wp-json\/wp\/v2\/comments?post=21266"}],"version-history":[{"count":0,"href":"https:\/\/linitiative.ca\/International\/wp-json\/wp\/v2\/posts\/21266\/revisions"}],"wp:attachment":[{"href":"https:\/\/linitiative.ca\/International\/wp-json\/wp\/v2\/media?parent=21266"}],"wp:term":[{"taxonomy":"category","embeddable":true,"href":"https:\/\/linitiative.ca\/International\/wp-json\/wp\/v2\/categories?post=21266"},{"taxonomy":"post_tag","embeddable":true,"href":"https:\/\/linitiative.ca\/International\/wp-json\/wp\/v2\/tags?post=21266"}],"curies":[{"name":"wp","href":"https:\/\/api.w.org\/{rel}","templated":true}]}}