{"id":21272,"date":"2019-03-11T19:00:00","date_gmt":"2019-03-11T23:00:00","guid":{"rendered":"https:\/\/linitiative.ca\/International\/le-ministre-de-la-justice-garde-des-sceaux-neutralite-et-obligation-de-reserve-des-magistrats\/"},"modified":"2019-03-11T19:00:00","modified_gmt":"2019-03-11T23:00:00","slug":"le-ministre-de-la-justice-garde-des-sceaux-neutralite-et-obligation-de-reserve-des-magistrats","status":"publish","type":"post","link":"https:\/\/linitiative.ca\/International\/le-ministre-de-la-justice-garde-des-sceaux-neutralite-et-obligation-de-reserve-des-magistrats\/","title":{"rendered":"Le ministre de la Justice, garde des Sceaux : \u00ab Neutralit\u00e9 et obligation de r\u00e9serve des magistrats \u00bb"},"content":{"rendered":"<p><strong>\u00abLa neutralit\u00e9 du pouvoir judiciaire face aux tiraillements politiques et \u00e0 la pluralit\u00e9\u00a0 des processus de vision, dont le principe d\u2019ind\u00e9pendance est nettement consolid\u00e9 gr\u00e2ce\u00a0 \u00e0 la dynamique de r\u00e9formes, est un gage de la stabilit\u00e9 et de la s\u00e9curit\u00e9 de la Nation\u00bb.<\/strong><\/p>\n<p>Ainsi s\u2019est exprim\u00e9, hier, Tayeb\u00a0 Louh,\u00a0 ministre de la Justice, garde des Sceaux, dans une allocution o\u00f9 il a notamment rappel\u00e9 que le principe d\u2019ind\u00e9pendance de la justice est nettement consolid\u00e9 gr\u00e2ce \u00e0 la dynamique des r\u00e9formes. Intervenant dans le cadre d\u2019une c\u00e9r\u00e9monie de c\u00e9l\u00e9bration de la journ\u00e9e internationale des Femmes, il a notamment insist\u00e9 sur \u00abla pr\u00e9servation des acquis r\u00e9alis\u00e9s en termes d&rsquo;instances et d&rsquo;institutions, sans lesquels on ne saurait parler d&rsquo;un choix d\u00e9mocratique, s\u00fbr et s\u00e9curis\u00e9\u00bb. \u00abLe pouvoir judiciaire est conscient de sa responsabilit\u00e9 professionnelle et de sa responsabilit\u00e9 constitutionnelle, et il assumera en tant que pouvoir ind\u00e9pendant ses missions et ses devoirs dans le cadre de la l\u00e9galit\u00e9 et de l\u2019\u00e9quit\u00e9\u00bb. \u00abJe suis convaincu, a ajout\u00e9 le ministre, que les magistrats ne sont pas sans ignorer le poids de la responsabilit\u00e9 qui leur incombe, tout comme la noblesse d\u2019appartenir \u00e0 une corporation tenue de faire preuve, en toute circonstance, du respect des principes de son statut et de son code d\u2019\u00e9thique et de d\u00e9ontologie\u00bb. Plus explicite, M. Tayeb\u00a0 Louh a ainsi rappel\u00e9 \u00ab l\u2019engagement des magistrats, en toutes circonstances, \u00e0 se conformer \u00e0 l&rsquo;obligation de r\u00e9serve et \u00e0 s&rsquo;\u00e9loigner de tout ce qui pourrait attenter \u00e0 leur impartialit\u00e9 et \u00e0 leur ind\u00e9pendance\u00bb. \u00abCe sont l\u00e0 autant de valeurs que les magistrats s\u2019\u00e9taient engag\u00e9s \u00e0 respecter lors de la prestation de serment\u00bb, a-t-il pr\u00e9cis\u00e9. M. Louh, qui rappelle ainsi le devoir pour le magistrat de faire valoir une position absolument neutre face \u00e0 la conjoncture que vit actuellement le pays, ne manquera pas de mettre l\u2019accent sur l\u2019obligation des juges \u00abde faire preuve d&rsquo;\u00e9quit\u00e9, de loyaut\u00e9, de probit\u00e9 et de fid\u00e9lit\u00e9 aux principes de la justice\u00bb. Pour le ministre, le peuple alg\u00e9rien, \u00abuni dans les \u00e9preuves, est capable de surmonter toutes les \u00e9tapes sensibles et de consolider les acquis r\u00e9alis\u00e9s, en t\u00eate desquels l&rsquo;unit\u00e9 du pays contre toute infiltration, la pr\u00e9servation de la s\u00e9curit\u00e9 et de la stabilit\u00e9, l\u2019instauration de la qui\u00e9tude et la construction d&rsquo;un avenir plus prosp\u00e8re\u00bb. Il a \u00e9galement assur\u00e9 que le secteur de la Justice assume pleinement ses devoirs envers les citoyens et la Nation et s\u2019applique constamment \u00e0 am\u00e9liorer sa prestation en surmontant toutes les difficult\u00e9s et les contraintes rencontr\u00e9es. Des efforts consid\u00e9rables ont \u00e9t\u00e9 engag\u00e9s dans le domaine de la r\u00e9forme de la\u00a0 justice, mise en \u0153uvre avec les comp\u00e9tences du secteur depuis maintenant deux d\u00e9cennies, sous la bienveillance du Pr\u00e9sident de la R\u00e9publique, Abdelaziz Bouteflika, a encore ajout\u00e9 le ministre. Il\u00a0 fera ainsi savoir que les acquis consacr\u00e9s dans le cadre de cette dynamique n\u00e9cessitent d\u2019\u00eatre pr\u00e9serv\u00e9s, y compris par les magistrats qui doivent les mettre \u00e0 l\u2019abri de toute forme de surench\u00e8re. Sur un autre volet, M. Louh, tout en pr\u00e9sentant ses meilleurs v\u0153ux aux femmes alg\u00e9riennes, plus particuli\u00e8rement \u00e0 celles relevant du secteur de la justice, pr\u00e9cisera que celui-ci comprend quelque 14.120 fonctionnaires f\u00e9minins toutes cat\u00e9gories confondues, soit\u00a0 61,41% de la totalit\u00e9 du personnel. Sur les 6.326 magistrats,\u00a0 2.845 sont des femmes, pr\u00e9cisera encore\u00a0 M. Louh, soit un taux de 45,12 %. Il pr\u00e9cisera aussi\u00a0 que les femmes occupant des postes de responsabilit\u00e9 au sein du secteur sont au nombre de 1.578.<br \/>\u00a0Karim Aoudia\u00a0\u00a0\u00a0\u00a0\u00a0\u00a0\u00a0\u00a0\u00a0\u00a0<\/p>\n<p>Auteur: elmoudjahid<br \/>\n<a href=\"http:\/\/www.elmoudjahid.com\/fr\/actualites\/134691\">Cliquez ici pour lire l&rsquo;article depuis sa source.<\/a><\/p>\n","protected":false},"excerpt":{"rendered":"<p>\u00abLa neutralit\u00e9 du pouvoir judiciaire face aux tiraillements politiques et \u00e0 la pluralit\u00e9\u00a0 des processus de vision, dont le principe d\u2019ind\u00e9pendance est nettement consolid\u00e9 gr\u00e2ce\u00a0 \u00e0 la dynamique de r\u00e9formes, est un gage de la stabilit\u00e9 et de la s\u00e9curit\u00e9 de la Nation\u00bb. Ainsi s\u2019est exprim\u00e9, hier, Tayeb\u00a0 Louh,\u00a0 ministre de la Justice, garde des [&hellip;]<\/p>\n","protected":false},"author":1744,"featured_media":0,"comment_status":"closed","ping_status":"closed","sticky":false,"template":"","format":"standard","meta":{"fifu_image_url":"","fifu_image_alt":"","footnotes":""},"categories":[73,53],"tags":[],"class_list":["post-21272","post","type-post","status-publish","format-standard","hentry","category-actualite","category-algerie"],"_links":{"self":[{"href":"https:\/\/linitiative.ca\/International\/wp-json\/wp\/v2\/posts\/21272","targetHints":{"allow":["GET"]}}],"collection":[{"href":"https:\/\/linitiative.ca\/International\/wp-json\/wp\/v2\/posts"}],"about":[{"href":"https:\/\/linitiative.ca\/International\/wp-json\/wp\/v2\/types\/post"}],"author":[{"embeddable":true,"href":"https:\/\/linitiative.ca\/International\/wp-json\/wp\/v2\/users\/1744"}],"replies":[{"embeddable":true,"href":"https:\/\/linitiative.ca\/International\/wp-json\/wp\/v2\/comments?post=21272"}],"version-history":[{"count":0,"href":"https:\/\/linitiative.ca\/International\/wp-json\/wp\/v2\/posts\/21272\/revisions"}],"wp:attachment":[{"href":"https:\/\/linitiative.ca\/International\/wp-json\/wp\/v2\/media?parent=21272"}],"wp:term":[{"taxonomy":"category","embeddable":true,"href":"https:\/\/linitiative.ca\/International\/wp-json\/wp\/v2\/categories?post=21272"},{"taxonomy":"post_tag","embeddable":true,"href":"https:\/\/linitiative.ca\/International\/wp-json\/wp\/v2\/tags?post=21272"}],"curies":[{"name":"wp","href":"https:\/\/api.w.org\/{rel}","templated":true}]}}