{"id":21275,"date":"2019-03-12T06:00:28","date_gmt":"2019-03-12T10:00:28","guid":{"rendered":"https:\/\/linitiative.ca\/International\/report-de-lelection-presidentielle-conference-nationale-et-gouvernement-consensuel-prolongation-de-mandat-pour-une-feuille-de-route-en-sept-points\/"},"modified":"2019-03-12T06:00:28","modified_gmt":"2019-03-12T10:00:28","slug":"report-de-lelection-presidentielle-conference-nationale-et-gouvernement-consensuel-prolongation-de-mandat-pour-une-feuille-de-route-en-sept-points","status":"publish","type":"post","link":"https:\/\/linitiative.ca\/International\/report-de-lelection-presidentielle-conference-nationale-et-gouvernement-consensuel-prolongation-de-mandat-pour-une-feuille-de-route-en-sept-points\/","title":{"rendered":"Report de l\u2019\u00e9lection pr\u00e9sidentielle , conf\u00e9rence nationale et gouvernement consensuel : Prolongation de mandat pour une feuille de route en sept points"},"content":{"rendered":"<h4 class=\"title-14\"\/>\n<p>La rue a eu raison de lui. Bouteflika a annonc\u00e9 le report des \u00e9lections pr\u00e9sidentielles du 18 avril prochain et sa d\u00e9cision de ne pas briguer un 5e mandat.<\/p>\n<p>Dans une longue d\u00e9claration rendue publique par l\u2019agence officielle APS, le pr\u00e9sident demande aux Alg\u00e9riens \u00abde me suivre et de m\u2019aider \u00e0 emprunter cette voie de salut\u00bb pour \u00abpr\u00e9munir l\u2019Alg\u00e9rie contre des \u00e9preuves, des d\u00e9chirements et des d\u00e9perditions d\u2019\u00e9nergie\u00bb.<\/p>\n<p>Pour y arriver, il livre sa d\u00e9marche qui repose sur sept d\u00e9cisions. La premi\u00e8re est qu\u2019\u00abil\u00a0n\u2019y aura pas de 5e mandat\u00bb, dit-il, pr\u00e9cisant\u00a0: \u00abIl\u00a0n\u2019en a jamais \u00e9t\u00e9 question pour moi, mon \u00e9tat de sant\u00e9 et mon \u00e2ge ne m\u2019assignant comme ultime devoir envers le peuple alg\u00e9rien que la contribution \u00e0 l\u2019assise des fondations d\u2019une nouvelle R\u00e9publique en tant que cadre du nouveau syst\u00e8me alg\u00e9rien que nous appelons de tous nos v\u0153ux.<\/p>\n<p>Cette nouvelle R\u00e9publique et ce nouveau syst\u00e8me seront entre les mains des nouvelles g\u00e9n\u00e9rations d\u2019Alg\u00e9riennes et d\u2019Alg\u00e9riens qui seront tout naturellement les principaux acteurs et b\u00e9n\u00e9ficiaires de la vie publique et du d\u00e9veloppement durable dans l\u2019Alg\u00e9rie de demain.\u00bb<\/p>\n<p>La deuxi\u00e8me mesure est le report des \u00e9lections pr\u00e9sidentielles du 18 avril pour \u00absatisfaire une demande pressante que vous avez \u00e9t\u00e9 nombreux \u00e0 m\u2019adresser dans votre souci de lever tout malentendu quant \u00e0 l\u2019opportunit\u00e9 et \u00e0 l\u2019irr\u00e9versibilit\u00e9 de la transmission g\u00e9n\u00e9rationnelle \u00e0 laquelle je me suis engag\u00e9 (\u2026)<\/p>\n<p>Le report de l\u2019\u00e9lection pr\u00e9sidentielle qui a \u00e9t\u00e9 r\u00e9clam\u00e9 vient donc pour apaiser les appr\u00e9hensions qui ont \u00e9t\u00e9 manifest\u00e9es afin d\u2019ouvrir la voie \u00e0 la g\u00e9n\u00e9ralisation de la s\u00e9r\u00e9nit\u00e9, de la qui\u00e9tude et de la s\u00e9curit\u00e9 publique, dans l\u2019objectif d\u2019entreprendre ensemble les actions d\u2019importance historique qui permettront de pr\u00e9parer le plus rapidement possible l\u2019av\u00e8nement d\u2019une nouvelle \u00e8re en Alg\u00e9rie\u00a0\u00bb.<\/p>\n<p>Le troisi\u00e8me point de la d\u00e9marche a trait aux \u00abchangements importants\u00bb au sein du gouvernement, \u00abl\u2019illustration de ma r\u00e9ceptivit\u00e9 \u00e0 l\u2019exigence de reddition de comptes et d\u2019\u00e9valuation rigoureuse dans l\u2019exercice des responsabilit\u00e9s \u00e0 tous les niveaux et dans tous les secteurs\u00bb.<\/p>\n<p>La troisi\u00e8me mesure vise \u00e0 apporter des changements importants au sein du gouvernement, en les pr\u00e9sentant comme \u00abune r\u00e9ponse ad\u00e9quate aux attentes et une illustration de ma r\u00e9ceptivit\u00e9 \u00e0 l\u2019exigence de reddition de compte et d\u2019\u00e9valuation rigoureuse dans l\u2019exercice des responsabilit\u00e9s \u00e0 tous les niveaux et dans tous les secteurs\u00bb.<\/p>\n<p>Pr\u00e9sent\u00e9e comme une \u00abultime d\u00e9marche\u00bb,\u00a0la quatri\u00e8me mesure du Pr\u00e9sident a trait \u00e0 la tenue d\u2019\u00abune conf\u00e9rence nationale inclusive et ind\u00e9pendante qui sera une enceinte dot\u00e9e de tous les pouvoirs n\u00e9cessaires \u00e0 la discussion, l\u2019\u00e9laboration et l\u2019adoption de tous types de r\u00e9formes devant constituer le socle du nouveau syst\u00e8me que porte le lancement du processus de transformation de notre Etat-nation\u00bb.<\/p>\n<p>Cette conf\u00e9rence organisera les travaux sous la direction d\u2019une instance pr\u00e9sidentielle plurielle, avec \u00e0 sa t\u00eate une personnalit\u00e9 nationale ind\u00e9pendante consensuelle et exp\u00e9riment\u00e9e, qui se chargera d\u2019\u00e9laborer un projet de Constitution soumis \u00e0 r\u00e9f\u00e9rendum, de fixer une date pour l\u2019\u00e9lection pr\u00e9sidentielle, \u00e0 laquelle le pr\u00e9sident ne sera pas candidat, et ce, avant la fin de 2019.<\/p>\n<p>La cinqui\u00e8me mesure consiste en l\u2019instauration d\u2019une \u00abcommission nationale ind\u00e9pendante\u00bb, charg\u00e9e de l\u2019organisation de l\u2019\u00e9lection pr\u00e9sidentielle, dont le mandat, la composition et le mode de fonctionnement seront codifi\u00e9s par un texte l\u00e9gislatif sp\u00e9cifique qui s\u2019inspirera des exp\u00e9riences et des pratiques les mieux \u00e9tablies \u00e0 l\u2019\u00e9chelle internationale.<\/p>\n<p>Une telle d\u00e9cision, pr\u00e9cise le communiqu\u00e9 de la Pr\u00e9sidence, r\u00e9pond \u00ab\u00e0 une revendication largement soutenue par les formations politiques alg\u00e9riennes ainsi qu\u2019\u00e0 une recommandation constante des missions d\u2019observation \u00e9lectorale des organisations internationales et r\u00e9gionales invit\u00e9es et re\u00e7ues par l\u2019Alg\u00e9rie lors des consultations \u00e9lectorales nationales pr\u00e9c\u00e9dentes\u00bb.<\/p>\n<p>La sixi\u00e8me mesure est la formation d\u2019\u00abun gouvernement de comp\u00e9tences nationales b\u00e9n\u00e9ficiant du soutien des composantes de la Conf\u00e9rence nationale qui assumera la supervision des missions de l\u2019administration publique et des services de s\u00e9curit\u00e9 et apportera sa pleine collaboration \u00e0 la commission \u00e9lectorale nationale ind\u00e9pendante\u00bb.<\/p>\n<p>Pour ce qui est du septi\u00e8me point, il s\u2019agit tout simplement de\u00a0 \u00abl\u2019engagement solennel\u00bb du Pr\u00e9sident, \u00abdevant Dieu Tout-Puissant et devant le peuple alg\u00e9rien, \u00e0 ne m\u00e9nager aucun effort pour que les institutions, structures, d\u00e9membrements de l\u2019Etat et collectivit\u00e9s locales se mobilisent pour concourir \u00e0 la pleine r\u00e9ussite de ce plan de travail, mais \u00e9galement \u00e0 veiller \u00e0 ce que toutes les Institutions constitutionnelles de la R\u00e9publique poursuivent scrupuleusement l\u2019accomplissement de leurs missions respectives et exercent leurs pouvoirs respectifs au service exclusif du peuple alg\u00e9rien et de la R\u00e9publique\u00bb.<\/p>\n<p>Le communiqu\u00e9 de la pr\u00e9sidence, pr\u00e9cise d\u2019autre part, que le chef de l\u2019Etat s\u2019engage \u00ab\u00e0 remettre les charges et les pr\u00e9rogatives de pr\u00e9sident de la R\u00e9publique au successeur que le peuple alg\u00e9rien aura librement \u00e9lu\u00bb.<\/p>\n<div class=\"yuzo_related_post style-1\" data-version=\"5.12.88\">\n<p><h3>Related Post<\/h3>\n<\/p>\n<div class=\"yuzo_wraps\">\n<div class=\"relatedthumb relatedpost-148180 c11\"><a href=\"https:\/\/www.elwatan.com\/regions\/kabylie\/boumerdes\/boumerdes-concours-top-summer-boudouaou-el-bahri-a-lhonneur-07-09-2018\"\/><\/p>\n<p><span class=\"yuzo__text--title c10\">Boumerd\u00e8s. Concours Top Summer : Boudouaou El Bahr&#8230;<\/span><\/div>\n<div class=\"relatedthumb relatedpost-382581 c11\"><a href=\"https:\/\/www.elwatan.com\/regions\/ouest\/oran\/musee-dart-moderne-doran-7e-edition-du-salon-national-des-arts-plastiques-27-12-2018\"\/><\/p>\n<p><span class=\"yuzo__text--title c10\">Mus\u00e9e d\u2019art moderne d\u2019Oran : 7e \u00e9dition du Salon n&#8230;<\/span><\/div>\n<div class=\"relatedthumb relatedpost-263278 c11\"><a href=\"https:\/\/www.elwatan.com\/edition\/international\/une-croissance-de-9-en-5-ans-06-12-2018\"\/><\/p>\n<p><span class=\"yuzo__text--title c10\">Nombre des travailleurs migrants dans le monde : U&#8230;<\/span><\/div>\n<div class=\"relatedthumb relatedpost-554085 c11\"><a href=\"https:\/\/www.elwatan.com\/edition\/actualite\/coordination-des-comites-de-soutien-aux-travailleurs-de-cevital-marche-le-5-mars-a-tizi-ouzou-20-01-2019\"\/><\/p>\n<p><span class=\"yuzo__text--title c10\">Coordination des comit\u00e9s de soutien aux travailleu&#8230;<\/span><\/div>\n<\/div>\n<\/div>\n<p><span class=\"post-views-label\">Post Views:<\/span> <span class=\"post-views-count\">455<\/span><\/p>\n<p>Auteur: Hicham Chouadria<br \/>\n<a href=\"https:\/\/www.elwatan.com\/edition\/actualite\/report-de-lelection-presidentielle-conference-nationale-et-gouvernement-consensuel-prolongation-de-mandat-pour-une-feuille-de-route-en-sept-points-12-03-2019\">Cliquez ici pour lire l&rsquo;article depuis sa source.<\/a><\/p>\n","protected":false},"excerpt":{"rendered":"<p>La rue a eu raison de lui. Bouteflika a annonc\u00e9 le report des \u00e9lections pr\u00e9sidentielles du 18 avril prochain et sa d\u00e9cision de ne pas briguer un 5e mandat. Dans une longue d\u00e9claration rendue publique par l\u2019agence officielle APS, le pr\u00e9sident demande aux Alg\u00e9riens \u00abde me suivre et de m\u2019aider \u00e0 emprunter cette voie de [&hellip;]<\/p>\n","protected":false},"author":1743,"featured_media":0,"comment_status":"closed","ping_status":"closed","sticky":false,"template":"","format":"standard","meta":{"fifu_image_url":"","fifu_image_alt":"","footnotes":""},"categories":[73,53],"tags":[],"class_list":["post-21275","post","type-post","status-publish","format-standard","hentry","category-actualite","category-algerie"],"_links":{"self":[{"href":"https:\/\/linitiative.ca\/International\/wp-json\/wp\/v2\/posts\/21275","targetHints":{"allow":["GET"]}}],"collection":[{"href":"https:\/\/linitiative.ca\/International\/wp-json\/wp\/v2\/posts"}],"about":[{"href":"https:\/\/linitiative.ca\/International\/wp-json\/wp\/v2\/types\/post"}],"author":[{"embeddable":true,"href":"https:\/\/linitiative.ca\/International\/wp-json\/wp\/v2\/users\/1743"}],"replies":[{"embeddable":true,"href":"https:\/\/linitiative.ca\/International\/wp-json\/wp\/v2\/comments?post=21275"}],"version-history":[{"count":0,"href":"https:\/\/linitiative.ca\/International\/wp-json\/wp\/v2\/posts\/21275\/revisions"}],"wp:attachment":[{"href":"https:\/\/linitiative.ca\/International\/wp-json\/wp\/v2\/media?parent=21275"}],"wp:term":[{"taxonomy":"category","embeddable":true,"href":"https:\/\/linitiative.ca\/International\/wp-json\/wp\/v2\/categories?post=21275"},{"taxonomy":"post_tag","embeddable":true,"href":"https:\/\/linitiative.ca\/International\/wp-json\/wp\/v2\/tags?post=21275"}],"curies":[{"name":"wp","href":"https:\/\/api.w.org\/{rel}","templated":true}]}}