{"id":21279,"date":"2019-03-11T19:00:00","date_gmt":"2019-03-11T23:00:00","guid":{"rendered":"https:\/\/linitiative.ca\/International\/promotion-du-role-de-la-femme-lengagement-des-pays-arabes\/"},"modified":"2019-03-11T19:00:00","modified_gmt":"2019-03-11T23:00:00","slug":"promotion-du-role-de-la-femme-lengagement-des-pays-arabes","status":"publish","type":"post","link":"https:\/\/linitiative.ca\/International\/promotion-du-role-de-la-femme-lengagement-des-pays-arabes\/","title":{"rendered":"Promotion du r\u00f4le de la femme  :     L\u2019engagement des pays arabes"},"content":{"rendered":"<p>\u00a0\u00abJe saisis l&rsquo;occasion pour r\u00e9it\u00e9rer notre engagement comme groupe arabe \u00e0 la mise en \u0153uvre des dispositions pr\u00e9vues par les chartes arabes et internationales pour la promotion du r\u00f4le de la femme, de fa\u00e7on \u00e0 ce que toutes les femmes et filles jouissent de leurs droits fondamentaux sur le m\u00eame pied d&rsquo;\u00e9galit\u00e9 avec les hommes, et ce, en ad\u00e9quation avec les sp\u00e9cificit\u00e9s des pays arabes\u00bb, a indiqu\u00e9 hier la ministre de la Solidarit\u00e9 nationale, de la Famille et de la Condition de la femme, Ghania Eddalia, dans son intervention pr\u00e9sent\u00e9e au nom du groupe arabe \u00e0 la 63e session de la Commission de la condition de la femme des Nations Unies \u00e0 New York.\u00a0\u00a0 La ministre a affirm\u00e9, \u00e0 ce titre, l&rsquo;ex\u00e9cution du plan strat\u00e9gique de l&rsquo;agenda de d\u00e9veloppement de la femme arabe \u00e0 l&rsquo;horizon 2030, et ce, \u00aben reconnaissance de l&rsquo;ampleur de la responsabilit\u00e9 confi\u00e9e aux pays arabes, en vue de s&rsquo;adapter aux objectifs de d\u00e9veloppement durable, notamment le cinqui\u00e8me objectif relatif \u00e0 la promotion de l&rsquo;\u00e9galit\u00e9 entre les deux sexes et l&rsquo;autonomisation de la femme\u00bb.\u00a0\u00a0\u00a0\u00a0 Elle a soulign\u00e9, en outre, la d\u00e9termination du groupe arabe \u00e0 \u00abpoursuivre les efforts visant la promotion du r\u00f4le de la femme dans le cadre de l&rsquo;\u00e9galit\u00e9 homme\/femme et l&rsquo;autonomisation de toutes les femmes et filles en coop\u00e9ration avec les partenaires internationaux et r\u00e9gionaux, les\u00a0\u00a0 organisations de la soci\u00e9t\u00e9 civile et l&rsquo;ONU, et ce, dans une\u00a0\u00a0 compl\u00e9mentarit\u00e9, afin de renforcer l&rsquo;unit\u00e9 de la position arabe dans les fora internationaux et le consensus au niveau r\u00e9gional sur les recommandations finales de la session actuelle\u00bb. Parmi ces recommandations, il a \u00e9t\u00e9 soulign\u00e9 l&rsquo;engagement du groupe des Etats arabes pour proc\u00e9der \u00e0 l&rsquo;harmonisation des lois, de la l\u00e9gislation et des strat\u00e9gies afin d&rsquo;accompagner la mise en \u0153uvre des d\u00e9cisions du Conseil de s\u00e9curit\u00e9 relatives \u00e0 la femme, \u00e0 la s\u00e9curit\u00e9 et \u00e0 la paix, des d\u00e9cisions ult\u00e9rieures, du plan d&rsquo;action op\u00e9rationnel et r\u00e9gional et la protection de la femme arabe, \u00e0 travers la lutte contre l&rsquo;ensemble des menaces et des dangers auxquels fait face la femme, outre l&rsquo;\u00e9laboration de m\u00e9canismes de lutte contre le terrorisme et l&rsquo;extr\u00e9misme, dans l&rsquo;objectif de renforcer la s\u00e9curit\u00e9 et la paix dans la r\u00e9gion arabe. Les ministres arabes et les repr\u00e9sentants de m\u00e9canismes charg\u00e9s de la condition de la femme dans les pays arabes ont appel\u00e9 la communaut\u00e9 internationale \u00e0 soutenir les solutions politiques des crises et des conflits que vit la r\u00e9gion arabe et \u00e0 assumer les r\u00e9percussions des flux migratoires afin de garantir l&rsquo;acc\u00e8s des femmes et filles r\u00e9fugi\u00e9es aux syst\u00e8mes de protection sociale globaux et int\u00e9gr\u00e9s. \u00a0<br \/>\u00a0<\/p>\n<p>Auteur: elmoudjahid<br \/>\n<a href=\"http:\/\/www.elmoudjahid.com\/fr\/actualites\/134692\">Cliquez ici pour lire l&rsquo;article depuis sa source.<\/a><\/p>\n","protected":false},"excerpt":{"rendered":"<p>\u00a0\u00abJe saisis l&rsquo;occasion pour r\u00e9it\u00e9rer notre engagement comme groupe arabe \u00e0 la mise en \u0153uvre des dispositions pr\u00e9vues par les chartes arabes et internationales pour la promotion du r\u00f4le de la femme, de fa\u00e7on \u00e0 ce que toutes les femmes et filles jouissent de leurs droits fondamentaux sur le m\u00eame pied d&rsquo;\u00e9galit\u00e9 avec les hommes, [&hellip;]<\/p>\n","protected":false},"author":1744,"featured_media":0,"comment_status":"closed","ping_status":"closed","sticky":false,"template":"","format":"standard","meta":{"fifu_image_url":"","fifu_image_alt":"","footnotes":""},"categories":[73,53],"tags":[],"class_list":["post-21279","post","type-post","status-publish","format-standard","hentry","category-actualite","category-algerie"],"_links":{"self":[{"href":"https:\/\/linitiative.ca\/International\/wp-json\/wp\/v2\/posts\/21279","targetHints":{"allow":["GET"]}}],"collection":[{"href":"https:\/\/linitiative.ca\/International\/wp-json\/wp\/v2\/posts"}],"about":[{"href":"https:\/\/linitiative.ca\/International\/wp-json\/wp\/v2\/types\/post"}],"author":[{"embeddable":true,"href":"https:\/\/linitiative.ca\/International\/wp-json\/wp\/v2\/users\/1744"}],"replies":[{"embeddable":true,"href":"https:\/\/linitiative.ca\/International\/wp-json\/wp\/v2\/comments?post=21279"}],"version-history":[{"count":0,"href":"https:\/\/linitiative.ca\/International\/wp-json\/wp\/v2\/posts\/21279\/revisions"}],"wp:attachment":[{"href":"https:\/\/linitiative.ca\/International\/wp-json\/wp\/v2\/media?parent=21279"}],"wp:term":[{"taxonomy":"category","embeddable":true,"href":"https:\/\/linitiative.ca\/International\/wp-json\/wp\/v2\/categories?post=21279"},{"taxonomy":"post_tag","embeddable":true,"href":"https:\/\/linitiative.ca\/International\/wp-json\/wp\/v2\/tags?post=21279"}],"curies":[{"name":"wp","href":"https:\/\/api.w.org\/{rel}","templated":true}]}}