{"id":21282,"date":"2019-03-11T19:00:00","date_gmt":"2019-03-11T23:00:00","guid":{"rendered":"https:\/\/linitiative.ca\/International\/salon-des-energies-renouvelables-miroir-des-dernieres-technologies\/"},"modified":"2019-03-11T19:00:00","modified_gmt":"2019-03-11T23:00:00","slug":"salon-des-energies-renouvelables-miroir-des-dernieres-technologies","status":"publish","type":"post","link":"https:\/\/linitiative.ca\/International\/salon-des-energies-renouvelables-miroir-des-dernieres-technologies\/","title":{"rendered":"Salon des \u00e9nergies Renouvelables :  Miroir des derni\u00e8res technologies"},"content":{"rendered":"<p>Huawei a pr\u00e9sent\u00e9 via sa filiale alg\u00e9rienne ses derni\u00e8res technologies des \u00e9nergies renouvelables, \u00e0 l\u2019occasion de la 2e\u00a0 \u00e9dition du Salon international de l\u2019environnement et des \u00e9nergies renouvelables.\u00a0\u00a0\u00a0\u00a0\u00a0\u00a0\u00a0\u00a0\u00a0\u00a0\u00a0\u00a0\u00a0\u00a0\u00a0\u00a0\u00a0\u00a0\u00a0\u00a0\u00a0\u00a0\u00a0\u00a0\u00a0\u00a0\u00a0\u00a0\u00a0\u00a0\u00a0\u00a0\u00a0\u00a0\u00a0\u00a0\u00a0\u00a0\u00a0\u00a0\u00a0\u00a0\u00a0\u00a0\u00a0\u00a0\u00a0\u00a0\u00a0\u00a0\u00a0\u00a0<br \/>Premier innovateur des technologies de l&rsquo;information et de la communication au monde et important acteur dans le secteur des \u00e9nergies renouvelables, Huawei a pr\u00e9sent\u00e9 ses derni\u00e8res technologies en mati\u00e8re d\u2019\u00e9nergies renouvelables : onduleurs solaires dot\u00e9s d&rsquo;intelligence artificielle et data center hautement d\u00e9velopp\u00e9s.\u00a0\u00a0\u00a0\u00a0\u00a0\u00a0\u00a0\u00a0\u00a0\u00a0\u00a0\u00a0\u00a0\u00a0\u00a0\u00a0\u00a0\u00a0\u00a0\u00a0<br \/>La ministre de l&rsquo;Environnement et des \u00c9nergies renouvelables, Mme Fatma- Zohra Zerouati, accompagn\u00e9e du ministre de la Formation professionnelle, M. Mohamed Mebarki, et de l&rsquo;ambassadeur de la R\u00e9publique de Chine, Li lianhe, s&rsquo;est rendue au stand de Huawei pour y d\u00e9couvrir les derni\u00e8res innovations technologiques du fournisseur qui lui ont \u00e9t\u00e9 pr\u00e9sent\u00e9es par les repr\u00e9sentants du label chinois, dont le vice-pr\u00e9sident de Huawei Afrique du Nord, charg\u00e9 des relations publiques, Philipe Wang, le directeur de Huawei Alg\u00e9rie, Thierry Gao, la directrice de compte entreprise, Amel Bedjaoui, et enfin le directeur des relations publiques et communication de Huawei Alg\u00e9rie, Alexandre Tian. A travers sa participation, Huawei T\u00e9l\u00e9communications Alg\u00e9rie d\u00e9montre, encore une fois, l\u2019int\u00e9r\u00eat qu\u2019elle porte au march\u00e9 alg\u00e9rien des \u00e9nergies renouvelables et sa volont\u00e9 de participer au d\u00e9veloppement de ce dernier.\u00a0\u00a0\u00a0\u00a0\u00a0\u00a0\u00a0\u00a0\u00a0\u00a0\u00a0\u00a0\u00a0\u00a0\u00a0\u00a0\u00a0\u00a0\u00a0\u00a0\u00a0\u00a0\u00a0\u00a0\u00a0\u00a0\u00a0\u00a0\u00a0\u00a0\u00a0\u00a0\u00a0\u00a0\u00a0\u00a0\u00a0\u00a0\u00a0\u00a0\u00a0\u00a0\u00a0\u00a0\u00a0\u00a0\u00a0\u00a0\u00a0\u00a0\u00a0\u00a0\u00a0\u00a0\u00a0\u00a0\u00a0\u00a0\u00a0\u00a0\u00a0\u00a0\u00a0\u00a0\u00a0\u00a0\u00a0\u00a0\u00a0\u00a0\u00a0\u00a0\u00a0\u00a0\u00a0\u00a0\u00a0\u00a0\u00a0\u00a0\u00a0\u00a0\u00a0\u00a0\u00a0\u00a0\u00a0\u00a0\u00a0\u00a0\u00a0\u00a0\u00a0\u00a0\u00a0\u00a0\u00a0\u00a0\u00a0\u00a0\u00a0\u00a0\u00a0\u00a0\u00a0\u00a0\u00a0\u00a0\u00a0\u00a0\u00a0\u00a0\u00a0\u00a0\u00a0\u00a0\u00a0\u00a0\u00a0\u00a0\u00a0\u00a0\u00a0\u00a0\u00a0\u00a0\u00a0\u00a0\u00a0\u00a0\u00a0\u00a0\u00a0\u00a0\u00a0\u00a0\u00a0\u00a0<br \/>M. Alexandre Tian a, \u00e0 cette occasion, offert, \u00e0 Mme Zerouati\u00a0 un livre retra\u00e7ant l&rsquo;histoire de Huawei et son d\u00e9veloppement depuis sa cr\u00e9ation en 1987.<br \/>M. M.<\/p>\n<p>Auteur: elmoudjahid<br \/>\n<a href=\"http:\/\/www.elmoudjahid.com\/fr\/actualites\/134693\">Cliquez ici pour lire l&rsquo;article depuis sa source.<\/a><\/p>\n","protected":false},"excerpt":{"rendered":"<p>Huawei a pr\u00e9sent\u00e9 via sa filiale alg\u00e9rienne ses derni\u00e8res technologies des \u00e9nergies renouvelables, \u00e0 l\u2019occasion de la 2e\u00a0 \u00e9dition du Salon international de l\u2019environnement et des \u00e9nergies renouvelables.\u00a0\u00a0\u00a0\u00a0\u00a0\u00a0\u00a0\u00a0\u00a0\u00a0\u00a0\u00a0\u00a0\u00a0\u00a0\u00a0\u00a0\u00a0\u00a0\u00a0\u00a0\u00a0\u00a0\u00a0\u00a0\u00a0\u00a0\u00a0\u00a0\u00a0\u00a0\u00a0\u00a0\u00a0\u00a0\u00a0\u00a0\u00a0\u00a0\u00a0\u00a0\u00a0\u00a0\u00a0\u00a0\u00a0\u00a0\u00a0\u00a0\u00a0\u00a0\u00a0Premier innovateur des technologies de l&rsquo;information et de la communication au monde et important acteur dans le secteur des \u00e9nergies renouvelables, Huawei a pr\u00e9sent\u00e9 ses derni\u00e8res technologies en [&hellip;]<\/p>\n","protected":false},"author":1744,"featured_media":0,"comment_status":"closed","ping_status":"closed","sticky":false,"template":"","format":"standard","meta":{"fifu_image_url":"","fifu_image_alt":"","footnotes":""},"categories":[73,53],"tags":[],"class_list":["post-21282","post","type-post","status-publish","format-standard","hentry","category-actualite","category-algerie"],"_links":{"self":[{"href":"https:\/\/linitiative.ca\/International\/wp-json\/wp\/v2\/posts\/21282","targetHints":{"allow":["GET"]}}],"collection":[{"href":"https:\/\/linitiative.ca\/International\/wp-json\/wp\/v2\/posts"}],"about":[{"href":"https:\/\/linitiative.ca\/International\/wp-json\/wp\/v2\/types\/post"}],"author":[{"embeddable":true,"href":"https:\/\/linitiative.ca\/International\/wp-json\/wp\/v2\/users\/1744"}],"replies":[{"embeddable":true,"href":"https:\/\/linitiative.ca\/International\/wp-json\/wp\/v2\/comments?post=21282"}],"version-history":[{"count":0,"href":"https:\/\/linitiative.ca\/International\/wp-json\/wp\/v2\/posts\/21282\/revisions"}],"wp:attachment":[{"href":"https:\/\/linitiative.ca\/International\/wp-json\/wp\/v2\/media?parent=21282"}],"wp:term":[{"taxonomy":"category","embeddable":true,"href":"https:\/\/linitiative.ca\/International\/wp-json\/wp\/v2\/categories?post=21282"},{"taxonomy":"post_tag","embeddable":true,"href":"https:\/\/linitiative.ca\/International\/wp-json\/wp\/v2\/tags?post=21282"}],"curies":[{"name":"wp","href":"https:\/\/api.w.org\/{rel}","templated":true}]}}