{"id":21287,"date":"2019-03-11T19:00:00","date_gmt":"2019-03-11T23:00:00","guid":{"rendered":"https:\/\/linitiative.ca\/International\/generalisation-de-lamazigh-davantage-defforts\/"},"modified":"2019-03-11T19:00:00","modified_gmt":"2019-03-11T23:00:00","slug":"generalisation-de-lamazigh-davantage-defforts","status":"publish","type":"post","link":"https:\/\/linitiative.ca\/International\/generalisation-de-lamazigh-davantage-defforts\/","title":{"rendered":"G\u00e9n\u00e9ralisation de l\u2019amazigh   :  Davantage d\u2019efforts"},"content":{"rendered":"<p>Le secr\u00e9taire g\u00e9n\u00e9ral du Haut Commissariat \u00e0 l\u2019Amazighit\u00e9, Si El Hachemi Assad, a relev\u00e9, dimanche \u00e0 Djanet, l&rsquo;importance de \u00abd\u00e9ployer davantage d&rsquo;efforts pour la g\u00e9n\u00e9ralisation de Tamazight\u00bb dans tous les secteurs, notamment le tourisme et l&rsquo;artisanat. A ce propos, M. Assad a insist\u00e9, dans une d\u00e9claration \u00e0 la presse au terme des festivit\u00e9s amazighes du tourisme et de l\u2019artisanat, sur \u00abl&rsquo;importance de renforcer la coop\u00e9ration entre le HCA et le secteur du tourisme pour promouvoir la langue amazighe\u00bb. Rappelant les acquis r\u00e9alis\u00e9s par le HCA en mati\u00e8re de g\u00e9n\u00e9ralisation de l&rsquo;enseignement de Tamazight dans les secteurs de l&rsquo;\u00e9ducation nationale, de l&rsquo;enseignement sup\u00e9rieur et de la formation professionnelle, M. Assad a estim\u00e9 que l&rsquo;int\u00e9gration de cette langue dans le secteur du tourisme \u00e9tait un pas positif pour sa promotion dans d&rsquo;autres secteurs de services.<br \/>Dans ce contexte, le SG du HCA a rappel\u00e9 le protocole sign\u00e9 entre le minist\u00e8re du Tourisme et le Commissariat pour l&rsquo;introduction de cette langue en tant que mati\u00e8re d&rsquo;enseignement dans les instituts et \u00e9coles sp\u00e9cialis\u00e9s en tourisme et h\u00f4tellerie et la d\u00e9nomination des structures h\u00f4teli\u00e8res et sites touristiques en langue amazighe. Le HCA \u0153uvre dans le cadre de ce protocole \u00e0 la traduction du portail \u00e9lectronique du minist\u00e8re de l&rsquo;Agriculture en amazigh, a-t-il pr\u00e9cis\u00e9.<\/p>\n<p>Auteur: elmoudjahid<br \/>\n<a href=\"http:\/\/www.elmoudjahid.com\/fr\/actualites\/134694\">Cliquez ici pour lire l&rsquo;article depuis sa source.<\/a><\/p>\n","protected":false},"excerpt":{"rendered":"<p>Le secr\u00e9taire g\u00e9n\u00e9ral du Haut Commissariat \u00e0 l\u2019Amazighit\u00e9, Si El Hachemi Assad, a relev\u00e9, dimanche \u00e0 Djanet, l&rsquo;importance de \u00abd\u00e9ployer davantage d&rsquo;efforts pour la g\u00e9n\u00e9ralisation de Tamazight\u00bb dans tous les secteurs, notamment le tourisme et l&rsquo;artisanat. A ce propos, M. Assad a insist\u00e9, dans une d\u00e9claration \u00e0 la presse au terme des festivit\u00e9s amazighes du [&hellip;]<\/p>\n","protected":false},"author":1744,"featured_media":0,"comment_status":"closed","ping_status":"closed","sticky":false,"template":"","format":"standard","meta":{"fifu_image_url":"","fifu_image_alt":"","footnotes":""},"categories":[73,53],"tags":[],"class_list":["post-21287","post","type-post","status-publish","format-standard","hentry","category-actualite","category-algerie"],"_links":{"self":[{"href":"https:\/\/linitiative.ca\/International\/wp-json\/wp\/v2\/posts\/21287","targetHints":{"allow":["GET"]}}],"collection":[{"href":"https:\/\/linitiative.ca\/International\/wp-json\/wp\/v2\/posts"}],"about":[{"href":"https:\/\/linitiative.ca\/International\/wp-json\/wp\/v2\/types\/post"}],"author":[{"embeddable":true,"href":"https:\/\/linitiative.ca\/International\/wp-json\/wp\/v2\/users\/1744"}],"replies":[{"embeddable":true,"href":"https:\/\/linitiative.ca\/International\/wp-json\/wp\/v2\/comments?post=21287"}],"version-history":[{"count":0,"href":"https:\/\/linitiative.ca\/International\/wp-json\/wp\/v2\/posts\/21287\/revisions"}],"wp:attachment":[{"href":"https:\/\/linitiative.ca\/International\/wp-json\/wp\/v2\/media?parent=21287"}],"wp:term":[{"taxonomy":"category","embeddable":true,"href":"https:\/\/linitiative.ca\/International\/wp-json\/wp\/v2\/categories?post=21287"},{"taxonomy":"post_tag","embeddable":true,"href":"https:\/\/linitiative.ca\/International\/wp-json\/wp\/v2\/tags?post=21287"}],"curies":[{"name":"wp","href":"https:\/\/api.w.org\/{rel}","templated":true}]}}