{"id":21291,"date":"2019-03-11T19:00:00","date_gmt":"2019-03-11T23:00:00","guid":{"rendered":"https:\/\/linitiative.ca\/International\/m-mebarki-recoit-lambassadeur-du-sultanat-doman-promouvoir-les-echanges-dans-la-formation-professionnelle\/"},"modified":"2019-03-11T19:00:00","modified_gmt":"2019-03-11T23:00:00","slug":"m-mebarki-recoit-lambassadeur-du-sultanat-doman-promouvoir-les-echanges-dans-la-formation-professionnelle","status":"publish","type":"post","link":"https:\/\/linitiative.ca\/International\/m-mebarki-recoit-lambassadeur-du-sultanat-doman-promouvoir-les-echanges-dans-la-formation-professionnelle\/","title":{"rendered":"M. Mebarki re\u00e7oit l\u2019ambassadeur du sultanat d\u2019Oman  :  Promouvoir les \u00e9changes dans la formation professionnelle"},"content":{"rendered":"<p>Le ministre de la Formation et de l&rsquo;Enseignement professionnels, Mohammed Mebarki, a re\u00e7u, hier, l&rsquo;ambassadeur du Sultanat d&rsquo;Oman, Nasser Ben Seyf Ben Salem El Haoussi, avec lequel il a convenu d&rsquo;organiser les \u00e9changes en mati\u00e8re d&rsquo;ing\u00e9nierie p\u00e9dagogique et de formation des formateurs. Les entretiens ont port\u00e9 sur \u00abl&rsquo;\u00e9tat des relations entre les deux pays, ainsi que les voies et moyens permettant leur d\u00e9veloppement dans le domaine de la formation professionnelle et l&rsquo;enseignement technique\u00bb. Les deux parties ont convenu d&rsquo;organiser \u00ables \u00e9changes en mati\u00e8re d&rsquo;ing\u00e9nierie p\u00e9dagogique et de formation de formateurs, ainsi que de favoriser les jumelages entre les \u00e9tablissements\u00bb. Par ailleurs, le diplomate \u00e9tait porteur d&rsquo;une invitation adress\u00e9e \u00e0 M. Mebarki pour prendre part au \u00abForum sur l&rsquo;apport des technologies et de l&rsquo;innovation dans l&rsquo;enseignement dans la r\u00e9gion Moyen-Orient et Afrique du Nord (MENA)\u00bb, qui se d\u00e9roulera \u00e0 Mascate, du 16 au 18 septembre. Le ministre a \u00abdonn\u00e9 son accord de principe pour y participer\u00bb et soulign\u00e9 que cette manifestation scientifique sera \u00abune opportunit\u00e9 pour non seulement exposer l&rsquo;exp\u00e9rience alg\u00e9rienne en la mati\u00e8re mais \u00e9galement s&rsquo;impr\u00e9gner des bonnes pratiques d\u00e9velopp\u00e9es par les pays de la r\u00e9gion MENA\u00bb.<\/p>\n<p>Auteur: elmoudjahid<br \/>\n<a href=\"http:\/\/www.elmoudjahid.com\/fr\/actualites\/134695\">Cliquez ici pour lire l&rsquo;article depuis sa source.<\/a><\/p>\n","protected":false},"excerpt":{"rendered":"<p>Le ministre de la Formation et de l&rsquo;Enseignement professionnels, Mohammed Mebarki, a re\u00e7u, hier, l&rsquo;ambassadeur du Sultanat d&rsquo;Oman, Nasser Ben Seyf Ben Salem El Haoussi, avec lequel il a convenu d&rsquo;organiser les \u00e9changes en mati\u00e8re d&rsquo;ing\u00e9nierie p\u00e9dagogique et de formation des formateurs. Les entretiens ont port\u00e9 sur \u00abl&rsquo;\u00e9tat des relations entre les deux pays, ainsi [&hellip;]<\/p>\n","protected":false},"author":1744,"featured_media":0,"comment_status":"closed","ping_status":"closed","sticky":false,"template":"","format":"standard","meta":{"fifu_image_url":"","fifu_image_alt":"","footnotes":""},"categories":[73,53],"tags":[],"class_list":["post-21291","post","type-post","status-publish","format-standard","hentry","category-actualite","category-algerie"],"_links":{"self":[{"href":"https:\/\/linitiative.ca\/International\/wp-json\/wp\/v2\/posts\/21291","targetHints":{"allow":["GET"]}}],"collection":[{"href":"https:\/\/linitiative.ca\/International\/wp-json\/wp\/v2\/posts"}],"about":[{"href":"https:\/\/linitiative.ca\/International\/wp-json\/wp\/v2\/types\/post"}],"author":[{"embeddable":true,"href":"https:\/\/linitiative.ca\/International\/wp-json\/wp\/v2\/users\/1744"}],"replies":[{"embeddable":true,"href":"https:\/\/linitiative.ca\/International\/wp-json\/wp\/v2\/comments?post=21291"}],"version-history":[{"count":0,"href":"https:\/\/linitiative.ca\/International\/wp-json\/wp\/v2\/posts\/21291\/revisions"}],"wp:attachment":[{"href":"https:\/\/linitiative.ca\/International\/wp-json\/wp\/v2\/media?parent=21291"}],"wp:term":[{"taxonomy":"category","embeddable":true,"href":"https:\/\/linitiative.ca\/International\/wp-json\/wp\/v2\/categories?post=21291"},{"taxonomy":"post_tag","embeddable":true,"href":"https:\/\/linitiative.ca\/International\/wp-json\/wp\/v2\/tags?post=21291"}],"curies":[{"name":"wp","href":"https:\/\/api.w.org\/{rel}","templated":true}]}}