{"id":21292,"date":"2019-03-12T08:36:16","date_gmt":"2019-03-12T12:36:16","guid":{"rendered":"https:\/\/linitiative.ca\/International\/manifestations-dans-plusieurs-villes-dalgerie-contre-la-prolongation-du-mandat-de-bouteflika\/"},"modified":"2019-03-12T08:36:16","modified_gmt":"2019-03-12T12:36:16","slug":"manifestations-dans-plusieurs-villes-dalgerie-contre-la-prolongation-du-mandat-de-bouteflika","status":"publish","type":"post","link":"https:\/\/linitiative.ca\/International\/manifestations-dans-plusieurs-villes-dalgerie-contre-la-prolongation-du-mandat-de-bouteflika\/","title":{"rendered":"Manifestations dans plusieurs villes d\u2019Alg\u00e9rie contre la prolongation du mandat de Bouteflika"},"content":{"rendered":"<h4 class=\"title-14\"\/>\n<div class=\"featured_image\"><img width=\"1728\" height=\"816\" data-cfsrc=\"https:\/\/www.elwatan.com\/wp-content\/uploads\/2019\/03\/Grande-poste-ph.jpg\" class=\"attachment-post-thumbnail size-post-thumbnail wp-post-image c1\" alt=\"\" srcset=\"https:\/\/www.elwatan.com\/wp-content\/uploads\/2019\/03\/Grande-poste-ph.jpg 1728w, https:\/\/www.elwatan.com\/wp-content\/uploads\/2019\/03\/Grande-poste-ph-300x142.jpg 300w, https:\/\/www.elwatan.com\/wp-content\/uploads\/2019\/03\/Grande-poste-ph-768x363.jpg 768w, https:\/\/www.elwatan.com\/wp-content\/uploads\/2019\/03\/Grande-poste-ph-1024x484.jpg 1024w, https:\/\/www.elwatan.com\/wp-content\/uploads\/2019\/03\/Grande-poste-ph-1320x623.jpg 1320w\" sizes=\"(max-width: 1728px) 100vw, 1728px\"\/><noscript><\/p>\n<p><img loading=\"lazy\" decoding=\"async\" width=\"1728\" height=\"816\" src=\"https:\/\/www.elwatan.com\/wp-content\/uploads\/2019\/03\/Grande-poste-ph.jpg\" class=\"attachment-post-thumbnail size-post-thumbnail wp-post-image\" alt=\"\" srcset=\"https:\/\/www.elwatan.com\/wp-content\/uploads\/2019\/03\/Grande-poste-ph.jpg 1728w, https:\/\/www.elwatan.com\/wp-content\/uploads\/2019\/03\/Grande-poste-ph-300x142.jpg 300w, https:\/\/www.elwatan.com\/wp-content\/uploads\/2019\/03\/Grande-poste-ph-768x363.jpg 768w, https:\/\/www.elwatan.com\/wp-content\/uploads\/2019\/03\/Grande-poste-ph-1024x484.jpg 1024w, https:\/\/www.elwatan.com\/wp-content\/uploads\/2019\/03\/Grande-poste-ph-1320x623.jpg 1320w\" sizes=\"auto, (max-width: 1728px) 100vw, 1728px\"\/><\/p>\n<p><\/noscript> <span class=\"featured-image-caption\">la grande poste \u00e0 Alger : \u00a0\u00bb Le peuple alg\u00e9rien veut le d\u00e9part de Bouteflika et des symboles de son r\u00e9gime corrompu\u00a0\u00bb.<\/span><\/div>\n<p>Plusieurs manifestations ont eu lieu hier soir et aujourd\u2019hui, dans diff\u00e9rentes villes du pays, pour exprimer le rejet de la prolongation du mandat du pr\u00e9sident Abdelaziz Bouteflika et r\u00e9clamer le d\u00e9part de tout le r\u00e9gime en place.<\/p>\n<p>Alger est actuellement le th\u00e9\u00e2tre de marches et de rassemblements organis\u00e9s par des \u00e9tudiants et d\u2019autres citoyens qui scandent \u00ab\u00a0Djemhouria machi mamelaka (Une R\u00e9publique et non une monarchie)\u00a0\u00bb. \u00ab\u00a0Le peuple alg\u00e9rien veut le d\u00e9part de Bouteflika et des symboles de son syst\u00e8me corrompu\u00a0\u00bb, lit-on sur une pancarte brandie au milieu de la grande foule qui occupe, \u00e0 l\u2019heure o\u00f9 nous mettons en ligne, le centre de la capitale.<\/p>\n<p>A B\u00e9jaia, des milliers d\u2019\u00e9tudiants, rejoints par de nombreux manifestants dont certains sont venus avec leurs enfants, ont organis\u00e9 une marche pour r\u00e9it\u00e9rer leur revendication\u00a0principale r\u00e9sum\u00e9 dans le slogan : \u00ab\u00a0Syst\u00e8me d\u00e9gage\u00a0!\u00bb. La ville de B\u00e9jaia a abrit\u00e9 aussi ce matin une autre marche organis\u00e9e par les m\u00e9decins pour dire NON \u00e0 l\u2019offre du pouvoir \u00ab\u00a0Syst\u00e8me d\u00e9gage, <a href=\"https:\/\/www.elwatan.com\/edition\/actualite\/bouteflika-partira-le-systeme-attendra-11-03-2019\">Lammara d\u00e9gage, Bedoui d\u00e9gage<\/a>\u00a0! \u00bb, ont cri\u00e9 les blouses blanches du CHU Khelil Amrane Ils d\u00e9filaient avec une banderole sur laquelle ils ont \u00e9crit \u00ab\u00a0La sant\u00e9 s\u2019engage, syst\u00e8me d\u00e9gage\u00a0\u00bb.<\/p>\n<p>Les S\u00e9tifiens n\u2019ont pas attendu que le jour se l\u00e8ve pour r\u00e9agir. Ils \u00e9taient des centaines \u00e0 sortir hier dans la soir\u00e9e pour manifester leur refus \u00e0 l\u2019offre du pouvoir portant <a href=\"https:\/\/www.elwatan.com\/a-la-une\/il-a-annule-la-presidentielle-et-reste-au-pouvoir-la-derniere-ruse-de-bouteflika-12-03-2019\">report de l\u2019\u00e9lection pr\u00e9sidentiell<\/a>e et organisation d\u2019une conf\u00e9rence nationale sous la houlette du r\u00e9gime. \u00ab\u00a0 Makanche \u00a0tajil ya Bouteflika ( pas de report)\u00a0\u00bb, ont chant\u00e9 des centaines de jeunes dans la ville de S\u00e9tif.<\/p>\n<p>Des marches similaires, organis\u00e9es par des \u00e9tudiants, ont eu lieu aujourd\u2019hui dans d\u2019autres villes dont Boumerd\u00e8s et Constantine.<\/p>\n<p>Il est \u00e0 signaler que des appels ont \u00e9t\u00e9 lanc\u00e9s depuis hier, invitant les Alg\u00e9riens \u00e0 participer massivement aux manifestations pacifiques pr\u00e9vues vendredi prochain \u00e0 travers tout le pays.<\/p>\n<p><iframe loading=\"lazy\" class=\"c5\" src=\"https:\/\/www.facebook.com\/plugins\/video.php?href=https%3A%2F%2Fwww.facebook.com%2Fdjafaar.kheloufi%2Fvideos%2F10205386570901220%2F&#038;show_text=0&#038;width=267\" width=\"267\" height=\"476\" frameborder=\"0\" scrolling=\"no\" allowfullscreen=\"allowfullscreen\">[embedded content]<\/iframe><\/p>\n<div class=\"yuzo_related_post style-1\" data-version=\"5.12.88\">\n<p><h3>Related Post<\/h3>\n<\/p>\n<div class=\"yuzo_wraps\">\n<div class=\"relatedthumb relatedpost-555893 c12\"><a href=\"https:\/\/www.elwatan.com\/edition\/economie\/le-site-du-complexe-del-hadjar-est-inadapte-31-01-2019\"\/><\/p>\n<p><span class=\"yuzo__text--title c11\">Le site du complexe d\u2019El Hadjar est \u00abinadapt&#8230;<\/span><\/div>\n<div class=\"relatedthumb relatedpost-154204 c12\"><a href=\"https:\/\/www.elwatan.com\/edition\/contributions\/massinissa-et-syphax-duel-de-deux-rois-07-10-2018\"\/><\/p>\n<p><span class=\"yuzo__text--title c11\">Massinissa et Syphax : duel de deux rois<\/span><\/div>\n<div class=\"relatedthumb relatedpost-374129 c12\"><a href=\"https:\/\/www.elwatan.com\/regions\/centre\/alger\/troncon-hamiz-lartisanat-une-congestion-dementielle-24-12-2018\"\/><\/p>\n<p><span class=\"yuzo__text--title c11\">Tron\u00e7on Hamiz- l\u2019Artisanat :\u00a0Une congestion d\u00e9ment&#8230;<\/span><\/div>\n<div class=\"relatedthumb relatedpost-553733 c12\"><a href=\"https:\/\/www.elwatan.com\/edition\/sports\/ligue-2-el-eulma-veut-la-premiere-place-18-01-2019\"\/><\/p>\n<p><span class=\"yuzo__text--title c11\">Ligue 2\u00a0: El Eulma veut la premi\u00e8re place<\/span><\/div>\n<\/div>\n<\/div>\n<p><span class=\"post-views-label\">Post Views:<\/span> <span class=\"post-views-count\">1\u00a0384<\/span><\/p>\n<p>Auteur: Farouk Djouadi<br \/>\n<a href=\"https:\/\/www.elwatan.com\/edition\/actualite\/manifestations-dans-plusieurs-villes-dalgerie-contre-la-prolongation-du-mandat-de-bouteflika-12-03-2019\">Cliquez ici pour lire l&rsquo;article depuis sa source.<\/a><\/p>\n","protected":false},"excerpt":{"rendered":"<p>la grande poste \u00e0 Alger : \u00a0\u00bb Le peuple alg\u00e9rien veut le d\u00e9part de Bouteflika et des symboles de son r\u00e9gime corrompu\u00a0\u00bb. Plusieurs manifestations ont eu lieu hier soir et aujourd\u2019hui, dans diff\u00e9rentes villes du pays, pour exprimer le rejet de la prolongation du mandat du pr\u00e9sident Abdelaziz Bouteflika et r\u00e9clamer le d\u00e9part de tout [&hellip;]<\/p>\n","protected":false},"author":1743,"featured_media":21293,"comment_status":"closed","ping_status":"closed","sticky":false,"template":"","format":"standard","meta":{"fifu_image_url":"","fifu_image_alt":"","footnotes":""},"categories":[73,53],"tags":[],"class_list":["post-21292","post","type-post","status-publish","format-standard","has-post-thumbnail","hentry","category-actualite","category-algerie"],"_links":{"self":[{"href":"https:\/\/linitiative.ca\/International\/wp-json\/wp\/v2\/posts\/21292","targetHints":{"allow":["GET"]}}],"collection":[{"href":"https:\/\/linitiative.ca\/International\/wp-json\/wp\/v2\/posts"}],"about":[{"href":"https:\/\/linitiative.ca\/International\/wp-json\/wp\/v2\/types\/post"}],"author":[{"embeddable":true,"href":"https:\/\/linitiative.ca\/International\/wp-json\/wp\/v2\/users\/1743"}],"replies":[{"embeddable":true,"href":"https:\/\/linitiative.ca\/International\/wp-json\/wp\/v2\/comments?post=21292"}],"version-history":[{"count":0,"href":"https:\/\/linitiative.ca\/International\/wp-json\/wp\/v2\/posts\/21292\/revisions"}],"wp:featuredmedia":[{"embeddable":true,"href":"https:\/\/linitiative.ca\/International\/wp-json\/"}],"wp:attachment":[{"href":"https:\/\/linitiative.ca\/International\/wp-json\/wp\/v2\/media?parent=21292"}],"wp:term":[{"taxonomy":"category","embeddable":true,"href":"https:\/\/linitiative.ca\/International\/wp-json\/wp\/v2\/categories?post=21292"},{"taxonomy":"post_tag","embeddable":true,"href":"https:\/\/linitiative.ca\/International\/wp-json\/wp\/v2\/tags?post=21292"}],"curies":[{"name":"wp","href":"https:\/\/api.w.org\/{rel}","templated":true}]}}