{"id":21342,"date":"2019-03-12T10:00:11","date_gmt":"2019-03-12T14:00:11","guid":{"rendered":"https:\/\/linitiative.ca\/International\/bechar-10-000-personnes-prennent-part-aux-activites-de-la-caravane-saharienne\/"},"modified":"2019-03-12T10:00:11","modified_gmt":"2019-03-12T14:00:11","slug":"bechar-10-000-personnes-prennent-part-aux-activites-de-la-caravane-saharienne","status":"publish","type":"post","link":"https:\/\/linitiative.ca\/International\/bechar-10-000-personnes-prennent-part-aux-activites-de-la-caravane-saharienne\/","title":{"rendered":"Bechar: 10.000 personnes prennent part aux activit\u00e9s de la caravane \u00a0\u00bbSaharienne\u00a0\u00bb"},"content":{"rendered":"<div>\n<div class=\"K2FeedImage\"><img decoding=\"async\" src=\"http:\/\/www.aps.dz\/media\/k2\/items\/cache\/a9a636e8e978853f55c1b138621e65c0_S.jpg\" alt=\"Bechar: 10.000 personnes prennent part aux activit\u00e9s de la caravane ''Saharienne''\"><\/div>\n<div class=\"K2FeedIntroText\">\n<p>BECHAR- Quelque 10.000 personnes ont suivi les spectacles et ateliers artistiques initi\u00e9s par l&rsquo;association culturelle et artistique \u00a0\u00bbSaharienne\u00a0\u00bb, au titre de sa caravane culturelle et artistique organis\u00e9e de novembre 2018 \u00e0 f\u00e9vrier 2019, \u00e0 travers la wilaya de Bechar, a d\u00e9clar\u00e9 mardi le pr\u00e9sident de l&rsquo;association.<\/p>\n<\/div>\n<div class=\"K2FeedFullText\">\n<p>La caravane a sillonn\u00e9 une dizaine de localit\u00e9s \u00e9loign\u00e9es et ksour, notamment B\u00e9ni-Ounif, Tabelbella, Taghit, El Ouata, Ouled-Khodeir, Timoudi, Tamtert, ainsi que plusieurs localit\u00e9s et ksour de la wilaya d\u00e9l\u00e9gu\u00e9e de B\u00e9ni-Abbes (240 km au sud de Bechar), a indiqu\u00e9, \u00e0 l&rsquo;APS, Noureddine Rahou.<\/p>\n<p>Le public, notamment les enfants, ont appr\u00e9ci\u00e9 les diff\u00e9rents ateliers de dessins et d&rsquo;initiation aux technologies de l&rsquo;information et de la communication et aux techniques de l&rsquo;audiovisuel, a-t-il ajout\u00e9.<\/p>\n<blockquote>\n<p><em><strong>\u00ab\u00a0Ces ateliers culturels et artistiques d&rsquo;initiation, anim\u00e9s par des comp\u00e9tences locales et des artistes membres de notre association, ont suscit\u00e9 un engouement des enfants pour le th\u00e9\u00e2tre, la peinture, le chant et la musique, ce qui nous a permis d&rsquo;\u00e9veiller le talent de ces enfants, dont les cr\u00e9ations feront l&rsquo;objet d&rsquo;une exposition prochainement\u00a0\u00bb, a-t-il affirm\u00e9.<\/strong><\/em><\/p>\n<\/blockquote>\n<p>Des repr\u00e9sentations artistiques et culturelles ont \u00e9t\u00e9 \u00e9galement organis\u00e9es \u00e0 l&rsquo;occasion de cette caravane, sponsoris\u00e9e par des entreprises \u00e9conomiques locales.<\/p>\n<p>Une centaine d&rsquo;artistes de divers horizons ont pris part gracieusement aux manifestations, \u00ab\u00a0au grand bonheur des populations locales avides de ce genre d&rsquo;\u00e9venements\u00a0\u00bb, a soulign\u00e9 M. Rahou.<\/p>\n<blockquote>\n<p><em><strong>Cette caravane culturelle, d\u00e9montrant ainsi que le mouvement associatif culturel local avec peu de moyens \u00a0\u00bbpeut \u00eatre d&rsquo;un apport important au d\u00e9veloppement culturel de la r\u00e9gion et aussi contribuer \u00e0 la mise en exergue de jeunes talents ayant pris une part active \u00e0 la r\u00e9ussite des objectifs de cette initiative\u00a0\u00bb, a expliqu\u00e9 le pr\u00e9sident de \u00a0\u00bbSaharienne\u00a0\u00bb.<\/strong><\/em><\/p>\n<\/blockquote>\n<p>Des expositions de tableaux de peinture, d&rsquo;artisanat, de diff\u00e9rentes collections d&rsquo;objet d&rsquo;art et de photographies provenant de collectionneurs locaux, de cr\u00e9ation en couture de jeunes couturi\u00e8res, et de cr\u00e9ations et innovations de jeunes de la r\u00e9gion dans diff\u00e9rents domaines et technologies ont aussi marqu\u00e9 la tourn\u00e9e de cette caravane soutenue par les Assembl\u00e9es populaires des communes concern\u00e9es, et qui sera renouvel\u00e9e la saison prochaine (2019\/2020), indiqu\u00e9 M. Rahou.<\/p>\n<\/div>\n<\/div>\n<p>Auteur:<br \/>\n<a href=\"http:\/\/www.aps.dz\/regions\/86785-bechar-10-000-personnes-prennent-part-aux-activites-de-la-caravane-saharienne\">Cliquez ici pour lire l&rsquo;article depuis sa source.<\/a><\/p>\n","protected":false},"excerpt":{"rendered":"<p>BECHAR- Quelque 10.000 personnes ont suivi les spectacles et ateliers artistiques initi\u00e9s par l&rsquo;association culturelle et artistique \u00a0\u00bbSaharienne\u00a0\u00bb, au titre de sa caravane culturelle et artistique organis\u00e9e de novembre 2018 \u00e0 f\u00e9vrier 2019, \u00e0 travers la wilaya de Bechar, a d\u00e9clar\u00e9 mardi le pr\u00e9sident de l&rsquo;association. La caravane a sillonn\u00e9 une dizaine de localit\u00e9s \u00e9loign\u00e9es [&hellip;]<\/p>\n","protected":false},"author":1790,"featured_media":21343,"comment_status":"closed","ping_status":"closed","sticky":false,"template":"","format":"standard","meta":{"fifu_image_url":"","fifu_image_alt":"","footnotes":""},"categories":[53,76],"tags":[],"class_list":["post-21342","post","type-post","status-publish","format-standard","has-post-thumbnail","hentry","category-algerie","category-regions"],"_links":{"self":[{"href":"https:\/\/linitiative.ca\/International\/wp-json\/wp\/v2\/posts\/21342","targetHints":{"allow":["GET"]}}],"collection":[{"href":"https:\/\/linitiative.ca\/International\/wp-json\/wp\/v2\/posts"}],"about":[{"href":"https:\/\/linitiative.ca\/International\/wp-json\/wp\/v2\/types\/post"}],"author":[{"embeddable":true,"href":"https:\/\/linitiative.ca\/International\/wp-json\/wp\/v2\/users\/1790"}],"replies":[{"embeddable":true,"href":"https:\/\/linitiative.ca\/International\/wp-json\/wp\/v2\/comments?post=21342"}],"version-history":[{"count":0,"href":"https:\/\/linitiative.ca\/International\/wp-json\/wp\/v2\/posts\/21342\/revisions"}],"wp:featuredmedia":[{"embeddable":true,"href":"https:\/\/linitiative.ca\/International\/wp-json\/"}],"wp:attachment":[{"href":"https:\/\/linitiative.ca\/International\/wp-json\/wp\/v2\/media?parent=21342"}],"wp:term":[{"taxonomy":"category","embeddable":true,"href":"https:\/\/linitiative.ca\/International\/wp-json\/wp\/v2\/categories?post=21342"},{"taxonomy":"post_tag","embeddable":true,"href":"https:\/\/linitiative.ca\/International\/wp-json\/wp\/v2\/tags?post=21342"}],"curies":[{"name":"wp","href":"https:\/\/api.w.org\/{rel}","templated":true}]}}