{"id":21385,"date":"2019-03-12T14:44:00","date_gmt":"2019-03-12T18:44:00","guid":{"rendered":"https:\/\/linitiative.ca\/International\/sara-limam-masmoudi-ne-tapez-pas-sur-lindustrie-pharmaceutique-tunisienne\/"},"modified":"2019-03-12T14:44:00","modified_gmt":"2019-03-12T18:44:00","slug":"sara-limam-masmoudi-ne-tapez-pas-sur-lindustrie-pharmaceutique-tunisienne","status":"publish","type":"post","link":"https:\/\/linitiative.ca\/International\/sara-limam-masmoudi-ne-tapez-pas-sur-lindustrie-pharmaceutique-tunisienne\/","title":{"rendered":"Sara Limam Masmoudi : Ne tapez pas sur l\u2019industrie pharmaceutique tunisienne"},"content":{"rendered":"<p>Pr\u00e9sidente de la de la chambre syndicale nationale des industries pharmaceutiques, Sara Limam Masmoudi d\u00e9plore vivement ce qu\u2019elle consid\u00e8re comme attaque frontale contre le secteur. Elle exprime \u00e9galement la solidarit\u00e9 de la profession avec le Professeur Senda Bahri directrice g\u00e9n\u00e9rale du Laboratoire national de contr\u00f4le des m\u00e9dicaments :<\/p>\n<p>\u00ab Dans nos pharmacies, plus de 3 bo\u00eetes de m\u00e9dicaments vendues sur 4 sont fabriqu\u00e9es localement, rappelle-t-elle dans un communiqu\u00e9 publi\u00e9e par la Chambre. Cela repr\u00e9sente une couverture nationale de 62% en valeur. L\u2019industrie pharmaceutique tunisienne exporte en Europe, en Afrique, au moyen orient et fait face aux audits les plus pointus de la part des autorit\u00e9s locales et internationales. L\u2019industrie pharmaceutique tunisienne poss\u00e8de des filiales en Europe, en Afrique du Nord, en Afrique subsaharienne. Le taux d\u2019encadrement d\u00e9passe 45%. L\u2019industrie pharmaceutique emploie l\u2019\u00e9lite de la Tunisie en pharmaciens, ing\u00e9nieurs, m\u00e9decins<\/p>\n<p>L\u2019industrie pharmaceutique tunisienne investit sans cesse dans ses structures et s\u2019aligne sur les r\u00e9glementations les plus strictes. Il est inadmissible aussi de salir des personnes de grande valeur qui se battent au quotidien et qui ont choisi de s\u2019engager dans le service public. Professeur Senda Bahri a mon total soutien face \u00e0 la cabale men\u00e9e contre elle. \u00bb<\/p>\n<p>Auteur:<br \/>\n<a href=\"https:\/\/www.leaders.com.tn\/article\/26675-sara-limam-masmoudi-ne-tapez-pas-sur-l-industrie-pharmaceutique-tunisienne\">Cliquez ici pour lire l&rsquo;article depuis sa source.<\/a><\/p>\n","protected":false},"excerpt":{"rendered":"<p>Pr\u00e9sidente de la de la chambre syndicale nationale des industries pharmaceutiques, Sara Limam Masmoudi d\u00e9plore vivement ce qu\u2019elle consid\u00e8re comme attaque frontale contre le secteur. Elle exprime \u00e9galement la solidarit\u00e9 de la profession avec le Professeur Senda Bahri directrice g\u00e9n\u00e9rale du Laboratoire national de contr\u00f4le des m\u00e9dicaments : \u00ab Dans nos pharmacies, plus de 3 [&hellip;]<\/p>\n","protected":false},"author":1772,"featured_media":0,"comment_status":"closed","ping_status":"closed","sticky":false,"template":"","format":"standard","meta":{"fifu_image_url":"","fifu_image_alt":"","footnotes":""},"categories":[73,55],"tags":[],"class_list":["post-21385","post","type-post","status-publish","format-standard","hentry","category-actualite","category-tunisie"],"_links":{"self":[{"href":"https:\/\/linitiative.ca\/International\/wp-json\/wp\/v2\/posts\/21385","targetHints":{"allow":["GET"]}}],"collection":[{"href":"https:\/\/linitiative.ca\/International\/wp-json\/wp\/v2\/posts"}],"about":[{"href":"https:\/\/linitiative.ca\/International\/wp-json\/wp\/v2\/types\/post"}],"author":[{"embeddable":true,"href":"https:\/\/linitiative.ca\/International\/wp-json\/wp\/v2\/users\/1772"}],"replies":[{"embeddable":true,"href":"https:\/\/linitiative.ca\/International\/wp-json\/wp\/v2\/comments?post=21385"}],"version-history":[{"count":0,"href":"https:\/\/linitiative.ca\/International\/wp-json\/wp\/v2\/posts\/21385\/revisions"}],"wp:attachment":[{"href":"https:\/\/linitiative.ca\/International\/wp-json\/wp\/v2\/media?parent=21385"}],"wp:term":[{"taxonomy":"category","embeddable":true,"href":"https:\/\/linitiative.ca\/International\/wp-json\/wp\/v2\/categories?post=21385"},{"taxonomy":"post_tag","embeddable":true,"href":"https:\/\/linitiative.ca\/International\/wp-json\/wp\/v2\/tags?post=21385"}],"curies":[{"name":"wp","href":"https:\/\/api.w.org\/{rel}","templated":true}]}}