{"id":21389,"date":"2019-03-12T12:37:07","date_gmt":"2019-03-12T16:37:07","guid":{"rendered":"https:\/\/linitiative.ca\/International\/tunisie-les-escaliers-de-lhopital-habib-thameur-metamorphoses\/"},"modified":"2019-03-12T12:37:07","modified_gmt":"2019-03-12T16:37:07","slug":"tunisie-les-escaliers-de-lhopital-habib-thameur-metamorphoses","status":"publish","type":"post","link":"https:\/\/linitiative.ca\/International\/tunisie-les-escaliers-de-lhopital-habib-thameur-metamorphoses\/","title":{"rendered":"Tunisie-  Les escaliers de l\u2019h\u00f4pital Habib Thameur m\u00e9tamorphos\u00e9s"},"content":{"rendered":"<div class=\"post-cont-in left relative\">\n<div class=\"nc_socialPanel swp_flatFresh swp_d_fullColor swp_i_fullColor swp_o_fullColor scale-100 scale-fullWidth\" data-position=\"none\" data-float=\"floatNone\" data-count=\"5\" data-floatcolor=\"#ffffff\" data-emphasize=\"0\">\n<div class=\"nc_tweetContainer totes totesalt\" data-id=\"6\"><span class=\"swp_count\"><span class=\"swp_label\">Partages<\/span> 4K<\/span><\/div>\n<\/div>\n<p>En coop\u00e9ration avec la municipalit\u00e9 de Sidi El bechir, l\u2019association du d\u00e9veloppement de Sidi El Bechir \u00e0 Montfleury a colori\u00e9 les vieux escaliers\u00a0 de l\u2019h\u00f4pital Habib Thameur , les transformant ainsi en \u0153uvre d\u2019art pleine de couleurs gaies.<\/p>\n<p>C\u2019est le directeur administratif ex\u00e9cutif, Maher Zanni qui a pris cette initiative. Il l\u2019a ex\u00e9cut\u00e9e\u00a0 avec son \u00e9quipe et la commune de Sidi El B\u00e9chir.<\/p>\n<div class=\"code-block code-block-1 c3\"><ins class=\"adsbygoogle c2\" data-ad-layout=\"in-article\" data-ad-format=\"fluid\" data-ad-client=\"ca-pub-2102118777505746\" data-ad-slot=\"7301775417\"\/> <\/div>\n<p><img loading=\"lazy\" decoding=\"async\" class=\"alignnone size-full wp-image-421367\" src=\"https:\/\/www.tunisienumerique.com\/wp-content\/uploads\/2019\/03\/escalier-sidi-el-bechir.jpg\" alt=\"\" width=\"492\" height=\"617\"\/><\/p>\n<div class=\"mvp-org-wrap mvp-org-logo\" itemprop=\"publisher\" itemscope=\"\" itemtype=\"https:\/\/schema.org\/Organization\"><img decoding=\"async\" src=\"https:\/\/www.tunisienumerique.com\/wp-content\/uploads\/2017\/02\/logo_tunisie_numerique.png\"\/><\/div>\n<div class=\"nc_socialPanel swp_flatFresh swp_d_fullColor swp_i_fullColor swp_o_fullColor scale-100 scale-fullWidth\" data-position=\"none\" data-float=\"floatNone\" data-count=\"5\" data-floatcolor=\"#ffffff\" data-emphasize=\"0\">\n<div class=\"nc_tweetContainer totes totesalt\" data-id=\"6\"><span class=\"swp_count\"><span class=\"swp_label\">Partages<\/span> 4K<\/span><\/div>\n<\/div>\n<div class=\"mvp-related-posts left relative\">\n<h4 class=\"post-header\"><span class=\"post-header\">Lire aussi<\/span><\/h4>\n<\/div>\n<\/div>\n<p>Auteur: Laameri Dorsaf<br \/>\n<a href=\"https:\/\/www.tunisienumerique.com\/tunisie-les-escaliers-de-lhopital-habib-thameur-metamorphoses\/\">Cliquez ici pour lire l&rsquo;article depuis sa source.<\/a><\/p>\n","protected":false},"excerpt":{"rendered":"<p>Partages 4K En coop\u00e9ration avec la municipalit\u00e9 de Sidi El bechir, l\u2019association du d\u00e9veloppement de Sidi El Bechir \u00e0 Montfleury a colori\u00e9 les vieux escaliers\u00a0 de l\u2019h\u00f4pital Habib Thameur , les transformant ainsi en \u0153uvre d\u2019art pleine de couleurs gaies. C\u2019est le directeur administratif ex\u00e9cutif, Maher Zanni qui a pris cette initiative. Il l\u2019a ex\u00e9cut\u00e9e\u00a0 [&hellip;]<\/p>\n","protected":false},"author":1789,"featured_media":21390,"comment_status":"closed","ping_status":"closed","sticky":false,"template":"","format":"standard","meta":{"fifu_image_url":"","fifu_image_alt":"","footnotes":""},"categories":[73,55],"tags":[],"class_list":["post-21389","post","type-post","status-publish","format-standard","has-post-thumbnail","hentry","category-actualite","category-tunisie"],"_links":{"self":[{"href":"https:\/\/linitiative.ca\/International\/wp-json\/wp\/v2\/posts\/21389","targetHints":{"allow":["GET"]}}],"collection":[{"href":"https:\/\/linitiative.ca\/International\/wp-json\/wp\/v2\/posts"}],"about":[{"href":"https:\/\/linitiative.ca\/International\/wp-json\/wp\/v2\/types\/post"}],"author":[{"embeddable":true,"href":"https:\/\/linitiative.ca\/International\/wp-json\/wp\/v2\/users\/1789"}],"replies":[{"embeddable":true,"href":"https:\/\/linitiative.ca\/International\/wp-json\/wp\/v2\/comments?post=21389"}],"version-history":[{"count":0,"href":"https:\/\/linitiative.ca\/International\/wp-json\/wp\/v2\/posts\/21389\/revisions"}],"wp:featuredmedia":[{"embeddable":true,"href":"https:\/\/linitiative.ca\/International\/wp-json\/"}],"wp:attachment":[{"href":"https:\/\/linitiative.ca\/International\/wp-json\/wp\/v2\/media?parent=21389"}],"wp:term":[{"taxonomy":"category","embeddable":true,"href":"https:\/\/linitiative.ca\/International\/wp-json\/wp\/v2\/categories?post=21389"},{"taxonomy":"post_tag","embeddable":true,"href":"https:\/\/linitiative.ca\/International\/wp-json\/wp\/v2\/tags?post=21389"}],"curies":[{"name":"wp","href":"https:\/\/api.w.org\/{rel}","templated":true}]}}