{"id":21393,"date":"2019-03-12T12:48:37","date_gmt":"2019-03-12T16:48:37","guid":{"rendered":"https:\/\/linitiative.ca\/International\/derniere-minute-la-tunisie-retiree-de-la-liste-noire-de-lunion-europeenne-des-pays-non-cooperatifs-en-matiere-de-fiscalite\/"},"modified":"2019-03-12T12:48:37","modified_gmt":"2019-03-12T16:48:37","slug":"derniere-minute-la-tunisie-retiree-de-la-liste-noire-de-lunion-europeenne-des-pays-non-cooperatifs-en-matiere-de-fiscalite","status":"publish","type":"post","link":"https:\/\/linitiative.ca\/International\/derniere-minute-la-tunisie-retiree-de-la-liste-noire-de-lunion-europeenne-des-pays-non-cooperatifs-en-matiere-de-fiscalite\/","title":{"rendered":"Derni\u00e8re minute\u00a0: La Tunisie retir\u00e9e de la liste noire de l\u2019Union Europ\u00e9enne des pays non coop\u00e9ratifs en mati\u00e8re de fiscalit\u00e9"},"content":{"rendered":"<div class=\"post-cont-in left relative\">\n<div class=\"nc_socialPanel swp_flatFresh swp_d_fullColor swp_i_fullColor swp_o_fullColor scale-100 scale-fullWidth\" data-position=\"none\" data-float=\"floatNone\" data-count=\"5\" data-floatcolor=\"#ffffff\" data-emphasize=\"0\">\n<div class=\"nc_tweetContainer totes totesalt\" data-id=\"6\"><span class=\"swp_count\"><span class=\"swp_label\">Partages<\/span> 86<\/span><\/div>\n<\/div>\n<p>Les \u00c9tats membres de l\u2019Union Europ\u00e9enne\u00a0ont approuv\u00e9, ce mardi, le retrait de la\u00a0Tunisie\u00a0de la liste des juridictions non-coop\u00e9ratives en mati\u00e8re de\u00a0fiscalit\u00e9\u00a0des entreprises, selon un\u00a0<a href=\"file:\/\/\/C:\/Users\/user\/Downloads\/IP-19-1606_FR.pdf\">communiqu\u00e9 de l\u2019Union Europ\u00e9enne<\/a>.<\/p>\n<p><img loading=\"lazy\" decoding=\"async\" class=\"aligncenter size-full wp-image-421377\" src=\"https:\/\/www.tunisienumerique.com\/wp-content\/uploads\/2019\/03\/liste-noire.png\" alt=\"\" width=\"790\" height=\"561\" srcset=\"https:\/\/www.tunisienumerique.com\/wp-content\/uploads\/2019\/03\/liste-noire.png 790w, https:\/\/www.tunisienumerique.com\/wp-content\/uploads\/2019\/03\/liste-noire-768x545.png 768w, https:\/\/www.tunisienumerique.com\/wp-content\/uploads\/2019\/03\/liste-noire-600x426.png 600w\" sizes=\"auto, (max-width: 790px) 100vw, 790px\"\/><\/p>\n<div class=\"code-block code-block-1 c3\"><ins class=\"adsbygoogle c2\" data-ad-layout=\"in-article\" data-ad-format=\"fluid\" data-ad-client=\"ca-pub-2102118777505746\" data-ad-slot=\"7301775417\"\/> <\/div>\n<div class=\"mvp-org-wrap mvp-org-logo\" itemprop=\"publisher\" itemscope=\"\" itemtype=\"https:\/\/schema.org\/Organization\"><img decoding=\"async\" src=\"https:\/\/www.tunisienumerique.com\/wp-content\/uploads\/2017\/02\/logo_tunisie_numerique.png\"\/><\/div>\n<div class=\"nc_socialPanel swp_flatFresh swp_d_fullColor swp_i_fullColor swp_o_fullColor scale-100 scale-fullWidth\" data-position=\"none\" data-float=\"floatNone\" data-count=\"5\" data-floatcolor=\"#ffffff\" data-emphasize=\"0\">\n<div class=\"nc_tweetContainer totes totesalt\" data-id=\"6\"><span class=\"swp_count\"><span class=\"swp_label\">Partages<\/span> 86<\/span><\/div>\n<\/div>\n<div class=\"mvp-related-posts left relative\">\n<h4 class=\"post-header\"><span class=\"post-header\">Lire aussi<\/span><\/h4>\n<\/div>\n<\/div>\n<p>Auteur: LM<br \/>\n<a href=\"https:\/\/www.tunisienumerique.com\/derniere-minute-la-tunisie-retiree-de-la-liste-noire-de-lunion-europeenne-des-pays-non-cooperatifs-en-matiere-de-fiscalite\/\">Cliquez ici pour lire l&rsquo;article depuis sa source.<\/a><\/p>\n","protected":false},"excerpt":{"rendered":"<p>Partages 86 Les \u00c9tats membres de l\u2019Union Europ\u00e9enne\u00a0ont approuv\u00e9, ce mardi, le retrait de la\u00a0Tunisie\u00a0de la liste des juridictions non-coop\u00e9ratives en mati\u00e8re de\u00a0fiscalit\u00e9\u00a0des entreprises, selon un\u00a0communiqu\u00e9 de l\u2019Union Europ\u00e9enne. Partages 86 Lire aussi Auteur: LM Cliquez ici pour lire l&rsquo;article depuis sa source.<\/p>\n","protected":false},"author":1789,"featured_media":21394,"comment_status":"closed","ping_status":"closed","sticky":false,"template":"","format":"standard","meta":{"fifu_image_url":"","fifu_image_alt":"","footnotes":""},"categories":[73,55],"tags":[],"class_list":["post-21393","post","type-post","status-publish","format-standard","has-post-thumbnail","hentry","category-actualite","category-tunisie"],"_links":{"self":[{"href":"https:\/\/linitiative.ca\/International\/wp-json\/wp\/v2\/posts\/21393","targetHints":{"allow":["GET"]}}],"collection":[{"href":"https:\/\/linitiative.ca\/International\/wp-json\/wp\/v2\/posts"}],"about":[{"href":"https:\/\/linitiative.ca\/International\/wp-json\/wp\/v2\/types\/post"}],"author":[{"embeddable":true,"href":"https:\/\/linitiative.ca\/International\/wp-json\/wp\/v2\/users\/1789"}],"replies":[{"embeddable":true,"href":"https:\/\/linitiative.ca\/International\/wp-json\/wp\/v2\/comments?post=21393"}],"version-history":[{"count":0,"href":"https:\/\/linitiative.ca\/International\/wp-json\/wp\/v2\/posts\/21393\/revisions"}],"wp:featuredmedia":[{"embeddable":true,"href":"https:\/\/linitiative.ca\/International\/wp-json\/"}],"wp:attachment":[{"href":"https:\/\/linitiative.ca\/International\/wp-json\/wp\/v2\/media?parent=21393"}],"wp:term":[{"taxonomy":"category","embeddable":true,"href":"https:\/\/linitiative.ca\/International\/wp-json\/wp\/v2\/categories?post=21393"},{"taxonomy":"post_tag","embeddable":true,"href":"https:\/\/linitiative.ca\/International\/wp-json\/wp\/v2\/tags?post=21393"}],"curies":[{"name":"wp","href":"https:\/\/api.w.org\/{rel}","templated":true}]}}