{"id":21405,"date":"2019-03-12T16:44:21","date_gmt":"2019-03-12T20:44:21","guid":{"rendered":"https:\/\/linitiative.ca\/International\/tunisie-les-representants-du-peuple-assurent-que-le-gouvernement-assume-la-responsabilite-du-deces-des-nourrissons\/"},"modified":"2019-03-12T16:44:21","modified_gmt":"2019-03-12T20:44:21","slug":"tunisie-les-representants-du-peuple-assurent-que-le-gouvernement-assume-la-responsabilite-du-deces-des-nourrissons","status":"publish","type":"post","link":"https:\/\/linitiative.ca\/International\/tunisie-les-representants-du-peuple-assurent-que-le-gouvernement-assume-la-responsabilite-du-deces-des-nourrissons\/","title":{"rendered":"Tunisie \u2013 Les repr\u00e9sentants du peuple assurent que le gouvernement assume la responsabilit\u00e9 du d\u00e9c\u00e8s des nourrissons"},"content":{"rendered":"<div class=\"post-cont-in left relative\">\n<div class=\"nc_socialPanel swp_flatFresh swp_d_fullColor swp_i_fullColor swp_o_fullColor scale-100 scale-fullWidth\" data-position=\"none\" data-float=\"floatNone\" data-count=\"5\" data-floatcolor=\"#ffffff\" data-emphasize=\"0\">\n<div class=\"nc_tweetContainer totes totesalt\" data-id=\"6\"><span class=\"swp_count\"><span class=\"swp_label\">Partages<\/span> 6<\/span><\/div>\n<\/div>\n<p>Les repr\u00e9sentants du peuple, et notamment, ceux de l\u2019opposition, ont \u00e9t\u00e9 unanimes, pour assurer que c\u2019est le gouvernement qui doit assumer la responsabilit\u00e9 des d\u00e9c\u00e8s des nourrissons dans la maternit\u00e9 d Wassila Bourguiba, ainsi que de l\u2019\u00e9tat d\u2019agitation et de frustration que cette catastrophe a occasionn\u00e9 chez le citoyens.<\/p>\n<p>De ce fait, les d\u00e9put\u00e9s ont demand\u00e9 au pr\u00e9sident du conseil de convoquer, dans les plus brefs d\u00e9lais, le chef du gouvernement, Youssef Chahed, pour l\u2019auditionner \u00e0 ce propos.<\/p>\n<div class=\"code-block code-block-1 c3\"><ins class=\"adsbygoogle c2\" data-ad-layout=\"in-article\" data-ad-format=\"fluid\" data-ad-client=\"ca-pub-2102118777505746\" data-ad-slot=\"7301775417\"\/> <\/div>\n<div class=\"mvp-org-wrap mvp-org-logo\" itemprop=\"publisher\" itemscope=\"\" itemtype=\"https:\/\/schema.org\/Organization\"><img decoding=\"async\" src=\"https:\/\/www.tunisienumerique.com\/wp-content\/uploads\/2017\/02\/logo_tunisie_numerique.png\"\/><\/div>\n<div class=\"nc_socialPanel swp_flatFresh swp_d_fullColor swp_i_fullColor swp_o_fullColor scale-100 scale-fullWidth\" data-position=\"none\" data-float=\"floatNone\" data-count=\"5\" data-floatcolor=\"#ffffff\" data-emphasize=\"0\">\n<div class=\"nc_tweetContainer totes totesalt\" data-id=\"6\"><span class=\"swp_count\"><span class=\"swp_label\">Partages<\/span> 6<\/span><\/div>\n<\/div>\n<div class=\"mvp-related-posts left relative\">\n<h4 class=\"post-header\"><span class=\"post-header\">Lire aussi<\/span><\/h4>\n<\/div>\n<\/div>\n<p>Auteur: LM<br \/>\n<a href=\"https:\/\/www.tunisienumerique.com\/tunisie-les-representants-du-peuple-assurent-que-le-gouvernement-assume-la-responsabilite-du-deces-des-nourrissons\/\">Cliquez ici pour lire l&rsquo;article depuis sa source.<\/a><\/p>\n","protected":false},"excerpt":{"rendered":"<p>Partages 6 Les repr\u00e9sentants du peuple, et notamment, ceux de l\u2019opposition, ont \u00e9t\u00e9 unanimes, pour assurer que c\u2019est le gouvernement qui doit assumer la responsabilit\u00e9 des d\u00e9c\u00e8s des nourrissons dans la maternit\u00e9 d Wassila Bourguiba, ainsi que de l\u2019\u00e9tat d\u2019agitation et de frustration que cette catastrophe a occasionn\u00e9 chez le citoyens. De ce fait, les [&hellip;]<\/p>\n","protected":false},"author":1789,"featured_media":21406,"comment_status":"closed","ping_status":"closed","sticky":false,"template":"","format":"standard","meta":{"fifu_image_url":"","fifu_image_alt":"","footnotes":""},"categories":[73,55],"tags":[],"class_list":["post-21405","post","type-post","status-publish","format-standard","has-post-thumbnail","hentry","category-actualite","category-tunisie"],"_links":{"self":[{"href":"https:\/\/linitiative.ca\/International\/wp-json\/wp\/v2\/posts\/21405","targetHints":{"allow":["GET"]}}],"collection":[{"href":"https:\/\/linitiative.ca\/International\/wp-json\/wp\/v2\/posts"}],"about":[{"href":"https:\/\/linitiative.ca\/International\/wp-json\/wp\/v2\/types\/post"}],"author":[{"embeddable":true,"href":"https:\/\/linitiative.ca\/International\/wp-json\/wp\/v2\/users\/1789"}],"replies":[{"embeddable":true,"href":"https:\/\/linitiative.ca\/International\/wp-json\/wp\/v2\/comments?post=21405"}],"version-history":[{"count":0,"href":"https:\/\/linitiative.ca\/International\/wp-json\/wp\/v2\/posts\/21405\/revisions"}],"wp:featuredmedia":[{"embeddable":true,"href":"https:\/\/linitiative.ca\/International\/wp-json\/"}],"wp:attachment":[{"href":"https:\/\/linitiative.ca\/International\/wp-json\/wp\/v2\/media?parent=21405"}],"wp:term":[{"taxonomy":"category","embeddable":true,"href":"https:\/\/linitiative.ca\/International\/wp-json\/wp\/v2\/categories?post=21405"},{"taxonomy":"post_tag","embeddable":true,"href":"https:\/\/linitiative.ca\/International\/wp-json\/wp\/v2\/tags?post=21405"}],"curies":[{"name":"wp","href":"https:\/\/api.w.org\/{rel}","templated":true}]}}