{"id":21415,"date":"2019-03-12T14:24:51","date_gmt":"2019-03-12T18:24:51","guid":{"rendered":"https:\/\/linitiative.ca\/International\/armand-beouinde-maire-de-la-commune-de-ouagadougou-a-propos-de-la-construction-des-routes-il-nexiste-pas-de-mode-de-passation-de-marches-qui-soit-exempt-a-100-de-magouil\/"},"modified":"2019-03-12T14:24:51","modified_gmt":"2019-03-12T18:24:51","slug":"armand-beouinde-maire-de-la-commune-de-ouagadougou-a-propos-de-la-construction-des-routes-il-nexiste-pas-de-mode-de-passation-de-marches-qui-soit-exempt-a-100-de-magouil","status":"publish","type":"post","link":"https:\/\/linitiative.ca\/International\/armand-beouinde-maire-de-la-commune-de-ouagadougou-a-propos-de-la-construction-des-routes-il-nexiste-pas-de-mode-de-passation-de-marches-qui-soit-exempt-a-100-de-magouil\/","title":{"rendered":"ARMAND BEOUINDE, MAIRE DE LA COMMUNE DE OUAGADOUGOU, A PROPOS DE LA CONSTRUCTION DES ROUTES  \u00ab Il n\u2019existe pas (\u2026) de mode de passation de march\u00e9s qui soit exempt \u00e0 100% de magouille ou de corruption \u00bb"},"content":{"rendered":"<p><img decoding=\"async\" class=\"post_layout_5_img\" src=\"http:\/\/lepays.bf\/wp-content\/uploads\/2019\/03\/01-3-4.jpg\" alt=\"ARMAND BEOUINDE, MAIRE DE LA COMMUNE DE OUAGADOUGOU, A PROPOS DE LA CONSTRUCTION DES ROUTES \u00ab Il n\u2019existe pas (\u2026) de mode de passation de march\u00e9s qui soit exempt \u00e0 100% de magouille ou de corruption \u00bb\"\/><\/p>\n<p class=\"c4\"><strong>G\u00e9rer une commune de trois millions d\u2019habitants comme Ouagadougou rel\u00e8ve, bien \u00e9videmment, de la gageure. Armand B\u00e9ouind\u00e9, un \u00ab self made man \u00bb \u00e0 la t\u00eate de la mairie de Ouagadougou depuis juin 2016, est constamment sous les feux de la rampe et de critiques aussi. Nous l\u2019avons rencontr\u00e9 dans le cadre de Mardi Politique. Et dans l\u2019interview qu\u2019il nous a accord\u00e9e pour la premi\u00e8re fois depuis qu\u2019il a enfil\u00e9 ses habits de premier magistrat municipal, M. B\u00e9ouind\u00e9 d\u00e9fend sa fa\u00e7on de faire. En plus des questions de lotissements et de l\u2019incivisme routier qui font des gorges chaudes, le maire de Ouagadougou d\u00e9voile ses grands chantiers. Lisez plut\u00f4t\u00a0!<\/strong><\/p>\n<p class=\"c4\"><strong>Le Pays\u00a0: Quel est le quotidien d\u2019un maire de la ville de Ouagadougou ?<\/strong><\/p>\n<p class=\"c4\"><em>Armand B\u00e9ouind\u00e9 (A.B)\u00a0: Le quotidien d\u2019un maire de la ville de Ouagadougou, c\u2019est d\u2019abord le terrain et le contact avec ses concitoyens. C\u2019est aussi le suivi de la mise en \u0153uvre du programme de mandat, ponctu\u00e9 d\u2019activit\u00e9s command\u00e9es par les sollicitations de la population, des partenaires, des autorit\u00e9s politiques, administratives, religieuses, etc. Un maire de la ville de Ouagadougou administre un territoire de 600 km\u00b2 o\u00f9 vivent environ 3 millions d&rsquo;habitants et qui re\u00e7oit de l&rsquo;Etat, onze comp\u00e9tences que sont\u00a0: le foncier des collectivit\u00e9s territoriales\u00a0; l\u2019am\u00e9nagement du territoire, la gestion du domaine foncier et l\u2019am\u00e9nagement urbain; l\u2019environnement et la gestion des ressources naturelles; le d\u00e9veloppement \u00e9conomique et de la planification; la sant\u00e9 et l\u2019hygi\u00e8ne; l\u2019\u00e9ducation, l\u2019emploi, la formation professionnelle et l\u2019alphab\u00e9tisation ; la culture, les sports et les loisirs; la protection civile, l\u2019assistance et les secours; les pompes fun\u00e8bres et les cimeti\u00e8res; l\u2019eau et l\u2019\u00e9lectricit\u00e9 et enfin, les march\u00e9s, abattoirs et foires. Etre maire est une fonction tr\u00e8s exaltante et passionnante et il est, dans ce sens, comme un prestataire de service public pour le plus grand bien de toute la communaut\u00e9.<\/em><\/p>\n<p class=\"c4\"><strong>On vous sait tr\u00e8s proche du pr\u00e9sident Roch Kabor\u00e9. Est-ce que cela n\u2019a pas favoris\u00e9 votre av\u00e8nement \u00e0 la t\u00eate de la mairie de Ouagadougou ?<\/strong><\/p>\n<p class=\"c4\"><em>Pour \u00eatre maire d\u2019une ville-capitale, il faut d\u2019abord avoir la confiance de son parti qui, le premier, porte votre candidature, et partant, la confiance de ses premiers responsables. Le pr\u00e9sident du Faso est d\u2019abord un grand fr\u00e8re, un ami et un camarade. Il m\u2019a toujours gratifi\u00e9 de ses bons conseils et j\u2019ai beaucoup appris \u00e0 ses c\u00f4t\u00e9s. Je mettrai tout en \u0153uvre pour continuer \u00e0 m\u00e9riter cette confiance qui dure depuis 30 ans.<\/em><\/p>\n<p><strong>Combien gagne, en termes de revenu, un maire central?<\/strong><\/p>\n<p class=\"c4\"><em>Il faut corriger l\u2019appellation, il s\u2019agit du maire de la commune de Ouagadougou et non du maire central. Pour r\u00e9pondre \u00e0 votre question, le maire re\u00e7oit un revenu mensuel sous forme d\u2019indemnit\u00e9s d\u2019un montant de 700\u00a0000 FCFA, comme le pr\u00e9voit le d\u00e9cret N\u00b02017 portant grille indemnitaire du personnel de la fonction publique territoriale. Entre autres avantages, il a un v\u00e9hicule de fonction et b\u00e9n\u00e9ficie d\u2019une dotation de carburant et de frais de communication. Tout cela est transparent et les documents sont disponibles aupr\u00e8s de nos services financiers.<\/em><\/p>\n<p><strong>A combien estimez-vous exactement, aujourd\u2019hui, la population de Ouagadougou ?<\/strong><\/p>\n<p class=\"c4\"><em>L\u2019Institut national de la statistique et de la d\u00e9mographie (INSD) estimait qu&rsquo;en 2018, Ouagadougou devrait compter 2 854 356 habitants. On note aussi annuellement 150 000 nouveaux habitants soit par les naissances, soit par la migration, surtout l&rsquo;exode rural, des campagnes vers la ville. Tout ceci nous fait dire que notre ville compte autour de 3 millions d\u2019habitants, avec le plus grand taux de croissance de la sous-r\u00e9gion, soit 7,6% par an.<\/em><\/p>\n<p class=\"c4\"><strong>Lors d\u2019une session municipale, il a \u00e9t\u00e9 adopt\u00e9 un projet de bitumage de 254 km de routes \u00e0 Ouagadougou. Beaucoup de Ouagalais sont dans la soif de conna\u00eetre la cartographie de ces routes. Est-ce que vous pouvez nous en faire le point ?<\/strong><\/p>\n<p class=\"c4\"><em>Merci pour cette question. Je souhaiterais apporter un rectificatif au chiffre\u00a0: c&rsquo;est 145 km de voiries \u00e0 bitumer et non 254 km comme indiqu\u00e9 dans un de vos articles. Le conseil municipal s&rsquo;est fix\u00e9 comme premi\u00e8re priorit\u00e9, la mobilit\u00e9 urbaine dans le cadre de son mandat. Dans ce sens, plusieurs actions sont pr\u00e9vues dont le projet de 145 km de voiries avec 290 km de caniveaux le long de ces voiries. Ce projet couvre les 12 arrondissements, soit \u00e0 peu pr\u00e8s 12 kilom\u00e8tres par arrondissement, r\u00e9partis sur 53 secteurs.<\/em> <em>Les \u00e9tudes de faisabilit\u00e9 ont d\u00e9marr\u00e9 ce mois-ci et les r\u00e9sultats sont attendus dans 7 mois. Sans attendre les r\u00e9sultats des \u00e9tudes, nous avons entrepris de mobiliser le financement de ce vaste programme de bitumage que notre ville n&rsquo;ait jamais connu. Pour ce faire, nous b\u00e9n\u00e9ficions du soutien du gouvernement et des partenaires techniques et financiers qui nous encouragent surtout \u00e0 produire des \u00e9tudes de qualit\u00e9.<\/em><\/p>\n<p class=\"c4\"><strong>Combien va co\u00fbter cette op\u00e9ration ? Et quels seront les m\u00e9canismes de financements ?<\/strong><\/p>\n<p class=\"c4\"><em>L&rsquo;Agence municipale des grands travaux (AMGT) qui assure la ma\u00eetrise d&rsquo;ouvrage d\u00e9l\u00e9gu\u00e9e de ces \u00e9tudes, estime provisoirement le co\u00fbt du projet, c\u2019est-\u00e0-dire les travaux de voiries et le suivi contr\u00f4le, \u00e0 environ 250 milliards de F CFA. Le co\u00fbt final de cette op\u00e9ration sera affin\u00e9 par les \u00e9tudes de faisabilit\u00e9 qui pr\u00e9ciseront les profils n\u00e9cessaires et les implications financi\u00e8res y relatives.<\/em><br \/><em>Pour les m\u00e9canismes de financements, l&rsquo;approche aupr\u00e8s de nos partenaires techniques et financiers est pr\u00e9conis\u00e9e et le plaidoyer aupr\u00e8s d\u2019eux, a commenc\u00e9. Cependant, nous sommes ouverts pour des Partenariats public priv\u00e9 (PPP) avec des garanties de l&rsquo;Etat ou de certaines plateformes.<\/em><br \/><em>Je profite de vos colonnes pour rappeler que les travaux de voiries co\u00fbtent excessivement cher, mais qu\u2019il est indispensable qu\u2019on les r\u00e9alise pour le bien-\u00eatre de la population. Les Ouagalais souffrent de plusieurs maux li\u00e9s \u00e0 la qualit\u00e9 des routes et de l&rsquo;air\u00a0: traumatismes lombaires, probl\u00e8mes respiratoires, etc. A ces soucis, s\u2019ajoute la vuln\u00e9rabilit\u00e9 aux inondations qui font qu\u2019\u00e0 chaque saison des pluies, les Ouagalais scrutent le ciel avec angoisse. Ce projet permettra de r\u00e9soudre durablement ces ennuis.<\/em><\/p>\n<p class=\"c4\"><strong>A quand le lancement des travaux et les d\u00e9lais d\u2019ex\u00e9cution ?<\/strong><\/p>\n<p class=\"c4\"><em>Nous esp\u00e9rons commencer le plus t\u00f4t possible pour r\u00e9soudre le probl\u00e8me de la mobilit\u00e9 dans la ville. Le conseil municipal a mobilis\u00e9 des ressources pour financer les \u00e9tudes de ce projet mais nous avons davantage besoin du gouvernement et des partenaires pour la r\u00e9alisation des travaux. Si le budget est boucl\u00e9, en trois ans, l&rsquo;ensemble des voies sera am\u00e9nag\u00e9.<\/em><\/p>\n<p><strong>N\u2019est-ce pas l\u2019\u00e9ch\u00e9ance de 2020 qui dicte ce calendrier ?<\/strong><\/p>\n<p class=\"c4\"><em>Pas du tout\u00a0! Nous avons un programme et un calendrier que nous devons respecter. Mais au-del\u00e0 de tout, c\u2019est la pertinence des projets qu\u2019il faut voir, surtout qu\u2019ils r\u00e9pondent aux pr\u00e9occupations pressantes de la population.<\/em><\/p>\n<p class=\"c4\"><strong>Quels ont \u00e9t\u00e9 les crit\u00e8res de choix des routes \u00e0 bitumer ?<\/strong><\/p>\n<p class=\"c4\"><em>Comme je le disais tant\u00f4t, les techniciens ont prioris\u00e9 selon le sch\u00e9ma de hi\u00e9rarchisation des voiries de notre ville et l\u2019ont soumis aux diff\u00e9rents conseils d&rsquo;arrondissements qui l\u2019ont valid\u00e9.<\/em><\/p>\n<p class=\"c4\"><strong>Des maires de l\u2019opposition vous accusent de faire de la discrimination dans la r\u00e9alisation des routes \u00e0 Ouagadougou. Que leur r\u00e9pondez-vous ?<\/strong><\/p>\n<p class=\"c4\"><em>Soit ils sont de mauvaise foi, soit ils sont des politiciens qui n\u2019ont pas encore compris la m\u00e9thode d\u2019\u00e9laboration d\u2019une politique de d\u00e9veloppement urbain durable. Une ville, c\u2019est d\u2019abord un territoire, un espace de vie o\u00f9 tout se tient. La subdivision en arrondissements et secteurs, r\u00e9pond \u00e0 la n\u00e9cessit\u00e9 de garantir une gestion administrative de proximit\u00e9, sachant que ces entit\u00e9s partagent les m\u00eames voiries, les m\u00eames \u00e9quipements. A l\u2019opposition qui ferait de tels reproches, je lui rappelle que le cadre communal est inappropri\u00e9 \u00e0 la politique politicienne\u00a0; c\u2019est un lieu de politique de d\u00e9veloppement communautaire. La localisation des grands projets qui vont d\u00e9marrer avant fin mars, prend \u00e0 contre-pied ces all\u00e9gations en ce sens que 90% des investissements se feront dans des arrondissements dont les maires sont issus de l\u2019opposition. Les crit\u00e8res s\u2019inscrivent dans une politique de planification urbaine. Si certains conseillers de l\u2019opposition voient les choses ainsi, je comprends maintenant pourquoi ils votent contre ou s\u2019abstiennent lors des d\u00e9lib\u00e9rations sur les investissements. Pour illustrer ce que je viens d\u2019indiquer, l\u2019arrondissement N\u00b06 qui est g\u00e9r\u00e9 par un maire de l\u2019Union pour le progr\u00e8s et le changement (UPC), a vot\u00e9 contre la r\u00e9habilitation de la salle de cin\u00e9 de Pissy qui fait aujourd\u2019hui la fiert\u00e9 du quartier et de toute la ville. Ces gens-l\u00e0 sont plus enthousiastes quand il s\u2019agit de d\u00e9classer des r\u00e9serves administratives pour les vendre \u00e0 des particuliers.\u00a0<\/em> <em>En attendant le grand projet, 35 kilom\u00e8tres de voiries seront bitum\u00e9s dans les mois \u00e0 venir par la ville dans les arrondissements n\u00b03, 4, 5, 6, 10 et 11 avec un financement de la Banque islamique de d\u00e9veloppement (BID) et l\u2019Agence fran\u00e7aise de d\u00e9veloppement (AFD). C&rsquo;est pratiquement pr\u00e9vu dans des arrondissements dirig\u00e9s par l&rsquo;opposition mais, faut-il tenir compte de la couleur politique pour investir dans le d\u00e9veloppement\u00a0? C\u2019est l&rsquo;urgence d&rsquo;apporter des commodit\u00e9s aux Ouagalais, qui oriente notre action, sachant que les arrondissements, surtout p\u00e9riph\u00e9riques, sont habit\u00e9s par des gens qui ne disposent pas d&rsquo;un m\u00e8tre lin\u00e9aire de caniveau et de voiries rev\u00eatues sur des dizaines de km\u00b2. Est-ce raisonnable de p\u00e9naliser nos braves populations pour des raisons politiques\u00a0? Ce qui est triste, c\u2019est que des maires d&rsquo;arrondissements de l&rsquo;opposition ont refus\u00e9 de donner leur accord pour passer les march\u00e9s d&rsquo;\u00e9tudes des 145 kilom\u00e8tres de voiries qui devaient se faire dans l&rsquo;urgence pour b\u00e9n\u00e9ficier de certaines opportunit\u00e9s parce que tout simplement, le maire que je suis, est du MPP. C&rsquo;est d\u00e9plorable\u00a0! Sur la construction des routes comme sur d\u2019autres domaines, je peux dire que nous ne faisons aucune discrimination entre les arrondissements. L\u2019arrondissement N\u00b06 par exemple, qui est g\u00e9r\u00e9 par l\u2019UPC, dispose pour 2019 d\u2019un budget de 147 millions de F CFA contre 139 millions pour l\u2019arrondissement 12 dirig\u00e9 par un maire MPP. Ce qui importe pour nous, c\u2019est assurer un d\u00e9veloppement \u00e9quitable en termes d\u2019\u00e9quipements et de r\u00e9ponses aux besoins des citoyens.<\/em><\/p>\n<p class=\"c4\"><strong>Au-del\u00e0 de \u00e7a, ils ne cessent de d\u00e9noncer la forte concentration des pouvoirs entre les mains du maire central. Ce qui freine leurs initiatives de d\u00e9veloppement de leurs arrondissements. Ont-ils tort ou raison de penser cela ?<\/strong><\/p>\n<p class=\"c4\"><em>Les textes disposent que le maire de la ville est le seul ordonnateur du budget. Les maires d\u2019arrondissements sont des ordonnateurs d\u00e9l\u00e9gu\u00e9s qui g\u00e8rent les cr\u00e9dits qui leur sont allou\u00e9s annuellement. Ce budget de fonctionnement qui \u00e9tait de 71 millions de F CFA par arrondissement dont 15 millions destin\u00e9s \u00e0 l\u2019investissement en 2017, est pass\u00e9 \u00e0 127 millions de F CFA dont au moins 45 millions pr\u00e9vus pour l\u2019investissement. Je suis donc surpris par de telles d\u00e9clarations dans la mesure o\u00f9 nous avons travaill\u00e9 \u00e0 ce que la part de l\u2019investissement soit cons\u00e9quente dans les budgets des arrondissements\u00a0; ce qui n\u2019\u00e9tait pas le cas avant. Savez-vous par exemple que dans le pass\u00e9, certains maires consacraient 33 millions rien que pour le carburant sur un budget total de 50 millions\u00a0? Nous avons corrig\u00e9 cette absurdit\u00e9 et c\u2019est ce qui ne pla\u00eet pas \u00e0 tout le monde.\u00a0<\/em> <em>L\u2019opinion doit savoir une chose\u00a0: la gestion du budget communal sous cette forme, est tributaire de l\u2019organisation administrative communale. Les arrondissements ne disposent pas suffisamment de personnel pour g\u00e9rer des march\u00e9s d\u2019envergure. Aussi, nous avons \u00e9labor\u00e9, pour chaque arrondissement, un plan de d\u00e9veloppement afin que les maires puissent disposer d\u2019outils pour rechercher aussi des financements avec l&rsquo;appui de la commune. Certains le font brillamment et apportent des solutions aux pr\u00e9occupations de leurs administr\u00e9s.<\/em><\/p>\n<p class=\"c4\"><strong>Est-ce qu\u2019il n\u2019y a pas lieu de revoir les textes pour donner plus d\u2019autonomie financi\u00e8re aux arrondissements ?<\/strong><\/p>\n<p class=\"c4\"><em>L\u2019ensemble des arrondissements fait partie de la commune de Ouagadougou dont le d\u00e9veloppement est abord\u00e9 dans sa globalit\u00e9. Aucun arrondissement n\u2019\u00e9volue en vase clos. Tout comme le d\u00e9veloppement des 13 r\u00e9gions et des 45 provinces est pris en compte dans le budget de l\u2019Etat central, le budget de la commune est aussi g\u00e9r\u00e9 par un ordonnateur qui r\u00e9pond de sa gestion. Les collectivit\u00e9s territoriales ont fonctionn\u00e9 ainsi depuis une trentaine d\u2019ann\u00e9es sans qu\u2019un probl\u00e8me ne se pose. Les textes pourraient \u00eatre revus pour plus de responsabilisation des arrondissements et nous le souhaitons.<\/em><\/p>\n<p class=\"c4\"><strong>Pour l\u2019opposition, les crises au sein des mairies d\u2019arrondissements qu\u2019elle g\u00e8re, sont foment\u00e9es par le MPP et alli\u00e9s. Quel commentaire cela vous inspire-t-il ?<\/strong><\/p>\n<p class=\"c4\"><em>Les crises de fonctionnement que rencontrent certains ex\u00e9cutifs municipaux, sont dues g\u00e9n\u00e9ralement \u00e0 une m\u00e9connaissance des textes par les \u00e9lus locaux d\u2019une part, et d\u2019autre part, \u00e0 la mauvaise gouvernance de certains responsables d\u2019ex\u00e9cutif. Ces crises ont exist\u00e9 dans des conseils municipaux g\u00e9r\u00e9s aussi bien par des maires MPP que par des maires de l\u2019opposition. Donc, dire que ces crises sont l\u2019\u0153uvre du MPP n\u2019est pas exact. J\u2019ai bon espoir qu\u2019avec le programme de renforcement des capacit\u00e9s que nous avons sign\u00e9 entre l\u2019Association des municipalit\u00e9s du Burkina (AMBF) et l\u2019Ecole nationale d\u2019administration et de la magistrature (ENAM), ces crises seront r\u00e9solues. Les nouveaux textes sur la d\u00e9centralisation viendront corriger les insuffisances du cadre l\u00e9gal.<\/em><\/p>\n<p class=\"c4\"><strong>Dans la r\u00e9alisation des infrastructures routi\u00e8res, on constate g\u00e9n\u00e9ralement qu\u2019elles ne sont pas accompagn\u00e9es par des ouvrages d\u2019assainissement tels que les caniveaux et quand ils existent, ils sont \u00e0 ciel ouvert. Comment expliquez-vous cela ?<\/strong><\/p>\n<p class=\"c4\"><em>Les raisons se trouvent sans doute dans la conception de d\u00e9part de ces projets. Nous travaillons \u00e0 l\u2019am\u00e9lioration de la qualit\u00e9 de l\u2019ensemble des infrastructures qui seront r\u00e9alis\u00e9es dans le futur afin de mieux les adapter aux besoins.<\/em><\/p>\n<p class=\"c4\"><strong>Un projet d\u2019assainissement et d\u2019\u00e9lectrification des quartiers p\u00e9riph\u00e9riques est mis en place depuis un certain temps. Pouvez-vous nous faire le point de sa mise en \u0153uvre ?<\/strong><\/p>\n<p class=\"c4\"><em>La ville a entrepris de r\u00e9aliser des ouvrages d&rsquo;assainissement \u00e0 Cissin, Tanghin et Nonsin, des quartiers qui sont situ\u00e9s dans des cuvettes. A chaque pluie, les habitants de ces quartiers se retrouvent les pieds dans l&rsquo;eau. Aujourd&rsquo;hui, ils ont b\u00e9n\u00e9fici\u00e9 d&rsquo;une trentaine de kilom\u00e8tres de caniveaux et ils se sentent mieux qu\u2019en 2018, puisqu\u2019aucun de ces quartiers n&rsquo;a connu d&rsquo;inondation. Les voies am\u00e9nag\u00e9es ont d\u00e9sormais des caniveaux de part et d&rsquo;autre afin de renforcer la r\u00e9silience.<\/em><\/p>\n<p class=\"c4\"><strong>Il se pose un probl\u00e8me de toilettes publiques et de parkings de stationnement dans la ville de Ouagadougou. Quelle solution envisagez-vous d\u2019y apporter ?<\/strong><\/p>\n<p class=\"c4\"><em>Nous avons un projet de r\u00e9alisation de latrines publiques dans les arrondissements, dont la construction va d\u00e9marrer bient\u00f4t. Pour ce qui est du stationnement, une \u00e9tude sur la circulation et le stationnement dans la ville, nous livrera bient\u00f4t les conclusions et les propositions.<\/em><\/p>\n<p class=\"c4\"><strong>Certains disent que vous ne faites pas assez en mati\u00e8re de salubrit\u00e9 publique. Que leur r\u00e9pondez-vous ?<\/strong><\/p>\n<p class=\"c4\"><em>Je r\u00e9ponds qu\u2019ils ont en partie raison. Cependant, j\u2019ajouterai que la salubrit\u00e9 ne saurait \u00eatre de la seule responsabilit\u00e9 de la commune, mais une responsabilit\u00e9 collective et individuelle. Aujourd\u2019hui plus que jamais, il faut une r\u00e9elle participation citoyenne \u00e0 la salubrit\u00e9. Nous avons h\u00e9rit\u00e9 d\u2019une situation o\u00f9 la voirie ne poss\u00e8de aucun mat\u00e9riel adapt\u00e9. La strat\u00e9gie de collecte des ordures dans la ville de Ouaga, existe depuis plus de 15 ans et n\u2019a pas \u00e9volu\u00e9 alors que la ville s\u2019est \u00e9tendue et a vu sa population cro\u00eetre. En 15 ans, la ville a doubl\u00e9 sa voirie, la brigade verte qui fait notre fiert\u00e9 n\u2019est pas assez outill\u00e9e pour tenir actuellement cette grande capitale propre. Il nous faut n\u00e9cessairement passer \u00e0 une autre \u00e9tape en m\u00e9canisant et modernisant cette fili\u00e8re sans mettre en danger l\u2019emploi de nos braves mamans, mais au contraire, en les s\u00e9curisant davantage dans des emplois durables. C\u2019est ce \u00e0 quoi nous nous attelons avec le projet de cr\u00e9ation d\u2019une nouvelle soci\u00e9t\u00e9 communale, en partenariat avec des professionnels de r\u00e9f\u00e9rence.<\/em>\u00a0 <em>La commune injecte pratiquement quatre milliards de F CFA chaque ann\u00e9e dans la gestion des d\u00e9chets, mais il se trouve que notre syst\u00e8me de gestion des d\u00e9chets est dimensionn\u00e9 pour prendre en charge 300 000 tonnes de d\u00e9chets par an. Or, de nos jours, on estime \u00e0 pr\u00e8s de 600 000 tonnes par an le volume de d\u00e9chets produit par la ville de Ouagadougou, chaque Ouagalais produisant par jour entre 0, 55 \u00e0 0,7 kg. Face \u00e0 cela, la mairie a commandit\u00e9 la r\u00e9vision du sch\u00e9ma directeur de gestion des d\u00e9chets solides afin d\u2019\u00e9viter des actions hasardeuses qui vont foutre tout en l&rsquo;air. Ce sch\u00e9ma r\u00e9vis\u00e9, s\u2019appuyant sur des donn\u00e9es cr\u00e9dibles, fixera la structuration nouvelle du syst\u00e8me de gestion. Pour cela, nous avons acquis des engins de transport de d\u00e9chets pour \u00e9liminer les d\u00e9charges incontr\u00f4l\u00e9es, \u00e9tendu le r\u00e9seau de centres de collecte de 35 \u00e0 55 pour couvrir l&rsquo;ensemble de la ville avec un centre de tri.<\/em><br \/><em>Nous avions encourag\u00e9 les op\u00e9rations dites \u00ab\u00a0mana-mana\u00a0\u00bb avec les populations, tous les samedis, pour nettoyer leur entourage imm\u00e9diat. Par ailleurs, il revient \u00e0 chaque habitant d\u2019avoir un comportement citoyen dans la gestion des d\u00e9chets. Nous allons mettre des \u00ab\u00a0brigades salubrit\u00e9\u00a0\u00bb compos\u00e9es de r\u00e9sidents et d\u2019acteurs \u00e9conomiques volontaires dans les secteurs, quartiers et le long des rues de commerces pour assurer la veille. Nous assurons aussi le renforcement des capacit\u00e9s des acteurs de la fili\u00e8re avec l&rsquo;appui de certaines ONG. Car, aujourd&rsquo;hui, les moyens mat\u00e9riels et les comp\u00e9tences techniques font d\u00e9faut chez plusieurs acteurs. La solution \u00e0 l&rsquo;insalubrit\u00e9 n&rsquo;est pas dans le tout investissement, mais r\u00e9side dans l&rsquo;implication et la responsabilisation de chaque Ouagalais. Je reste convaincu que cette situation sera un mauvais souvenir dans un proche avenir.<\/em><\/p>\n<p class=\"c4\"><strong>Mais Monsieur le maire, nous constatons des d\u00e9potoirs sauvages en plein centre-ville de Ouagadougou. Pourquoi cela\u00a0?<\/strong><\/p>\n<p class=\"c4\"><em>Il ne faut pas non plus perdre de vue que des zones comme la ZACA et l\u2019espace de la SONATUR qui jouxte l\u2019avenue de l\u2019Insurrection dans l\u2019arrondissement 6, appartiennent \u00e0 des structures du minist\u00e8re de l\u2019Urbanisme. Alors que le Code de l\u2019urbanisme dit que si ces zones sont d\u00e9limit\u00e9es pour les soci\u00e9t\u00e9s, ce sont elles qui ont la responsabilit\u00e9 de la salubrit\u00e9 dans ces endroits. Nous avons interpell\u00e9 le minist\u00e8re qui, fort heureusement, nous a bien compris et a interpell\u00e9 les propri\u00e9taires qui ont commenc\u00e9 \u00e0 exploiter ces espaces. Sinon, d\u00e8s que la ville donne la concession d\u2019un territoire \u00e0 une structure qu\u2019elle soit \u00e9tatique ou priv\u00e9e, c\u2019est cette structure qui a la responsabilit\u00e9 de la salubrit\u00e9 de cet endroit. Il y a donc un dialogue entre le minist\u00e8re et nous, qui permet de r\u00e9soudre ce type de probl\u00e8mes.<\/em><\/p>\n<p class=\"c4\"><strong>Dans la ville de Ouagadougou, il n\u2019existe pratiquement pas d\u2019espaces de repos et de d\u00e9tente\u00a0; en plus, les espaces verts sont g\u00e9n\u00e9ralement transform\u00e9s en maquis. Les bas-c\u00f4t\u00e9s des \u00e9changeurs ne sont pas non plus reverdis. Que pr\u00e9conisez-vous pour corriger cette situation ?<\/strong><\/p>\n<p class=\"c4\"><em>Je pense que Ouagadougou est une des capitales qui peut se targuer d\u2019avoir le plus grand espace de repos et de d\u00e9tente. Je veux parler du parc urbain Bangre-weogo qui est un v\u00e9ritable poumon vert de la ville et qui conna\u00eet une grande affluence de citadins. A tout moment de la journ\u00e9e, quand vous y allez, vous allez voir qu\u2019il y a des \u00e9l\u00e8ves qui viennent les week-ends\u00a0; il y a des gens qui y vont pour faire le sport et d\u2019autres la promenade. C\u2019est vrai que cet espace qui fait 240 ha est r\u00e9serv\u00e9 \u00e0 la d\u00e9tente mais dans des arrondissements et quartiers, effectivement, il y a des espaces verts qui ne sont pas encore am\u00e9nag\u00e9s. Par manque de moyens propres, nos pr\u00e9d\u00e9cesseurs ont voulu confier la gestion de ces espaces verts \u00e0 des priv\u00e9s afin de faciliter leur entretien. Malheureusement, cette pratique a connu de nombreuses d\u00e9rives comme celles que vous \u00e9voquez. Nous avons alors entrepris d\u2019y mettre de l\u2019ordre. Plusieurs actions entrant dans l&rsquo;am\u00e9lioration des conditions de vie dans les quartiers, sur la base des projets d&rsquo;initiatives communautaires, seront lanc\u00e9es \u00e0 travers un appel \u00e0 projets par la commune o\u00f9 nous allons privil\u00e9gier l&rsquo;am\u00e9nagement de ces espaces par les r\u00e9sidents des quartiers. Ce sont des op\u00e9rations pas si on\u00e9reuses, mais qui n\u00e9cessitent une appropriation par la jeunesse, les femmes et l&rsquo;ensemble des r\u00e9sidents des quartiers. C&rsquo;est le seul gage pour \u00e9viter les affectations d&rsquo;espaces et les usages inappropri\u00e9s. Il y a de bons exemples. C\u2019est le cas de la cit\u00e9 de la SOCOGIB o\u00f9 des r\u00e9sidents, \u00e0 travers une association, ont am\u00e9nag\u00e9 un espace de d\u00e9tente et nous leur apportons des appuis. C\u2019est aussi le cas dans l\u2019arrondissement 10 o\u00f9 il y a un jardin qu\u2019une association appel\u00e9e \u2018\u2019les voisins solidaires\u2019\u2019 occupe. C\u2019est cette participation citoyenne \u00e0 la gestion des espaces, qu\u2019il nous faut promouvoir.<\/em><\/p>\n<p><strong>Quid des \u00e9changeurs\u00a0?<\/strong><\/p>\n<p class=\"c4\"><em>Il faut dire que les \u00e9changeurs sont les \u00e9quipements du minist\u00e8re des Infrastructures. La difficult\u00e9 que nous avons, aujourd\u2019hui, c\u2019est que les transferts de comp\u00e9tences ne sont pas \u00e9tablis en ce qui concerne les investissements qui sont faits par l\u2019Etat dans la capitale, que ce soit sous l\u2019\u00e9gide du minist\u00e8re des Infrastructures ou de celui en charge de l\u2019Urbanisme. Il n\u2019y a aucun document qui nous transf\u00e8re la gestion de ces infrastructures alors que la r\u00e9glementation dit que pour pouvoir effectuer une d\u00e9pense au profit d\u2019une infrastructure, il faut que la commune prouve que cette infrastructure est la sienne. Donc, nous sommes en discussion avec ces deux minist\u00e8res pour qu\u2019au fur et \u00e0 mesure que ces infrastructures sont r\u00e9alis\u00e9es, il y ait un transfert de comp\u00e9tences et de ressources qui vont nous permettre de faire la maintenance. Nous nous rendons compte, par exemple, que les garde-fous qui sont mis pour s\u00e9curiser les \u00e9changeurs, sont souvent l\u2019objet d\u2019accidents et personne ne s\u2019en occupe. Il va falloir que sur le plan gestion, il y ait une clart\u00e9 des responsabilit\u00e9s par rapport \u00e0 ces infrastructures.<\/em><br \/><em>Il en est de m\u00eame pour le monument d\u00e9di\u00e9 aux H\u00e9ros nationaux. Jusqu\u2019\u00e0 pr\u00e9sent, ce monument n\u2019est pas encore r\u00e9ceptionn\u00e9. Nous avons interpell\u00e9 le minist\u00e8re de l\u2019Habitat qui nous a dit qu\u2019il ne pouvait pas nous le transf\u00e9rer parce que lui-m\u00eame ne l\u2019a pas encore r\u00e9ceptionn\u00e9. Mais en attendant, comme c\u2019est un monument qui est dans la ville, nous sommes tenus de nous en occuper. Tout r\u00e9cemment, nous y avons fait un nettoyage global mais il s\u2019agit de mesures exceptionnelles. D\u2019une mani\u00e8re g\u00e9n\u00e9rale, il sera de bon ton qu\u2019avec l\u2019Etat, on puisse voir comment ces transferts peuvent se faire de fa\u00e7on r\u00e9guli\u00e8re, pour nous permettre de nous mettre face \u00e0 nos responsabilit\u00e9s.<\/em><\/p>\n<p class=\"c4\"><strong>Ailleurs comme au Maroc, il est organis\u00e9 des concours du meilleur maire. Est-ce que cet exemple ne peut pas inspirer le Burkina ?<\/strong><\/p>\n<p class=\"c4\"><em>Tout ce qui pourrait am\u00e9liorer les conditions de vie, est souhaitable. Les maires sont mis en comp\u00e9tition depuis deux ans sur la salubrit\u00e9, lors de la Semaine nationale de la citoyennet\u00e9. Il existe \u00e9galement une comp\u00e9tition pour l\u2019excellence dans la gouvernance locale (COPEGOL) qui est une initiative promue par la Banque mondiale et port\u00e9e d\u00e9sormais par l\u2019AMBF. L\u2019objectif est de susciter une \u00e9mulation entre les communes en vue de promouvoir des bonnes pratiques innovantes pouvant \u00eatre dupliqu\u00e9es \u00e0 l\u2019ensemble des communes.<\/em><\/p>\n<p class=\"c4\"><strong>Le PPP a \u00e9t\u00e9 retenu comme mode d\u2019attribution de certains march\u00e9s. Ce qui a irrit\u00e9 notamment l\u2019opposition. N\u2019est-il pas effectivement une voie ouverte \u00e0 la corruption ?<\/strong><\/p>\n<p class=\"c4\"><em>Il n\u2019existe pas de type de march\u00e9s ou de modes de passation de march\u00e9s qui soit exempt \u00e0 100% de magouille ou de corruption. Un monde sans corruption n\u2019existe nulle part. C\u2019est plut\u00f4t les m\u00e9canismes de bonne gouvernance \u00e0 mettre en place, qui doivent \u00eatre performants pour pr\u00e9venir ou punir cette corruption. Moi, je vois dans le PPP plut\u00f4t une opportunit\u00e9 et un moyen de disposer d\u2019infrastructures de d\u00e9veloppement, surtout pour une ville qui en a cruellement besoin. Les infrastructures co\u00fbtent cher et les imp\u00f4ts des citadins ne sont pas suffisants pour offrir le niveau d&rsquo;\u00e9quipement souhait\u00e9. En toute chose, il faut une \u00e9thique certes, mais il faut \u00e9viter de transposer les clivages majorit\u00e9\/opposition dans le quotidien des Burkinab\u00e8. Vouloir toujours donner des le\u00e7ons comme si les dirigeants \u00e9taient des apatrides, n\u2019est pas acceptable parce que nous aimons tous notre pays et souhaitons laisser \u00e0 la post\u00e9rit\u00e9, des infrastructures de belle facture avec cette marque du \u00ab\u00a0Burkindlilm\u00a0\u00bb.<\/em><\/p>\n<p class=\"c4\"><strong>La police municipale a une mauvaise r\u00e9putation en termes de corruption, si on en croit le dernier classement du REN-LAC. Quel commentaire en faites-vous ?<\/strong><\/p>\n<p class=\"c4\"><em>Il est vrai que ce classement ne nous honore pas, m\u00eame si nous \u00e9mettons quand m\u00eame des r\u00e9serves sur son contenu. Nous avons eu des rencontres avec les responsables du REN-LAC pour leur demander d\u2019assurer des formations au profit des agents de la police municipale afin d\u2019endiguer la corruption. En interne, nous avons \u00e9chang\u00e9 avec la hi\u00e9rarchie de la police municipale afin que les dispositions soient prises pour combattre ce mal qui ne fait pas honneur \u00e0 la police municipale.<\/em><\/p>\n<p class=\"c4\"><strong>Ouagadougou est r\u00e9guli\u00e8rement en proie \u00e0 l\u2019incivisme \u00e0 tous les niveaux. Comment comptez-vous combattre le ph\u00e9nom\u00e8ne ?<\/strong><\/p>\n<p class=\"c4\"><em>La sensibilisation a suffisamment \u00e9t\u00e9 faite et nous aurons tr\u00e8s bient\u00f4t un renforcement des effectifs de la police municipale qui va nous permettre d\u2019\u00eatre plus pr\u00e9sents sur le terrain et mieux mener le combat contre l\u2019incivisme. La gestion de 3 millions d&rsquo;habitants avec 450 policiers municipaux n\u2019est pas chose ais\u00e9e. C\u2019est pour cette raison que nous avons entrepris le renforcement des capacit\u00e9s avec la mise \u00e0 disposition de 1000 policiers municipaux d\u2019ici \u00e0 2021 et l&rsquo;ouverture prochaine de commissariats d&rsquo;arrondissements de la police municipale.\u00a0<\/em> <em>Nous allons solliciter davantage les forces de d\u00e9fense et de s\u00e9curit\u00e9 afin de nous accompagner pour endiguer ce fl\u00e9au qu\u2019est l&rsquo;incivisme. Mais au-del\u00e0 de ces dispositions, la solution durable \u00e0 ces fl\u00e9aux r\u00e9side dans l\u2019\u00e9ducation et la sensibilisation pour une citoyennet\u00e9 responsable.<\/em><\/p>\n<p class=\"c4\"><strong>Vous venez de prendre des mesures draconiennes contre ceux qui seraient tent\u00e9s de cascader sur le nouvel \u00e9changeur. Pourquoi ne pas \u00e9tendre la mesure \u00e0 l\u2019ensemble de la ville ?<\/strong><\/p>\n<p class=\"c4\"><em>Cela est fait d\u00e9j\u00e0. Mais il se trouve que dans la ville, lorsque la police interdit l\u2019acc\u00e8s \u00e0 un site, les cascadeurs se red\u00e9ployent sur un autre. Il est difficile de les appr\u00e9hender. Nous avons interdit l\u2019acc\u00e8s \u00e0 la ZAD, \u00e0 Ouaga 2000 et aussi \u00e0 l&rsquo;\u00e9changeur du Nord et nous allons continuer \u00e0 combattre ces d\u00e9linquants partout o\u00f9 ils seront. Le combat restera toutefois vain si les citoyens de la ville ne s\u2019impliquent pas, si les familles refusent d\u2019assumer leur r\u00f4le de parents et si les riverains des zones o\u00f9 se pratiquent ces cascades restent les bras crois\u00e9s. Ils doivent, au contraire, agir et ainsi, je suis certain qu\u2019on n\u2019entendra plus parler de ces pratiques dangereuses pour les jeunes eux-m\u00eames et pour les autres usagers de la route.<\/em><\/p>\n<p class=\"c4\"><strong>Quelle est la part de responsabilit\u00e9s de la mairie dans le traitement de nombreux contentieux li\u00e9s aux attributions de parcelles ?<\/strong><\/p>\n<p class=\"c4\"><em>La commune de Ouagadougou, en tant qu\u2019administration centrale, n\u2019a pas de comp\u00e9tences sur les lotissements. Les questions de lotissement rel\u00e8vent des mairies d\u2019arrondissements, mais l&rsquo;ensemble du contentieux est assum\u00e9 par la commune. Est-ce normal?<\/em><\/p>\n<p class=\"c4\"><strong>Que faut-il faire alors\u00a0?<\/strong><\/p>\n<p class=\"c4\"><em>Comme je viens de le dire, la commune de Ouagadougou n\u2019intervient pas directement dans les lotissements ni dans les affectations des parcelles. A contrario, les mairies d\u2019arrondissements d\u00e9pendent administrativement de la commune de Ouagadougou. Donc, la difficult\u00e9 que nous avons, c\u2019est que nous ne sommes pas totalement impliqu\u00e9s dans l\u2019op\u00e9ration mais compte tenu du fait que c\u2019est la m\u00eame entit\u00e9 juridique, en cas de contentieux, c\u2019est la commune qui est reconnue comme devant faire face aux tiers. Ainsi donc, nous constatons qu\u2019il y a une certaine faiblesse dans les textes \u00e0 ce niveau. J\u2019esp\u00e8re qu\u2019avec la relecture des textes et la nouvelle dynamique qui sera donn\u00e9e aux lotissements, on pourra faire en sorte que les communes \u00e0 statut particulier comme Ouagadougou et Bobo-Dioulasso, puissent avoir un droit de regard ou de supervision qui vont nous permettre de pr\u00e9venir les diff\u00e9rents contentieux.<\/em><\/p>\n<p class=\"c4\"><strong>Est-ce que la suspension des lotissements \u00e0 Ouagadougou ne complique pas votre politique d\u2019urbanisation de la ville, notamment la question des non-lotis ?<\/strong><\/p>\n<p class=\"c4\"><em>Pour l\u2019heure, nous travaillons \u00e0 la gestion de la ville dans son format actuel en attendant la lev\u00e9e de la suspension. C&rsquo;est un moratoire qui a ses raisons, mais nous souhaitons vivement qu&rsquo;une solution durable soit trouv\u00e9e afin d&rsquo;\u00e9viter de retomber dans ces probl\u00e8mes.<\/em><\/p>\n<p class=\"c4\"><strong>Beaucoup de gens avaient \u00e9voqu\u00e9 une rivalit\u00e9 entre vous et Abdoul Ou\u00e9draogo, PDG de Abdoul Service international. Qu\u2019en est-il exactement ?<\/strong><\/p>\n<p class=\"c4\"><em>Ni sur le plan professionnel, ni sur le plan politique et social, il n\u2019existe une quelconque rivalit\u00e9 entre la soci\u00e9t\u00e9 Abdoul Services et moi. Son irritation est s\u00fbrement due \u00e0 sa m\u00e9connaissance des textes en mati\u00e8re de dons aux collectivit\u00e9s territoriales. Dans l\u2019Administration publique, il y a des r\u00e8gles auxquelles on ne saurait d\u00e9roger. Pour moi, cet \u00e9pisode appartient au pass\u00e9 et est d\u00e9finitivement clos.<\/em><\/p>\n<p class=\"c4\"><strong>Certains disent que le pr\u00e9sident du Faso est mal entour\u00e9. D\u2019autres vont jusqu\u2019\u00e0 pr\u00e9tendre que vous en faites partie. Que leur r\u00e9pondez-vous ?<\/strong><\/p>\n<p class=\"c4\"><em>On dit cela de tous les dirigeants du monde. C\u2019est une question d\u2019appr\u00e9ciation.<\/em><br \/><em>Il n\u2019existe pas d\u2019entourage parfait dans l\u2019exercice de cette haute responsabilit\u00e9. Il faut une \u00e9quipe gagnante et le pr\u00e9sident Roch Marc Christian Kabor\u00e9, malgr\u00e9 le contexte s\u00e9curitaire difficile, est \u00e0 la t\u00eate d\u2019une \u00e9quipe qui gagne le combat pour le d\u00e9veloppement \u00e9conomique et social du Burkina Faso. Les statistiques le prouvent et les lignes ont boug\u00e9. Le combat qui reste \u00e0 gagner est le retour \u00e0 l\u2019int\u00e9grit\u00e9 et le changement de mentalit\u00e9s. Pour y arriver, il faut l\u2019implication de chacun et de tous.<\/em><\/p>\n<p class=\"c4\"><strong>En tant que membre du bureau politique national du MPP, \u00e0 quand la fin de la pr\u00e9sidence int\u00e9rimaire ?<\/strong><\/p>\n<p class=\"c4\"><em>Le prochain congr\u00e8s du MPP nous situera.<\/em><\/p>\n<p class=\"c4\"><strong>En vous rasant tous les matins, ne r\u00eavez-vous pas d\u2019un destin national ?<\/strong><\/p>\n<p class=\"c4\"><em>En me rasant le matin, je ne pense qu\u2019\u00e0 une chose\u00a0: am\u00e9liorer la vie de mes concitoyens et pour cela, je compte sur l\u2019implication de tous pour y arriver. Je ne crois ni aux Zorros, ni aux h\u00e9ros solitaires. La gouvernance est un exercice d\u2019\u00e9quipe.<\/em><\/p>\n<p><strong>Propos recueillis par Drissa TRAORE<\/strong><\/p>\n<p class=\"c4\"><strong>Carte de visite (CV)<\/strong><\/p>\n<p class=\"c4\"><em>Je suis chef d\u2019entreprise, gestionnaire de formation par l\u2019exp\u00e9rience acquise et non par dipl\u00f4me acad\u00e9mique, n\u2019ayant pas eu l\u2019opportunit\u00e9 de poursuivre des \u00e9tudes sup\u00e9rieures classiques. Je suis un militant engag\u00e9 d\u00e8s le lyc\u00e9e Ouezzin dans le Front progressiste volta\u00efque (FPV) du Pr Joseph Ki-Zerbo, puis par la suite, militant et acteur de la R\u00e9volution d\u2019ao\u00fbt 1983.<\/em> <em>J\u2019ai le parcours d\u2019un self made man qui a \u00e9volu\u00e9 dans le priv\u00e9, toujours \u00e0 son propre compte. Je suis revenu dans le jeu politique en passant de l\u2019indignation \u00e0 l\u2019action en rejoignant le grand mouvement insurrectionnel qui a mis un terme \u00e0 27 ans de pouvoir absolu de Blaise Compaor\u00e9.<\/em> <em>C\u2019est ainsi que sous la banni\u00e8re de mon parti, le Mouvement du peuple pour le progr\u00e8s (MPP), je suis arriv\u00e9, \u00e0 l\u2019issue des derni\u00e8res \u00e9lections g\u00e9n\u00e9rales, aux responsabilit\u00e9s \u00e0 la t\u00eate du Conseil municipal de la ville de Ouagadougou.<\/em><\/p>\n<p>Auteur: Le Pays<br \/>\n<a href=\"http:\/\/lepays.bf\/armand-beouinde-maire-de-la-commune-de-ouagadougou-a-propos-de-la-construction-des-routes-il-nexiste-pas-de-mode-de-passation-de-marches-qui-soit-exempt-a-100-de-magouil\/\">Cliquez ici pour lire l&rsquo;article depuis sa source.<\/a><\/p>\n","protected":false},"excerpt":{"rendered":"<p>G\u00e9rer une commune de trois millions d\u2019habitants comme Ouagadougou rel\u00e8ve, bien \u00e9videmment, de la gageure. Armand B\u00e9ouind\u00e9, un \u00ab self made man \u00bb \u00e0 la t\u00eate de la mairie de Ouagadougou depuis juin 2016, est constamment sous les feux de la rampe et de critiques aussi. Nous l\u2019avons rencontr\u00e9 dans le cadre de Mardi Politique. [&hellip;]<\/p>\n","protected":false},"author":1813,"featured_media":21416,"comment_status":"closed","ping_status":"closed","sticky":false,"template":"","format":"standard","meta":{"fifu_image_url":"","fifu_image_alt":"","footnotes":""},"categories":[73,81],"tags":[],"class_list":["post-21415","post","type-post","status-publish","format-standard","has-post-thumbnail","hentry","category-actualite","category-burkina-faso"],"_links":{"self":[{"href":"https:\/\/linitiative.ca\/International\/wp-json\/wp\/v2\/posts\/21415","targetHints":{"allow":["GET"]}}],"collection":[{"href":"https:\/\/linitiative.ca\/International\/wp-json\/wp\/v2\/posts"}],"about":[{"href":"https:\/\/linitiative.ca\/International\/wp-json\/wp\/v2\/types\/post"}],"author":[{"embeddable":true,"href":"https:\/\/linitiative.ca\/International\/wp-json\/wp\/v2\/users\/1813"}],"replies":[{"embeddable":true,"href":"https:\/\/linitiative.ca\/International\/wp-json\/wp\/v2\/comments?post=21415"}],"version-history":[{"count":0,"href":"https:\/\/linitiative.ca\/International\/wp-json\/wp\/v2\/posts\/21415\/revisions"}],"wp:featuredmedia":[{"embeddable":true,"href":"https:\/\/linitiative.ca\/International\/wp-json\/"}],"wp:attachment":[{"href":"https:\/\/linitiative.ca\/International\/wp-json\/wp\/v2\/media?parent=21415"}],"wp:term":[{"taxonomy":"category","embeddable":true,"href":"https:\/\/linitiative.ca\/International\/wp-json\/wp\/v2\/categories?post=21415"},{"taxonomy":"post_tag","embeddable":true,"href":"https:\/\/linitiative.ca\/International\/wp-json\/wp\/v2\/tags?post=21415"}],"curies":[{"name":"wp","href":"https:\/\/api.w.org\/{rel}","templated":true}]}}