{"id":21427,"date":"2019-03-12T13:18:03","date_gmt":"2019-03-12T17:18:03","guid":{"rendered":"https:\/\/linitiative.ca\/International\/emplois-le-chiffre-de-500-000-crees-au-cameroun-est-il-soutenable\/"},"modified":"2019-03-12T13:18:03","modified_gmt":"2019-03-12T17:18:03","slug":"emplois-le-chiffre-de-500-000-crees-au-cameroun-est-il-soutenable","status":"publish","type":"post","link":"https:\/\/linitiative.ca\/International\/emplois-le-chiffre-de-500-000-crees-au-cameroun-est-il-soutenable\/","title":{"rendered":"Emplois : Le chiffre de 500 000 cr\u00e9es au Cameroun est-il soutenable ?"},"content":{"rendered":"<p>\u00ab <em>Plus de 500\u00a0000 emplois ont \u00e9t\u00e9<\/em><em>\u00a0cr\u00e9\u00e9s en 2018, gr\u00e2ce aux grands chantiers en cours, aux projets agricoles, routiers et infrastructurels, ainsi qu\u2019aux travaux men\u00e9s par les collectivit\u00e9s territoriales d\u00e9centralis\u00e9es<\/em>\u00a0\u00bb. C\u2019est en ces terme que le pr\u00e9sident de la r\u00e9publique Paul Biya s\u2019est adress\u00e9 \u00e0 la jeunesse lors de son discours du 10 f\u00e9vrier 2019. Cette nouvelle annonce vient s\u2019ajouter \u00e0 celles faites dans de pr\u00e9c\u00e9dents discours, qui emm\u00e8nent \u00e0 conclure que sur les 5 derni\u00e8res ann\u00e9es un peu plus de 2 millions d\u2019emplois ont \u00e9t\u00e9 cr\u00e9\u00e9s au Cameroun. Le probl\u00e8me, c\u2019est que de nombreuses personnes au sein de l\u2019opinion publique ont du mal \u00e0 y croire, vu le nombre \u00e9lev\u00e9 de jeunes \u00ab\u00a0pr\u00eats \u00e0 tout faire\u00a0\u00bb, tant qu\u2019il s\u2019agit d\u2019avoir un job.<\/p>\n<p>Des indicateurs semblent cependant diluer la confiance pr\u00e9sidentielle. Ils proviennent de la surveillance dans l\u2019\u00e9volution des chiffres du r\u00e9gime de pension. S\u2019il est difficile d\u2019avoir acc\u00e8s aux donn\u00e9es des pensions des fonctionnaires g\u00e9r\u00e9s dans le cadre du tr\u00e9sor public, celui du secteur priv\u00e9 qui est g\u00e9r\u00e9 par la Caisse nationale de Pr\u00e9voyance Sociale est un indicateur assez pertinent.\u00a0 Ce qu\u2019on note en premier lieu lorsqu\u2019on regarde les chiffres publi\u00e9s par l\u2019organisme, c\u2019est que d\u00e9j\u00e0 le nombre des entreprises contributrice a fortement baiss\u00e9. Elles sont pass\u00e9 de <strong>70 557<\/strong> en 2014, \u00e0 seulement <strong>38 445<\/strong> en 2016. Les chiffres des ann\u00e9es d\u2019apr\u00e8s n\u2019\u00e9tait pas disponibles. Cette information renseigne d\u00e9j\u00e0 sur une chose, c\u2019est que le nombre d\u2019entreprises qui cotisent pour leurs employ\u00e9s a baiss\u00e9. Il est difficile de dire si cela a \u00e9t\u00e9 le fait d\u2019une r\u00e9gularisation ou d\u2019une cessation d\u2019activit\u00e9s.<\/p>\n<blockquote readability=\"10\">\n<p>Mais d\u00e9j\u00e0, le nombre de personnes d\u00e9clar\u00e9s \u00e0 la CNPS et qui sont consid\u00e9r\u00e9es comme travaillant en entreprise, est pass\u00e9 de 740 016 en 2014 toujours selon les donn\u00e9es de la CNPS, \u00e0 pr\u00e8s de 853 640 en 2016<\/p>\n<\/blockquote>\n<p>Dans la m\u00eame foul\u00e9, on apprend que le nombre salari\u00e9 d\u00e9clar\u00e9s et qui sont dans des entreprises, a augment\u00e9 sur la p\u00e9riode. Au regard de la baisse du nombre d\u2019entreprise, on peut d\u00e9duire qu\u2019il y a eu de nombreuses r\u00e9gulations. Mais d\u00e9j\u00e0, le nombre de personnes d\u00e9clar\u00e9s \u00e0 la CNPS et qui sont consid\u00e9r\u00e9es comme travaillant en entreprise, est pass\u00e9 de <strong>740 016<\/strong> en 2014 toujours selon les donn\u00e9es de la CNPS, \u00e0 pr\u00e8s <strong>de 853 640<\/strong> en 2016. Cela suppose une augmentation de <strong>113 624<\/strong> nouveau d\u00e9clar\u00e9s en entreprise. Ce chiffre passe \u00e0 <strong>114 323<\/strong> de personnes suppl\u00e9mentaire d\u00e9clar\u00e9es, si on associe les adh\u00e9sions volontaires.<\/p>\n<p><strong>Seulement 39 000 emplois cr\u00e9\u00e9es dans le priv\u00e9, entre 2009 et 2016<\/strong><\/p>\n<p>Du c\u00f4t\u00e9 des entreprises le rapport sur le recensement g\u00e9n\u00e9ral des entreprises de l\u2019ann\u00e9e 2016 produit par l\u2019Institut nationale des Statistiques confirme effectivement que peu d\u2019entreprises d\u00e9clarent leurs employ\u00e9s \u00e0 la CNPS. On peut donc estimer que les deux millions d\u2019emplois cr\u00e9es d\u00e9fendus par le gouvernement sur les 6 derni\u00e8res ann\u00e9es sont une r\u00e9alit\u00e9. Mais en r\u00e9alit\u00e9, au dernier pointage de ce rapport (2016), les <strong>201 000<\/strong> et plus d\u2019entreprises recens\u00e9s, employaient <strong>696 259<\/strong> personnes, contre un peu plus de <strong>429 358<\/strong> emplois en 2009. Ce qui fait une cr\u00e9ation d\u2019emplois suppl\u00e9mentaire d\u2019un peu plus de <strong>38 000<\/strong> postes dans le priv\u00e9. Et l\u00e0 m\u00eame, on apprend que des secteurs qui recrutent le plus, sont celui de la s\u00e9curit\u00e9 (gardiennage) et l\u2019agriculture industrielle, notamment la <strong>Cameroon Development Corporation<\/strong>, qui est aujourd\u2019hui en petites difficult\u00e9s. Dans le rapport, il ressortait que le rythme de recrutement des entreprises avait baiss\u00e9, en rapport avec un ralentissement de leurs croissances et de leurs rentabilit\u00e9s.<\/p>\n<blockquote readability=\"7\">\n<p>L\u2019hypoth\u00e8se la plus forte serait que ces emplois aient \u00e9t\u00e9 effectivement cr\u00e9\u00e9es, mais n\u2019aient pas donn\u00e9 lieu \u00e0 des d\u00e9clarations \u00e0 la CNPS.<\/p>\n<\/blockquote>\n<p><strong>2 millions d\u2019emplois depuis 2011, mensonge ou erreur de bonne foi\u00a0??<\/strong><\/p>\n<p>Vu sous un tel angle, on est loin des chiffres proches du million d\u2019emplois annonc\u00e9s comme \u00e9tant cr\u00e9\u00e9s sur la p\u00e9riode. L\u2019hypoth\u00e8se la plus forte serait que ces emplois aient \u00e9t\u00e9 effectivement cr\u00e9\u00e9es, mais n\u2019aient pas donn\u00e9 lieu \u00e0 des d\u00e9clarations \u00e0 la CNPS. Valider une telle position \u00e9quivaudrait \u00e0 reconna\u00eetre, que le gouvernement camerounais consacre le sous-emplois comme moyen de faire reculer le ch\u00f4mage. Lors d\u2019une rencontre en 2018 avec la presse, des responsables du minist\u00e8re de l\u2019\u00e9conomie avaient reconnu que cette question du sous-emploi est un serpent de mer.<\/p>\n<p>Le Document de Strat\u00e9gie pour la Croissance et l\u2019Emploi, boussole de la premi\u00e8re \u00e9tape de la vision 2035, pr\u00e9voyaient qu\u2019il soit en baisse \u00e0 seulement 50% des travailleurs \u00e0 la fin 2020. \u00c0 17 mois de l\u2019\u00e9ch\u00e9ance, tout porte \u00e0 croire que cet indicateur du document cadre de travail de l\u2019administration camerounaise, ne sera pas atteint. Selon de r\u00e9cents rapports, le taux de sous-emplois a m\u00eame augment\u00e9 et fr\u00f4lait <strong>les 80%.<\/strong> Et il a \u00e9t\u00e9 observ\u00e9 que ce sous-emplois frappent tous les secteurs, y compris ceux de l\u2019administration. De nombreuses personnes recrut\u00e9es dans le cadre de l\u2019initiative <strong>25 000 recrutement<\/strong> dans l\u2019administration, sont aujourd\u2019hui soit sous-pay\u00e9s, soit mal int\u00e9gr\u00e9.<\/p>\n<p>Le pr\u00e9sident de la r\u00e9publique a-t-il d\u00e9lib\u00e9r\u00e9ment annonc\u00e9 des chiffres qui ne sont exacts ou a-t-il consacr\u00e9 le sous-emploi comme solution au ch\u00f4mage. Sur la question, il est difficile de se prononcer. Personne n\u2019a pu lui poser la question directement. Mais au final <strong>2 millions<\/strong> d\u2019emplois d\u00e9cents, ne semblent pas avoir pu \u00eatre cr\u00e9\u00e9s au cours des six derni\u00e8res ann\u00e9es.<\/p>\n<div class=\"about-author about-author-box container-wrapper\">\n<div class=\"author-avatar\">\n<p><img decoding=\"async\" src=\"http:\/\/\" alt=\"\"\/><\/p>\n<\/div>\n<p><h4>La R\u00e9daction EcoMatin<\/h4>\n<\/p>\n<\/div>\n<div class=\"awac-wrapper awac widget blog_subscription-2\">\n<h4 class=\"widget-title\">Abonnez-vous \u00e0 notre lettre d&rsquo;information<\/h4>\n<\/div>\n<p>Auteur: EcoMatin<br \/>\n<a href=\"https:\/\/ecomatin.net\/emplois-le-chiffre-de-500-000-crees-au-cameroun-est-il-soutenable\/\">Cliquez ici pour lire l&rsquo;article depuis sa source.<\/a><\/p>\n","protected":false},"excerpt":{"rendered":"<p>\u00ab Plus de 500\u00a0000 emplois ont \u00e9t\u00e9\u00a0cr\u00e9\u00e9s en 2018, gr\u00e2ce aux grands chantiers en cours, aux projets agricoles, routiers et infrastructurels, ainsi qu\u2019aux travaux men\u00e9s par les collectivit\u00e9s territoriales d\u00e9centralis\u00e9es\u00a0\u00bb. C\u2019est en ces terme que le pr\u00e9sident de la r\u00e9publique Paul Biya s\u2019est adress\u00e9 \u00e0 la jeunesse lors de son discours du 10 f\u00e9vrier 2019. [&hellip;]<\/p>\n","protected":false},"author":1969,"featured_media":0,"comment_status":"closed","ping_status":"closed","sticky":false,"template":"","format":"standard","meta":{"fifu_image_url":"","fifu_image_alt":"","footnotes":""},"categories":[82,78],"tags":[],"class_list":["post-21427","post","type-post","status-publish","format-standard","hentry","category-cameroun","category-economie"],"_links":{"self":[{"href":"https:\/\/linitiative.ca\/International\/wp-json\/wp\/v2\/posts\/21427","targetHints":{"allow":["GET"]}}],"collection":[{"href":"https:\/\/linitiative.ca\/International\/wp-json\/wp\/v2\/posts"}],"about":[{"href":"https:\/\/linitiative.ca\/International\/wp-json\/wp\/v2\/types\/post"}],"author":[{"embeddable":true,"href":"https:\/\/linitiative.ca\/International\/wp-json\/wp\/v2\/users\/1969"}],"replies":[{"embeddable":true,"href":"https:\/\/linitiative.ca\/International\/wp-json\/wp\/v2\/comments?post=21427"}],"version-history":[{"count":0,"href":"https:\/\/linitiative.ca\/International\/wp-json\/wp\/v2\/posts\/21427\/revisions"}],"wp:attachment":[{"href":"https:\/\/linitiative.ca\/International\/wp-json\/wp\/v2\/media?parent=21427"}],"wp:term":[{"taxonomy":"category","embeddable":true,"href":"https:\/\/linitiative.ca\/International\/wp-json\/wp\/v2\/categories?post=21427"},{"taxonomy":"post_tag","embeddable":true,"href":"https:\/\/linitiative.ca\/International\/wp-json\/wp\/v2\/tags?post=21427"}],"curies":[{"name":"wp","href":"https:\/\/api.w.org\/{rel}","templated":true}]}}