{"id":21440,"date":"2019-03-12T12:50:02","date_gmt":"2019-03-12T16:50:02","guid":{"rendered":"https:\/\/linitiative.ca\/International\/algerie-la-france-sort-du-silence-mais-reste-tres-prudente\/"},"modified":"2019-03-12T12:50:02","modified_gmt":"2019-03-12T16:50:02","slug":"algerie-la-france-sort-du-silence-mais-reste-tres-prudente","status":"publish","type":"post","link":"https:\/\/linitiative.ca\/International\/algerie-la-france-sort-du-silence-mais-reste-tres-prudente\/","title":{"rendered":"Alg\u00e9rie: la France sort du silence mais reste tr\u00e8s prudente"},"content":{"rendered":"<div readability=\"32\">\n<p>Publi\u00e9 le 12.03.2019 \u00e0 17h50 par AFP<\/p>\n<\/div>\n<div readability=\"135\">\n<p>Apr\u00e8s un mois de quasi mutisme sur l\u2019Alg\u00e9rie, la France est sortie du silence pour saluer les annonces d\u2019Abdelaziz Bouteflika et demander une transition \u00ab\u00a0raisonnable\u00a0\u00bb, une position en retrait alors que la contestation reprend de plus belle.<\/p>\n<p>Depuis le d\u00e9but le 22 f\u00e9vrier de la fronde in\u00e9dite qui secoue l\u2019Alg\u00e9rie, la France, qui entretient des relations complexes et passionnelles avec son ancienne colonie, \u00e9tait rest\u00e9e d\u2019une prudence de Sioux, s\u2019accrochant \u00e0 une ligne de \u00ab\u00a0ni ing\u00e9rence ni indiff\u00e9rence\u00a0\u00bb.<\/p>\n<p>Elle pouvait cependant difficilement garder le silence apr\u00e8s les annonces surprises d\u2019Alger lundi soir, d\u2019abord interpr\u00e9t\u00e9es comme une victoire des manifestants, puisque M. Bouteflika renonce \u00e0 briguer un 5e mandat.<\/p>\n<p>Mais le pr\u00e9sident alg\u00e9rien, qui reste au pouvoir, a aussi annonc\u00e9 un report sine die de l\u2019\u00e9lection pr\u00e9sidentielle pr\u00e9vue le 18 avril, et une p\u00e9riode de transition aux contours incertains.<\/p>\n<p>\u00ab\u00a0Je salue la d\u00e9cision du pr\u00e9sident Bouteflika, qui signe une nouvelle page dans le d\u00e9veloppement de la d\u00e9mocratie alg\u00e9rienne\u00a0\u00bb, a d\u00e9clar\u00e9 depuis Djibouti Emmanuel Macron. Le jeune pr\u00e9sident fran\u00e7ais (41 ans), qui s\u2019est toujours pr\u00e9sent\u00e9 comme moins encombr\u00e9 par l\u2019histoire coloniale que ses pr\u00e9d\u00e9cesseurs plus \u00e2g\u00e9s, a salu\u00e9 \u00ab\u00a0la dignit\u00e9\u00a0\u00bb, \u00ab\u00a0les espoirs\u00a0\u00bb et \u00ab\u00a0la volont\u00e9 de changement\u00a0\u00bb de la jeunesse alg\u00e9rienne.<\/p>\n<p>\u00ab\u00a0Que la France sorte de son silence, c\u2019est tant mieux. Il y a une nouvelle donne, Paris ne pouvait pas ne pas en tenir compte\u00a0\u00bb, estime l\u2019historien Benjamin Stora.<\/p>\n<p>\u00ab\u00a0Apr\u00e8s, \u00e7a reste des formules diplomatiques classiques. Le plus important, c\u2019est ce qui va se passer vendredi (traditionnelle journ\u00e9e de manifestations) pour avoir une id\u00e9e de la suite\u00a0\u00bb, ajoute-t-il.<\/p>\n<p>\u2013 \u00ab\u00a0Position d\u00e9j\u00e0 d\u00e9pass\u00e9e\u00a0\u00bb \u2013<\/p>\n<p><ins data-revive-zoneid=\"9\" data-revive-id=\"10111e19d28d19d031742ee3b0b33eb0\"\/> <\/p>\n<p>Dans sa r\u00e9action, M. Macron a \u00e9galement appel\u00e9 \u00e0 \u00ab\u00a0une transition d\u2019une dur\u00e9e raisonnable\u00a0\u00bb, actant ainsi le report de l\u2019\u00e9lection.<\/p>\n<p>Or, c\u2019est pr\u00e9cis\u00e9ment ce qui a pouss\u00e9 plusieurs milliers d\u2019\u00e9tudiants \u00e0 redescendre dans les rues d\u2019Alger ce mardi: ils d\u00e9noncent \u00ab\u00a0une ruse\u00a0\u00bb du pr\u00e9sident Bouteflika pour se maintenir au pouvoir et gagner du temps, et crient \u00ab\u00a0non aux prolongations\u00a0\u00bb.<\/p>\n<p>\u00ab\u00a0La position du pr\u00e9sident Macron est d\u00e9j\u00e0 d\u00e9pass\u00e9e dans la rue alg\u00e9rienne. Il est clair que les manifestants ne vont pas accepter cette transition, ils ont d\u00e9j\u00e0 chang\u00e9 leurs slogans. Le +Pas de 5e mandat+ s\u2019est transform\u00e9 en: +pas une minute de plus!+\u00a0\u00bb, analyse Andrew Lebovich, de l\u2019ECFR (European Council on Foreign Relations).<\/p>\n<p>\u00ab\u00a0Paris est, c\u2019est vrai dans une position difficile, divis\u00e9 entre la crainte d\u2019une d\u00e9stabilisation de l\u2019Alg\u00e9rie \u2013 que personnellement je pense exag\u00e9r\u00e9e- et celle de se voir accus\u00e9 d\u2019ing\u00e9rence\u00a0\u00bb, poursuit-il. Or, celui qui va diriger la transition, Ramtane Lamamra, nomm\u00e9 lundi nouveau vice-Premier ministre, est un ancien diplomate, tr\u00e8s connu internationalement, et \u00ab\u00a0tr\u00e8s appr\u00e9ci\u00e9 \u00e0 Paris\u00a0\u00bb, souligne M. Lebovich.<\/p>\n<p>\u00ab\u00a0Pour la France, \u00e7a peut repr\u00e9senter une voie de sortie de crise, sans d\u00e9stabilisation\u00a0\u00bb, estime-t-il.<\/p>\n<p>\u00ab\u00a0On regarde les annonces d\u2019Alger avec circonspection, on se demande si c\u2019est une bonne nouvelle ou une fa\u00e7on de garder la main\u00a0\u00bb, reconna\u00eet un diplomate sous couvert de l\u2019anonymat.<\/p>\n<p>\u00ab\u00a0Depuis le d\u00e9but, on est dans une position extraordinairement contrainte, tout ce qu\u2019on peut dire sera retenu contre nous. Dans ce contexte, il n\u2019y a pas \u00e9norm\u00e9ment d\u2019inflexion, la d\u00e9claration du pr\u00e9sident est assez pr\u00e9visible\u00a0\u00bb, ajoute-t-il.<\/p>\n<\/div>\n<p>Auteur: AFP<br \/>\n<a href=\"https:\/\/www.journalducameroun.com\/fr\/algerie-la-france-sort-du-silence-mais-reste-tres-prudente\/\">Cliquez ici pour lire l&rsquo;article depuis sa source.<\/a><\/p>\n","protected":false},"excerpt":{"rendered":"<p>Publi\u00e9 le 12.03.2019 \u00e0 17h50 par AFP Apr\u00e8s un mois de quasi mutisme sur l\u2019Alg\u00e9rie, la France est sortie du silence pour saluer les annonces d\u2019Abdelaziz Bouteflika et demander une transition \u00ab\u00a0raisonnable\u00a0\u00bb, une position en retrait alors que la contestation reprend de plus belle. Depuis le d\u00e9but le 22 f\u00e9vrier de la fronde in\u00e9dite qui [&hellip;]<\/p>\n","protected":false},"author":1965,"featured_media":0,"comment_status":"closed","ping_status":"closed","sticky":false,"template":"","format":"standard","meta":{"fifu_image_url":"","fifu_image_alt":"","footnotes":""},"categories":[73,82],"tags":[],"class_list":["post-21440","post","type-post","status-publish","format-standard","hentry","category-actualite","category-cameroun"],"_links":{"self":[{"href":"https:\/\/linitiative.ca\/International\/wp-json\/wp\/v2\/posts\/21440","targetHints":{"allow":["GET"]}}],"collection":[{"href":"https:\/\/linitiative.ca\/International\/wp-json\/wp\/v2\/posts"}],"about":[{"href":"https:\/\/linitiative.ca\/International\/wp-json\/wp\/v2\/types\/post"}],"author":[{"embeddable":true,"href":"https:\/\/linitiative.ca\/International\/wp-json\/wp\/v2\/users\/1965"}],"replies":[{"embeddable":true,"href":"https:\/\/linitiative.ca\/International\/wp-json\/wp\/v2\/comments?post=21440"}],"version-history":[{"count":0,"href":"https:\/\/linitiative.ca\/International\/wp-json\/wp\/v2\/posts\/21440\/revisions"}],"wp:attachment":[{"href":"https:\/\/linitiative.ca\/International\/wp-json\/wp\/v2\/media?parent=21440"}],"wp:term":[{"taxonomy":"category","embeddable":true,"href":"https:\/\/linitiative.ca\/International\/wp-json\/wp\/v2\/categories?post=21440"},{"taxonomy":"post_tag","embeddable":true,"href":"https:\/\/linitiative.ca\/International\/wp-json\/wp\/v2\/tags?post=21440"}],"curies":[{"name":"wp","href":"https:\/\/api.w.org\/{rel}","templated":true}]}}