{"id":21450,"date":"2019-03-12T12:50:04","date_gmt":"2019-03-12T16:50:04","guid":{"rendered":"https:\/\/linitiative.ca\/International\/a-addis-abeba-shimon-est-venu-pour-son-collegue-avi-mort-dans-le-crash\/"},"modified":"2019-03-12T12:50:04","modified_gmt":"2019-03-12T16:50:04","slug":"a-addis-abeba-shimon-est-venu-pour-son-collegue-avi-mort-dans-le-crash","status":"publish","type":"post","link":"https:\/\/linitiative.ca\/International\/a-addis-abeba-shimon-est-venu-pour-son-collegue-avi-mort-dans-le-crash\/","title":{"rendered":"A Addis Abeba, Shimon est venu pour son coll\u00e8gue Avi, mort dans le crash"},"content":{"rendered":"<div readability=\"32\">\n<p>Publi\u00e9 le 12.03.2019 \u00e0 17h50 par AFP<\/p>\n<\/div>\n<div readability=\"130\">\n<p>Quand il a appris la mort de son coll\u00e8gue Avi Matzliah, 49 ans, dans le crash a\u00e9rien dimanche du vol ET 302, Shimon Misha a d\u00e9cid\u00e9 de se rendre en Ethiopie pour tenter de trouver son corps ou ses effets personnels et les ramener en Isra\u00ebl.<\/p>\n<p>Pour l\u2019instant Shimon Misha n\u2019a rien trouv\u00e9. Sur le site o\u00f9 s\u2019est \u00e9cras\u00e9 l\u2019avion, un crat\u00e8re noirci constell\u00e9 de d\u00e9bris, il n\u2019a pu que constater l\u2019extr\u00eame violence de l\u2019impact.<\/p>\n<p>\u00ab\u00a0Son corps n\u2019est plus l\u00e0 mais il y a s\u00fbrement encore des effets personnels qui peuvent \u00eatre retrouv\u00e9s dans ce fatras\u00a0\u00bb, esp\u00e8re-t-il.<\/p>\n<p>\u00ab\u00a0Avi faisait partie de nous. C\u2019est mon devoir de le ramener \u00e0 la maison\u00a0\u00bb, ajoute un Shimon \u00ab\u00a0tr\u00e8s tr\u00e8s boulevers\u00e9\u00a0\u00bb, interrog\u00e9 par l\u2019AFP \u00e0 Addis Abeba.<\/p>\n<p>\u00ab\u00a0Il y a une m\u00e8re, une soeur et un fr\u00e8re. Ils attendent un corps \u00e0 enterrer\u00a0\u00bb.<\/p>\n<p>Lorsque Shimon s\u2019est rendu sur les lieux du crash, \u00e0 60 km \u00e0 l\u2019est d\u2019Addis Abeba, avec une \u00e9quipe de secouristes isra\u00e9liens, celle-ci n\u2019a pas \u00e9t\u00e9 autoris\u00e9e \u00e0 acc\u00e9der au site et depuis Shimon patiente dans un h\u00f4tel pr\u00e8s de l\u2019a\u00e9roport.<\/p>\n<p>Avi Matzliah est l\u2019une des 157 personnes qui se trouvaient \u00e0 bord dimanche matin du Boeing 737 Max 8 d\u2019Ethiopian Airlines \u00e0 destination de Nairobi.<\/p>\n<p>Le vol ET 302 a disparu des \u00e9crans radars six minutes apr\u00e8s le d\u00e9collage et s\u2019est \u00e9cras\u00e9 dans un champ \u00e0 l\u2019ext\u00e9rieur du village de Tulu Fara. Aucun des passagers et membres d\u2019\u00e9quipage, issus de 35 nationalit\u00e9s diff\u00e9rentes, n\u2019a surv\u00e9cu.<\/p>\n<p>Au sol, l\u2019appareil semble s\u2019\u00eatre d\u00e9sint\u00e9gr\u00e9 \u00e0 l\u2019impact et a creus\u00e9 un impressionnant crat\u00e8re.<\/p>\n<p>\u2013 Identification des corps \u2013<\/p>\n<p><ins data-revive-zoneid=\"9\" data-revive-id=\"10111e19d28d19d031742ee3b0b33eb0\"\/> <\/p>\n<p>Shimon explique vouloir au moins retrouver un Tefillin que portait s\u00fbrement Avi au bras, une petite bo\u00eete noire contenant des extraits de la Bible et fix\u00e9e au bras par des lani\u00e8res en cuir.<\/p>\n<p>\u00ab\u00a0Nous esp\u00e9rons le retrouver parce que c\u2019est fait avec un cuir tr\u00e8s r\u00e9sistant donc, si nous sommes chanceux, nous le retrouverons\u00a0\u00bb, dit-il.<\/p>\n<p>Les deux hommes travaillaient pour une soci\u00e9t\u00e9 de t\u00e9l\u00e9communications sp\u00e9cialis\u00e9e dans le haut d\u00e9bit, Radwin, et Avi se rendait au Kenya pour y conclure un accord avec l\u2019op\u00e9rateur num\u00e9ro 1 dans le pays, Safaricom.<\/p>\n<p>Dans le lobby de l\u2019h\u00f4tel, point de rencontre des rares proches de victimes d\u00e9j\u00e0 \u00e0 Addis et de diplomates, le consul isra\u00e9lien \u00e0 Addis Abeba, Oper Dach, a confirm\u00e9 \u00e0 la cha\u00eene k\u00e9nyane priv\u00e9e Citizen TV la pr\u00e9sence d\u2019\u00e9quipes sp\u00e9cialis\u00e9es sur place, et a esp\u00e9r\u00e9 qu\u2019elles soient rapidement autoris\u00e9es \u00e0 travailler sur le site.<\/p>\n<p>Le consul a expliqu\u00e9 que selon les rites fun\u00e9raires juda\u00efques, le d\u00e9funt devait \u00eatre enterr\u00e9 rapidement, \u00ab\u00a0dans les 24 ou 48 heures maximum\u00a0\u00bb.<\/p>\n<p>Mais dans les circonstances o\u00f9 le corps du d\u00e9funt a disparu, de l\u2019ADN permet proc\u00e9der \u00e0 l\u2019enterrement. D\u2019o\u00f9 l\u2019envoi d\u2019\u00e9quipes sp\u00e9cialis\u00e9es d\u2019Isra\u00ebl pour collecter et analyser un maximum de restes humains.<\/p>\n<p>\u00ab\u00a0Nous avons l\u2019expertise et nous sommes en train de faire venir une autre \u00e9quipe d\u2019Isra\u00ebl pour aider \u00e0 l\u2019identification des corps, non seulement des Isra\u00e9liens mais pour toutes les nationalit\u00e9s\u00a0\u00bb, a expliqu\u00e9 le consul. Selon une liste \u00e9tablie par Ethiopian Airlines, deux Isra\u00e9liens se trouvaient \u00e0 bord du vol ET 302.<\/p>\n<p>Au Kenya voisin, le pays le plus durement touch\u00e9 par la trag\u00e9die avec 32 victimes, les autorit\u00e9s s\u2019organisaient pour entrer en contact avec les familles des victimes et les aider.<\/p>\n<p>Ethiopian Airlines a de son c\u00f4t\u00e9 offert de transporter et d\u2019h\u00e9berger les familles des victimes k\u00e9nyanes d\u00e9sireuses de se rendre \u00e0 Addis Abeba et dont certaines \u00e9taient attendues dans les prochains jours dans la capitale \u00e9thiopienne.<\/p>\n<\/div>\n<p>Auteur: AFP<br \/>\n<a href=\"https:\/\/www.journalducameroun.com\/fr\/a-addis-abeba-shimon-est-venu-pour-son-collegue-avi-mort-dans-le-crash\/\">Cliquez ici pour lire l&rsquo;article depuis sa source.<\/a><\/p>\n","protected":false},"excerpt":{"rendered":"<p>Publi\u00e9 le 12.03.2019 \u00e0 17h50 par AFP Quand il a appris la mort de son coll\u00e8gue Avi Matzliah, 49 ans, dans le crash a\u00e9rien dimanche du vol ET 302, Shimon Misha a d\u00e9cid\u00e9 de se rendre en Ethiopie pour tenter de trouver son corps ou ses effets personnels et les ramener en Isra\u00ebl. Pour l\u2019instant [&hellip;]<\/p>\n","protected":false},"author":1965,"featured_media":0,"comment_status":"closed","ping_status":"closed","sticky":false,"template":"","format":"standard","meta":{"fifu_image_url":"","fifu_image_alt":"","footnotes":""},"categories":[73,82],"tags":[],"class_list":["post-21450","post","type-post","status-publish","format-standard","hentry","category-actualite","category-cameroun"],"_links":{"self":[{"href":"https:\/\/linitiative.ca\/International\/wp-json\/wp\/v2\/posts\/21450","targetHints":{"allow":["GET"]}}],"collection":[{"href":"https:\/\/linitiative.ca\/International\/wp-json\/wp\/v2\/posts"}],"about":[{"href":"https:\/\/linitiative.ca\/International\/wp-json\/wp\/v2\/types\/post"}],"author":[{"embeddable":true,"href":"https:\/\/linitiative.ca\/International\/wp-json\/wp\/v2\/users\/1965"}],"replies":[{"embeddable":true,"href":"https:\/\/linitiative.ca\/International\/wp-json\/wp\/v2\/comments?post=21450"}],"version-history":[{"count":0,"href":"https:\/\/linitiative.ca\/International\/wp-json\/wp\/v2\/posts\/21450\/revisions"}],"wp:attachment":[{"href":"https:\/\/linitiative.ca\/International\/wp-json\/wp\/v2\/media?parent=21450"}],"wp:term":[{"taxonomy":"category","embeddable":true,"href":"https:\/\/linitiative.ca\/International\/wp-json\/wp\/v2\/categories?post=21450"},{"taxonomy":"post_tag","embeddable":true,"href":"https:\/\/linitiative.ca\/International\/wp-json\/wp\/v2\/tags?post=21450"}],"curies":[{"name":"wp","href":"https:\/\/api.w.org\/{rel}","templated":true}]}}