{"id":21454,"date":"2019-03-12T15:19:12","date_gmt":"2019-03-12T19:19:12","guid":{"rendered":"https:\/\/linitiative.ca\/International\/commerce-international-le-cameroun-suspendu-de-lomc\/"},"modified":"2019-03-12T15:19:12","modified_gmt":"2019-03-12T19:19:12","slug":"commerce-international-le-cameroun-suspendu-de-lomc","status":"publish","type":"post","link":"https:\/\/linitiative.ca\/International\/commerce-international-le-cameroun-suspendu-de-lomc\/","title":{"rendered":"Commerce international : le Cameroun suspendu de l\u2019OMC"},"content":{"rendered":"<p>Le Cameroun a \u00e9t\u00e9 suspendu de l\u2019Organisation mondiale du Commerce (<strong>OMC<\/strong>). Et pour cause, le ministre du Commerce, <strong>Luc Magloire Mbarga Atangana<\/strong>, indique dans une lettre adress\u00e9e le\u00a0 5 mars aux services du Premier ministre, que le Cameroun est en marge de la \u00ab <em>mise en conformit\u00e9 du Cameroun aux obligations de l\u2019Accord sur la facilitation des \u00e9changes de l\u2019Organisation mondiale du commerce<\/em> \u00bb.<\/p>\n<p>De fa\u00e7on plus explicite,\u00a0 le ministre du Commerce \u00e9crit : \u00ab <em>J\u2019ai l\u2019honneur de porter \u00e0 votre connaissance, pour votre haute information de Monsieur le Premier ministre, chef du gouvernement, que les arri\u00e9r\u00e9s de cotisations de notre participation au budget de l\u2019Organisation mondiale du Commerce s\u2019\u00e9l\u00e8vent \u00e0 <strong>138 millions de FCFA<\/strong> pour les ann\u00e9es 2015, 2016, 2017 et 2018<\/em> \u00bb. Au montant susmentionn\u00e9, M. Mbarga Atangana pr\u00e9cise qu\u2019il faut ajouter la contribution du Cameroun pour le compte de l\u2019exercice 2019 qui est d\u2019un montant de 42 millions de FCFA. Ce qui fait un total cumul\u00e9 de <strong>180 millions de FCFA<\/strong>.<\/p>\n<p><strong>Si la suspension du Cameroun au sein de l\u2019OMC scandalise certains, d\u2019autres pensent que cette Organisation n\u2019apporte rien au Cameroun<\/strong><\/p>\n<p>L\u2019on apprend aussi dans cette m\u00eame correspondance que le Cameroun est actuellement sous le coup des sanctions administratives de la cat\u00e9gorie III, qui consistent en la suspension de toutes les activit\u00e9s de l\u2019assistance technique et au refus de tout acc\u00e8s aux formations organis\u00e9es par l\u2019OMC. <em>\u00ab Seul, l\u2019apurement de ces arri\u00e9r\u00e9s permettrait \u00e0 notre pays de retrouver ses droits au sein de l\u2019Organisation<\/em> \u00bb, conclut le ministre du Commerce.<\/p>\n<p>Si la suspension du Cameroun au sein de l\u2019OMC scandalise certains, d\u2019autres pensent que cette Organisation n\u2019apporte rien au Cameroun. Tout au contraire, le libre-\u00e9change que pr\u00f4ne l\u2019OMC est d\u00e9sastreux pour les industries naissantes camerounaises \u00e0 cause d\u2019une concurrence internationale d\u00e9loyale. \u00ab\u00a0<em>L\u2019OMC est incapable d\u2019\u00e9tablir les accords pour un commerce mondial juste et \u00e9quitable. Pour l\u2019heure, ses accords du libre-\u00e9change profitent uniquement aux pays \u00e9mergents. C\u2019est dire que les pays d\u2019Afrique subsaharienne sont des perdants, car lesdits accords les ont rendus fortement d\u00e9pendants des importations, ce qui contribue \u00e0 l\u2019an\u00e9antissement de leur potentiel industriel<\/em>\u00a0\u00bb, explique un expert. Il ajoute\u00a0: \u00ab\u00a0<em>Le Cameroun doit m\u00eame sortir de l\u2019OMC. Voyez-vous, aux Etats-Unis, lorsque les accords internationaux ne sont pas b\u00e9n\u00e9fiques pour les am\u00e9ricains, ils n\u2019h\u00e9sitent pas \u00e0 les annuler, ce fut le cas r\u00e9cemment des accords de Paris sur le climat<\/em>\u00a0\u00bb.<\/p>\n<p>L\u2019Organisation mondiale du commerce (OMC) est la seule organisation internationale qui s\u2019occupe des r\u00e8gles r\u00e9gissant le commerce entre les pays. Au c\u0153ur de l\u2019Organisation se trouvent les Accords de l\u2019OMC, n\u00e9goci\u00e9s et sign\u00e9s par la majeure partie des puissances commerciales du monde et ratifi\u00e9s par leurs parlements.<\/p>\n<p>Le but est d\u2019aider les producteurs de marchandises et de services, les exportateurs et les importateurs \u00e0 mener leurs activit\u00e9s. Elle remplit principalement 5 fonctions dont : g\u00e9rer les accords commerciaux multilat\u00e9raux ; servir d\u2019enceinte pour de nouvelles n\u00e9gociations ; r\u00e9gler les diff\u00e9rends entre les membres ; examiner les politiques commerciales nationales ; coop\u00e9rer avec les autres organismes internationaux (FMI, BIRD etc.). Le Cameroun a adh\u00e9r\u00e9 \u00e0 l\u2019OMC le 13 d\u00e9cembre 1995.<\/p>\n<div class=\"about-author about-author-box container-wrapper\">\n<div class=\"author-avatar\">\n<p><img decoding=\"async\" src=\"http:\/\/\" alt=\"\"\/><\/p>\n<\/div>\n<p><h4>La R\u00e9daction EcoMatin<\/h4>\n<\/p>\n<\/div>\n<div class=\"awac-wrapper awac widget blog_subscription-2\">\n<h4 class=\"widget-title\">Abonnez-vous \u00e0 notre lettre d&rsquo;information<\/h4>\n<\/div>\n<p>Auteur: EcoMatin<br \/>\n<a href=\"https:\/\/ecomatin.net\/deshonneur-le-cameroun-suspendu-de-lorganisation-mondiale-du-commerce\/\">Cliquez ici pour lire l&rsquo;article depuis sa source.<\/a><\/p>\n","protected":false},"excerpt":{"rendered":"<p>Le Cameroun a \u00e9t\u00e9 suspendu de l\u2019Organisation mondiale du Commerce (OMC). Et pour cause, le ministre du Commerce, Luc Magloire Mbarga Atangana, indique dans une lettre adress\u00e9e le\u00a0 5 mars aux services du Premier ministre, que le Cameroun est en marge de la \u00ab mise en conformit\u00e9 du Cameroun aux obligations de l\u2019Accord sur la [&hellip;]<\/p>\n","protected":false},"author":1969,"featured_media":0,"comment_status":"closed","ping_status":"closed","sticky":false,"template":"","format":"standard","meta":{"fifu_image_url":"","fifu_image_alt":"","footnotes":""},"categories":[82,78],"tags":[],"class_list":["post-21454","post","type-post","status-publish","format-standard","hentry","category-cameroun","category-economie"],"_links":{"self":[{"href":"https:\/\/linitiative.ca\/International\/wp-json\/wp\/v2\/posts\/21454","targetHints":{"allow":["GET"]}}],"collection":[{"href":"https:\/\/linitiative.ca\/International\/wp-json\/wp\/v2\/posts"}],"about":[{"href":"https:\/\/linitiative.ca\/International\/wp-json\/wp\/v2\/types\/post"}],"author":[{"embeddable":true,"href":"https:\/\/linitiative.ca\/International\/wp-json\/wp\/v2\/users\/1969"}],"replies":[{"embeddable":true,"href":"https:\/\/linitiative.ca\/International\/wp-json\/wp\/v2\/comments?post=21454"}],"version-history":[{"count":0,"href":"https:\/\/linitiative.ca\/International\/wp-json\/wp\/v2\/posts\/21454\/revisions"}],"wp:attachment":[{"href":"https:\/\/linitiative.ca\/International\/wp-json\/wp\/v2\/media?parent=21454"}],"wp:term":[{"taxonomy":"category","embeddable":true,"href":"https:\/\/linitiative.ca\/International\/wp-json\/wp\/v2\/categories?post=21454"},{"taxonomy":"post_tag","embeddable":true,"href":"https:\/\/linitiative.ca\/International\/wp-json\/wp\/v2\/tags?post=21454"}],"curies":[{"name":"wp","href":"https:\/\/api.w.org\/{rel}","templated":true}]}}