{"id":21526,"date":"2019-03-12T19:25:28","date_gmt":"2019-03-12T23:25:28","guid":{"rendered":"https:\/\/linitiative.ca\/International\/marrakech-le-cpdh-adopte-le-plan-annuel-2019-relatif-a-lappui-a-lenseignement-prescolaire-en-milieu-rural\/"},"modified":"2019-03-12T19:25:28","modified_gmt":"2019-03-12T23:25:28","slug":"marrakech-le-cpdh-adopte-le-plan-annuel-2019-relatif-a-lappui-a-lenseignement-prescolaire-en-milieu-rural","status":"publish","type":"post","link":"https:\/\/linitiative.ca\/International\/marrakech-le-cpdh-adopte-le-plan-annuel-2019-relatif-a-lappui-a-lenseignement-prescolaire-en-milieu-rural\/","title":{"rendered":"Marrakech : Le CPDH adopte le plan annuel 2019 relatif \u00e0 l\u2019appui \u00e0 l\u2019enseignement pr\u00e9scolaire en milieu rural"},"content":{"rendered":"<div readability=\"38\">\n<p>Marrakech \u2013 Le Comit\u00e9 pr\u00e9fectoral du d\u00e9veloppement humain (CPDH) de Marrakech a adopt\u00e9 mardi, lors de sa premi\u00e8re r\u00e9union au titre de l\u2019ann\u00e9e en cours, le plan annuel 2019 portant sur l\u2019appui \u00e0 l\u2019enseignement pr\u00e9scolaire en milieu rural, qui s\u2019inscrit dans le cadre de la 3\u00e8me phase de l\u2019Initiative Nationale pour le D\u00e9veloppement Humain (INDH) 2019-2023.<\/p>\n<\/div>\n<div readability=\"87\">\n<p>Lors de cette r\u00e9union, pr\u00e9sid\u00e9e par le wali de la r\u00e9gion de Marrakech-Safi, gouverneur de la pr\u00e9fecture de Marrakech, Karim Kassi-Lahlou, le CPDH a approuv\u00e9 la cr\u00e9ation, dans une premi\u00e8re \u00e9tape, de 37 unit\u00e9s d\u2019enseignement pr\u00e9scolaire dans 12 communes rurales, qui b\u00e9n\u00e9ficieront \u00e0 828 enfants (gar\u00e7ons et filles).<\/p>\n<p>Dans une allocution \u00e0 cette occasion, M. Kassi-Lahlou a indiqu\u00e9 que la 3\u00e8me phase de ce grand chantier soci\u00e9tal, qui place l\u2019\u00e9l\u00e9ment humain au coeur du d\u00e9veloppement, vient consolider les r\u00e9alisations et acquis des deux premi\u00e8res phases et ce, en s\u2019inspirant des Hautes Orientations Royales contenues dans le Discours du Tr\u00f4ne du 29 juillet 2018 et en s\u2019appuyant sur les r\u00e9sultats et conclusions des \u00e9valuations des deux pr\u00e9c\u00e9dentes phases ainsi que sur les recommandations des diff\u00e9rents partenaires.<\/p>\n<p>Il a ajout\u00e9 que la 3\u00e8me phase de l\u2019INDH est ax\u00e9e sur quatre principaux programmes, dont le programme 4 relatif au d\u00e9veloppement humain des g\u00e9n\u00e9rations montantes, qui vise essentiellement l\u2019investissement dans le capital humain d\u00e8s la petite enfance, en mettant l\u2019accent notamment la sant\u00e9 de la m\u00e8re et de l\u2019enfant, l\u2019\u00e9ducation et l\u2019accompagnement de la petite enfance et des enfants issus de milieux pauvres\u00a0en vue de les faire b\u00e9n\u00e9ficier de l\u2019enseignement pr\u00e9scolaire et att\u00e9nuer les disparit\u00e9s en mati\u00e8re d\u2019enseignement.<\/p>\n<p>Dans ce cadre, le wali de la r\u00e9gion a fait savoir que des visites de terrain ont \u00e9t\u00e9 effectu\u00e9es en f\u00e9vrier dernier aux diff\u00e9rents douars relevant des collectivit\u00e9s territoriales en milieu rural, qui ont permis d\u2019\u00e9tablir un diagnostic de la situation actuelle de l\u2019enseignement pr\u00e9scolaire, puisque les comit\u00e9s locaux de d\u00e9veloppement humain ont approuv\u00e9 la r\u00e9alisation de 37 unit\u00e9s d\u2019enseignement pr\u00e9scolaire qui vont accueillir 828 enfants, notant que l\u2019INDH oeuvrera en vue d\u2019am\u00e9liorer la qualit\u00e9 de l\u2019enseignement dans ces r\u00e9gions durant l\u2019ann\u00e9e en cours.<\/p>\n<p>M. Kassi-Lahlou a, en outre, pr\u00e9cis\u00e9 que l\u2019accent sera mis \u00e9galement sur l\u2019accompagnement des \u00e9l\u00e8ves issus des milieux pauvres durant leur parcours d\u2019\u00e9tudes, notamment lors des phases d\u2019orientation, en vue de contribuer \u00e0 la lutte contre la d\u00e9perdition scolaire et de renforcer leur ouverture en leur facilitant l\u2019acc\u00e8s aux activit\u00e9s parall\u00e8les \u00e0 port\u00e9e culturelle, artistique et sportive.<\/p>\n<p>Cette r\u00e9union a \u00e9t\u00e9 aussi marqu\u00e9e par la pr\u00e9sentation d\u2019un expos\u00e9 d\u00e9taill\u00e9 par le chef de la division de l\u2019action sociale (DAS) \u00e0 la wilaya, M. Anouar Dbira Temsamani, sur le plan d\u2019action pour la mise en \u0153uvre de la 3\u00e8me phase de l\u2019INDH, ainsi que par l\u2019adoption du r\u00e8glement int\u00e9rieur du CPDH.<\/p>\n<\/div>\n<p>Auteur: Meriem IGASS<br \/>\n<a href=\"http:\/\/www.mapmarrakech.ma\/fr\/marrakech-le-cpdh-adopte-le-plan-annuel-2019-relatif-a-lappui-a-lenseignement-prescolaire-en-milieu-rural\/\">Cliquez ici pour lire l&rsquo;article depuis sa source.<\/a><\/p>\n","protected":false},"excerpt":{"rendered":"<p>Marrakech \u2013 Le Comit\u00e9 pr\u00e9fectoral du d\u00e9veloppement humain (CPDH) de Marrakech a adopt\u00e9 mardi, lors de sa premi\u00e8re r\u00e9union au titre de l\u2019ann\u00e9e en cours, le plan annuel 2019 portant sur l\u2019appui \u00e0 l\u2019enseignement pr\u00e9scolaire en milieu rural, qui s\u2019inscrit dans le cadre de la 3\u00e8me phase de l\u2019Initiative Nationale pour le D\u00e9veloppement Humain (INDH) [&hellip;]<\/p>\n","protected":false},"author":1788,"featured_media":0,"comment_status":"closed","ping_status":"closed","sticky":false,"template":"","format":"standard","meta":{"fifu_image_url":"","fifu_image_alt":"","footnotes":""},"categories":[54,76],"tags":[],"class_list":["post-21526","post","type-post","status-publish","format-standard","hentry","category-maroc","category-regions"],"_links":{"self":[{"href":"https:\/\/linitiative.ca\/International\/wp-json\/wp\/v2\/posts\/21526","targetHints":{"allow":["GET"]}}],"collection":[{"href":"https:\/\/linitiative.ca\/International\/wp-json\/wp\/v2\/posts"}],"about":[{"href":"https:\/\/linitiative.ca\/International\/wp-json\/wp\/v2\/types\/post"}],"author":[{"embeddable":true,"href":"https:\/\/linitiative.ca\/International\/wp-json\/wp\/v2\/users\/1788"}],"replies":[{"embeddable":true,"href":"https:\/\/linitiative.ca\/International\/wp-json\/wp\/v2\/comments?post=21526"}],"version-history":[{"count":0,"href":"https:\/\/linitiative.ca\/International\/wp-json\/wp\/v2\/posts\/21526\/revisions"}],"wp:attachment":[{"href":"https:\/\/linitiative.ca\/International\/wp-json\/wp\/v2\/media?parent=21526"}],"wp:term":[{"taxonomy":"category","embeddable":true,"href":"https:\/\/linitiative.ca\/International\/wp-json\/wp\/v2\/categories?post=21526"},{"taxonomy":"post_tag","embeddable":true,"href":"https:\/\/linitiative.ca\/International\/wp-json\/wp\/v2\/tags?post=21526"}],"curies":[{"name":"wp","href":"https:\/\/api.w.org\/{rel}","templated":true}]}}