{"id":21528,"date":"2019-03-12T20:47:09","date_gmt":"2019-03-13T00:47:09","guid":{"rendered":"https:\/\/linitiative.ca\/International\/indh-des-communes-de-la-prefecture-de-marrakech-dotees-de-bus-scolaires-et-dambulances\/"},"modified":"2019-03-12T20:47:09","modified_gmt":"2019-03-13T00:47:09","slug":"indh-des-communes-de-la-prefecture-de-marrakech-dotees-de-bus-scolaires-et-dambulances","status":"publish","type":"post","link":"https:\/\/linitiative.ca\/International\/indh-des-communes-de-la-prefecture-de-marrakech-dotees-de-bus-scolaires-et-dambulances\/","title":{"rendered":"INDH: Des communes de la pr\u00e9fecture de Marrakech dot\u00e9es de bus scolaires et d\u2019ambulances"},"content":{"rendered":"<div class=\"single-featured\"><img alt=\"\" data-src=\"http:\/\/www.mapmarrakech.ma\/map\/uploads\/2019\/03\/livraisonbusscolaires-copier.jpg\"\/><\/div>\n<div class=\"single-post-excerpt post-excerpt-bc\" readability=\"43\">\n<p>Marrakech \u2013 Le wali de la r\u00e9gion de Marrakech-Safi, gouverneur de la pr\u00e9fecture de Marrakech, Karim Kassi-Lahlou, a proc\u00e9d\u00e9, mardi, en marge de la premi\u00e8re r\u00e9union du Comit\u00e9 pr\u00e9fectoral du d\u00e9veloppement humain (CPDH) de Marrakech, \u00e0 la distribution de 14 bus scolaires qui vont b\u00e9n\u00e9ficier \u00e0 une commune urbaine et \u00e0 sept communes rurales, dans le cadre du programme de l\u2019INDH 2019-2023, en vue du d\u00e9veloppement du capital humain des g\u00e9n\u00e9rations montantes et de la promotion de la scolarisation de la fille en milieu rural.<\/p>\n<\/div>\n<div class=\"entry-content clearfix single-post-content\" readability=\"38\">\n<p>A cette occasion, deux ambulances ont \u00e9t\u00e9 aussi remises aux communes rurales d\u2019Akfay et de l\u2019oasis de Moulay Brahim, dans le cadre d\u2019un partenariat entre l\u2019INDH et le conseil pr\u00e9fectoral de Marrakech, en vue d\u2019appuyer les prestations m\u00e9dicales offertes aux femmes enceintes et aux enfants dans ces deux communes.<\/p>\n<\/div>\n<p>Auteur: Meriem IGASS<br \/>\n<a href=\"http:\/\/www.mapmarrakech.ma\/fr\/indh-des-communes-de-la-prefecture-de-marrakech-dotees-de-bus-scolaires-et-dambulances\/\">Cliquez ici pour lire l&rsquo;article depuis sa source.<\/a><\/p>\n","protected":false},"excerpt":{"rendered":"<p>Marrakech \u2013 Le wali de la r\u00e9gion de Marrakech-Safi, gouverneur de la pr\u00e9fecture de Marrakech, Karim Kassi-Lahlou, a proc\u00e9d\u00e9, mardi, en marge de la premi\u00e8re r\u00e9union du Comit\u00e9 pr\u00e9fectoral du d\u00e9veloppement humain (CPDH) de Marrakech, \u00e0 la distribution de 14 bus scolaires qui vont b\u00e9n\u00e9ficier \u00e0 une commune urbaine et \u00e0 sept communes rurales, dans [&hellip;]<\/p>\n","protected":false},"author":1788,"featured_media":21529,"comment_status":"closed","ping_status":"closed","sticky":false,"template":"","format":"standard","meta":{"fifu_image_url":"","fifu_image_alt":"","footnotes":""},"categories":[54,76],"tags":[],"class_list":["post-21528","post","type-post","status-publish","format-standard","has-post-thumbnail","hentry","category-maroc","category-regions"],"_links":{"self":[{"href":"https:\/\/linitiative.ca\/International\/wp-json\/wp\/v2\/posts\/21528","targetHints":{"allow":["GET"]}}],"collection":[{"href":"https:\/\/linitiative.ca\/International\/wp-json\/wp\/v2\/posts"}],"about":[{"href":"https:\/\/linitiative.ca\/International\/wp-json\/wp\/v2\/types\/post"}],"author":[{"embeddable":true,"href":"https:\/\/linitiative.ca\/International\/wp-json\/wp\/v2\/users\/1788"}],"replies":[{"embeddable":true,"href":"https:\/\/linitiative.ca\/International\/wp-json\/wp\/v2\/comments?post=21528"}],"version-history":[{"count":0,"href":"https:\/\/linitiative.ca\/International\/wp-json\/wp\/v2\/posts\/21528\/revisions"}],"wp:featuredmedia":[{"embeddable":true,"href":"https:\/\/linitiative.ca\/International\/wp-json\/"}],"wp:attachment":[{"href":"https:\/\/linitiative.ca\/International\/wp-json\/wp\/v2\/media?parent=21528"}],"wp:term":[{"taxonomy":"category","embeddable":true,"href":"https:\/\/linitiative.ca\/International\/wp-json\/wp\/v2\/categories?post=21528"},{"taxonomy":"post_tag","embeddable":true,"href":"https:\/\/linitiative.ca\/International\/wp-json\/wp\/v2\/tags?post=21528"}],"curies":[{"name":"wp","href":"https:\/\/api.w.org\/{rel}","templated":true}]}}