{"id":21541,"date":"2019-03-13T15:13:59","date_gmt":"2019-03-13T19:13:59","guid":{"rendered":"https:\/\/linitiative.ca\/International\/ligue-1-2-mca-frioui-a-repris\/"},"modified":"2019-03-13T15:13:59","modified_gmt":"2019-03-13T19:13:59","slug":"ligue-1-2-mca-frioui-a-repris","status":"publish","type":"post","link":"https:\/\/linitiative.ca\/International\/ligue-1-2-mca-frioui-a-repris\/","title":{"rendered":"Ligue 1 &amp; 2 : MCA : Frioui a repris !"},"content":{"rendered":"<div readability=\"32\">\n<p>Auteur : <span>T.Che<\/span> <span class=\"time\">mercredi 13 mars 2019 13:30<\/span><\/p>\n<\/div>\n<div id=\"post_core\" readability=\"40\">\n<p>C\u2019est donc hier matin que les Mouloud\u00e9ens se sont entra\u00een\u00e9s au centre d\u2019A\u00efn Benian en pr\u00e9sence du coach Adel Amrouche. Absent la veille \u00e0 cause d\u2019un probl\u00e8me de sant\u00e9, Amrouche a repris hier les choses en main avant de rendre quelques heures plus tard sa d\u00e9mission \u00e0 Kaci-Sa\u00efd. Tout le monde est plus que jamais concentr\u00e9 sur son sujet et ce derby o\u00f9 le moindre faux pas est interdit. La s\u00e9ance s\u2019est d\u00e9roul\u00e9e avec 18 \u00e9l\u00e9ments pr\u00e9sents pour pr\u00e9parer le match de la saison.\u00a0\u00a0 Donn\u00e9 forfait pour dix jours en raison d\u2019une tendinite au niveau du genou, Samy Frioui s\u2019est remis au boulot plut\u00f4t que pr\u00e9vu. L\u2019ex- Blid\u00e9en \u00e9tait hier pr\u00e9sent lors de cette session matinale pour suivre \u00e0 la lettre le menu concoct\u00e9 par le staff technique.<br \/><strong>Le m\u00e9decin sera cong\u00e9di\u00e9<\/strong><br \/>Alors qu\u2019il avait eu droit \u00e0 dix jours de repos, Frioui a pass\u00e9 une contre visite chez Dr Yekdah qui a affirm\u00e9 que le joueur n\u2019avait aucune blessure. C\u2019est ce qui explique la disponibilit\u00e9 du joueur qui a repris le boulot. Bien \u00e9videmment, la direction du club ne va pas en rester l\u00e0. Il y aura des sanctions contre le m\u00e9decin impliqu\u00e9 qui sera cong\u00e9di\u00e9.<br \/><strong>Lamara confirme sa participation au derby<\/strong><br \/>En d\u00e9licatesse avec le tendon d\u2019Achille, Nabil Lamara \u00e9tait avant-hier en tenue de ville. Le lat\u00e9ral gauche s\u2019est donc remis hier au boulot. Une tr\u00e8s bonne nouvelle pour le staff technique car Lamara par ce retour confirme sa disponibilit\u00e9 pour le rendez-vous de demain apr\u00e8s-midi contre les Rouge et Noir.<br \/>\u00a0<\/p>\n<\/div>\n<p>Auteur:<br \/>\n<a href=\"http:\/\/www.lebuteur.com\/article\/detail?titre=mca-frioui-a-repris&#038;id=87105&#038;utm_source=feedburner&#038;utm_medium=feed&#038;utm_campaign=Feed%3A+GalerieFArtciles+%28Les+derniers+articles++-+lebuteur.com%29\">Cliquez ici pour lire l&rsquo;article depuis sa source.<\/a><\/p>\n","protected":false},"excerpt":{"rendered":"<p>Auteur : T.Che mercredi 13 mars 2019 13:30 C\u2019est donc hier matin que les Mouloud\u00e9ens se sont entra\u00een\u00e9s au centre d\u2019A\u00efn Benian en pr\u00e9sence du coach Adel Amrouche. Absent la veille \u00e0 cause d\u2019un probl\u00e8me de sant\u00e9, Amrouche a repris hier les choses en main avant de rendre quelques heures plus tard sa d\u00e9mission \u00e0 [&hellip;]<\/p>\n","protected":false},"author":1738,"featured_media":21542,"comment_status":"closed","ping_status":"closed","sticky":false,"template":"","format":"standard","meta":{"fifu_image_url":"","fifu_image_alt":"","footnotes":""},"categories":[53,75],"tags":[],"class_list":["post-21541","post","type-post","status-publish","format-standard","has-post-thumbnail","hentry","category-algerie","category-sport"],"_links":{"self":[{"href":"https:\/\/linitiative.ca\/International\/wp-json\/wp\/v2\/posts\/21541","targetHints":{"allow":["GET"]}}],"collection":[{"href":"https:\/\/linitiative.ca\/International\/wp-json\/wp\/v2\/posts"}],"about":[{"href":"https:\/\/linitiative.ca\/International\/wp-json\/wp\/v2\/types\/post"}],"author":[{"embeddable":true,"href":"https:\/\/linitiative.ca\/International\/wp-json\/wp\/v2\/users\/1738"}],"replies":[{"embeddable":true,"href":"https:\/\/linitiative.ca\/International\/wp-json\/wp\/v2\/comments?post=21541"}],"version-history":[{"count":0,"href":"https:\/\/linitiative.ca\/International\/wp-json\/wp\/v2\/posts\/21541\/revisions"}],"wp:featuredmedia":[{"embeddable":true,"href":"https:\/\/linitiative.ca\/International\/wp-json\/"}],"wp:attachment":[{"href":"https:\/\/linitiative.ca\/International\/wp-json\/wp\/v2\/media?parent=21541"}],"wp:term":[{"taxonomy":"category","embeddable":true,"href":"https:\/\/linitiative.ca\/International\/wp-json\/wp\/v2\/categories?post=21541"},{"taxonomy":"post_tag","embeddable":true,"href":"https:\/\/linitiative.ca\/International\/wp-json\/wp\/v2\/tags?post=21541"}],"curies":[{"name":"wp","href":"https:\/\/api.w.org\/{rel}","templated":true}]}}