{"id":21547,"date":"2019-03-13T15:14:05","date_gmt":"2019-03-13T19:14:05","guid":{"rendered":"https:\/\/linitiative.ca\/International\/ligue-1-2-crb-zeroual-on-aura-notre-mot-a-dire-face-au-difaa\/"},"modified":"2019-03-13T15:14:05","modified_gmt":"2019-03-13T19:14:05","slug":"ligue-1-2-crb-zeroual-on-aura-notre-mot-a-dire-face-au-difaa","status":"publish","type":"post","link":"https:\/\/linitiative.ca\/International\/ligue-1-2-crb-zeroual-on-aura-notre-mot-a-dire-face-au-difaa\/","title":{"rendered":"Ligue 1 &amp; 2 : CRB : Zeroual : \u00abOn aura notre mot \u00e0 dire face au Difa\u00e2\u00bb"},"content":{"rendered":"<div readability=\"32\">\n<p>Auteur : <span>Islam Tazibt<\/span> <span class=\"time\">mercredi 13 mars 2019 13:31<\/span><\/p>\n<\/div>\n<div id=\"post_core\" readability=\"67\">\n<p><strong>Comment passez-vous cette longue p\u00e9riode d\u2019arr\u00eat ?<\/strong><br \/>A vrai dire, cette p\u00e9riode est un peu difficile \u00e0 g\u00e9rer, surtout pour les membres du staff technique. Quand on avait repris l\u2019entra\u00eenement, suite \u00e0 notre dernier match nul \u00e0 Oran, nous ne savions m\u00eame pas quand et contre qui nous allions jouer. Croyez-moi, c\u2019est vraiment difficile de travailler dans pareilles conditions. On ne savait pas qui on pr\u00e9pare ni quand on va jouer. Heureusement, il y a eu une annonce concernant le calendrier m\u00eame si, il faut le dire, il est loin de nous arranger.<br \/><strong>Tout le monde craint un certain rel\u00e2chement de la part des joueurs suite aux changements op\u00e9r\u00e9s au niveau du calendrier. Un commentaire ?<\/strong><br \/>Comme je viens de le dire, ce n\u2019est pas \u00e9vident de garder la concentration quand tu restes plusieurs semaines sans jouer. Il faut savoir qu\u2019entre le match du MC Oran et celui du DRB Tadjenanet qui nous attend la semaine prochaine, il y a presque trois semaines d\u2019arr\u00eat. Certes, le staff technique organise des rencontres amicales pour maintenir le rythme de l\u2019\u00e9quipe mais tout le monde sait qu\u2019une rencontre amicale ne remplace jamais une rencontre officielle, notamment au niveau de l\u2019intensit\u00e9.<br \/><strong>Vous n\u2019allez donc pas aborder les deux prochains matchs en championnat dans les conditions voulues\u2026<\/strong><br \/>On \u00e9tait sur une tr\u00e8s bonne dynamique, suite aux trois succ\u00e8s en championnat et au nul d\u00e9croch\u00e9 \u00e0 Oran. On aurait aim\u00e9 encha\u00eener mais on a \u00e9t\u00e9 stopp\u00e9s brusquement par ces changements au niveau du calendrier. C\u2019est dommage car cela se r\u00e9percute sur nous ; non seulement, on reste plusieurs semaines \u00e0 l\u2019arr\u00eat mais aussi on aura \u00e0 encha\u00eener trois rencontres. Et quelles rencontres, en l\u2019espace d\u2019une semaine \u00e0 peine. Franchement, je ne comprends plus ce qui se passe au niveau de la programmation.<br \/><strong>Vous avez \u00e9t\u00e9 titularis\u00e9 pour la deuxi\u00e8me fois depuis votre venue et la premi\u00e8re en championnat. Quel jugement faites-vous sur votre prestation ?<\/strong><br \/>Oui, apr\u00e8s ma premi\u00e8re participation en Coupe d\u2019Alg\u00e9rie, j\u2019ai eu la chance de d\u00e9fendre les couleurs du Chabab de Belouizdad pour la premi\u00e8re fois depuis que je suis venu ici. Je suis tr\u00e8s heureux de vivre ce moment. Pour ce qui est de ma prestation, je laisse le soin aux observateurs et surtout aux membres du staff technique de me juger. Pour ma part, je me contente seulement de donner le meilleur de moi-m\u00eame une fois sur le terrain, pour permettre \u00e0 mon \u00e9quipe de d\u00e9crocher des r\u00e9sultats positifs.<br \/><strong>Vous avez directement pris vos rep\u00e8res au CRB, en d\u00e9pit d\u2019une blessure \u00e0 la cheville qui vous a \u00e9loign\u00e9 pendant presque deux semaines\u2026<\/strong><br \/>Oui, tout le monde m\u2019a bien accueilli au Chabab. Que ce soit les joueurs, les membres du staff technique, les dirigeants mais aussi les supporters, chacun a fait en sorte que je me sente bien d\u00e8s mes premiers jours au club. Je ne vous cache pas que je sens comme si cela fait plusieurs saisons que je suis ici. On dispose d\u2019un groupe magnifique. L\u2019ambiance est excellente et surtout favorable au travail. Quant \u00e0 ma blessure, elle n\u2019est qu\u2019un lointain souvenir.<br \/><strong>Qu\u2019en est-il de la concurrence entre vous et Boulekhoua ?<\/strong><br \/>Zinou (Boulekhoua) est un mec g\u00e9nial. Il m\u2019a bien accueilli et m\u2019a beaucoup aid\u00e9 \u00e0 trouver mes rep\u00e8res. C\u2019est aussi un magnifique joueur avec beaucoup de talent. Il met son exp\u00e9rience au service des jeunes et m\u2019aide \u00e0 progresser. Ma concurrence avec lui est b\u00e9n\u00e9fique pour tout le monde. Elle pousse chacun de nous \u00e0 se surpasser \u00e0 l\u2019entrainement pour d\u00e9crocher la confiance du coach. Pour ma part, je ne me pr\u00e9occupe pas trop car je ne suis au club que depuis quelques mois. Je dois rester concentr\u00e9 sur ma progression. Le reste viendra syst\u00e9matiquement.<br \/><strong>Un dernier mot pour conclure ?<\/strong><br \/>Mon dernier mot, je le r\u00e9serve pour les supporters. Je tiens d\u2019abord \u00e0 les remercier d\u2019avoir \u00e9t\u00e9 toujours l\u00e0 pour nous et de nous avoir soutenus \u00e0 Oran. On aurait aim\u00e9 leur offrir les trois points ; malheureusement, tout ne s\u2019est pas pass\u00e9 comme pr\u00e9vu. Je leur demande de rester derri\u00e8re nous et de continuer \u00e0 nous soutenir en cette derni\u00e8re ligne droite. On a vraiment besoin d\u2019eux. Je leur promets qu\u2019on fera tout pour leur offrir les trois points lors de notre prochaine rencontre face au DRBT.<\/p>\n<p><strong>Publi\u00e9 dans :<\/strong> <span>CRB<\/span> <span>Boulekhoua<\/span> <span>Zeroual<\/span><\/p>\n<\/div>\n<p>Auteur:<br \/>\n<a href=\"http:\/\/www.lebuteur.com\/article\/detail?titre=crb-zeroual-on-aura-notre-mot-a-dire-face-au-difaa&#038;id=87098&#038;utm_source=feedburner&#038;utm_medium=feed&#038;utm_campaign=Feed%3A+GalerieFArtciles+%28Les+derniers+articles++-+lebuteur.com%29\">Cliquez ici pour lire l&rsquo;article depuis sa source.<\/a><\/p>\n","protected":false},"excerpt":{"rendered":"<p>Auteur : Islam Tazibt mercredi 13 mars 2019 13:31 Comment passez-vous cette longue p\u00e9riode d\u2019arr\u00eat ?A vrai dire, cette p\u00e9riode est un peu difficile \u00e0 g\u00e9rer, surtout pour les membres du staff technique. Quand on avait repris l\u2019entra\u00eenement, suite \u00e0 notre dernier match nul \u00e0 Oran, nous ne savions m\u00eame pas quand et contre qui [&hellip;]<\/p>\n","protected":false},"author":1738,"featured_media":21548,"comment_status":"closed","ping_status":"closed","sticky":false,"template":"","format":"standard","meta":{"fifu_image_url":"","fifu_image_alt":"","footnotes":""},"categories":[53,75],"tags":[],"class_list":["post-21547","post","type-post","status-publish","format-standard","has-post-thumbnail","hentry","category-algerie","category-sport"],"_links":{"self":[{"href":"https:\/\/linitiative.ca\/International\/wp-json\/wp\/v2\/posts\/21547","targetHints":{"allow":["GET"]}}],"collection":[{"href":"https:\/\/linitiative.ca\/International\/wp-json\/wp\/v2\/posts"}],"about":[{"href":"https:\/\/linitiative.ca\/International\/wp-json\/wp\/v2\/types\/post"}],"author":[{"embeddable":true,"href":"https:\/\/linitiative.ca\/International\/wp-json\/wp\/v2\/users\/1738"}],"replies":[{"embeddable":true,"href":"https:\/\/linitiative.ca\/International\/wp-json\/wp\/v2\/comments?post=21547"}],"version-history":[{"count":0,"href":"https:\/\/linitiative.ca\/International\/wp-json\/wp\/v2\/posts\/21547\/revisions"}],"wp:featuredmedia":[{"embeddable":true,"href":"https:\/\/linitiative.ca\/International\/wp-json\/"}],"wp:attachment":[{"href":"https:\/\/linitiative.ca\/International\/wp-json\/wp\/v2\/media?parent=21547"}],"wp:term":[{"taxonomy":"category","embeddable":true,"href":"https:\/\/linitiative.ca\/International\/wp-json\/wp\/v2\/categories?post=21547"},{"taxonomy":"post_tag","embeddable":true,"href":"https:\/\/linitiative.ca\/International\/wp-json\/wp\/v2\/tags?post=21547"}],"curies":[{"name":"wp","href":"https:\/\/api.w.org\/{rel}","templated":true}]}}