{"id":21549,"date":"2019-03-13T15:14:06","date_gmt":"2019-03-13T19:14:06","guid":{"rendered":"https:\/\/linitiative.ca\/International\/ligue-1-2-usma-froger-si-on-continue-comme-ca-on-risque-de-faire-une-psg\/"},"modified":"2019-03-13T15:14:06","modified_gmt":"2019-03-13T19:14:06","slug":"ligue-1-2-usma-froger-si-on-continue-comme-ca-on-risque-de-faire-une-psg","status":"publish","type":"post","link":"https:\/\/linitiative.ca\/International\/ligue-1-2-usma-froger-si-on-continue-comme-ca-on-risque-de-faire-une-psg\/","title":{"rendered":"Ligue 1 &amp; 2 : USMA : Froger \u00abSi on continue comme \u00e7a, on risque de faire une \u2018\u2018PSG\u2019\u2019\u00bb"},"content":{"rendered":"<p>Le technicien de l\u2019USMA, Thierry Froger, a anim\u00e9 une conf\u00e9rence de presse, hier matin, \u00e0 Bologhine, o\u00f9 il a abord\u00e9 le derby face au MCA, et d\u2019autres points qui lui sont rest\u00e9s en travers de la gorge, ces derniers temps.<\/p>\n<p><strong>\u00abDans ce derby, le classement des deux \u00e9quipes ne compte pas, mais il faut oublier notre derni\u00e8re prestation pour le rendre int\u00e9ressant\u00bb<\/strong><br \/>Le coach des Rouge et Noir entame son speech en \u00e9voquant le big derby : \u00ab C\u2019est vrai, que c\u2019est un match diff\u00e9rent du match aller, car nous \u00e9tions dans une succession de rencontres sur plusieurs fronts, et aujourd\u2019hui on se retrouve avec 15 jours pour pr\u00e9parer ce derby. C\u2019est une affiche exceptionnelle, le classement des deux \u00e9quipes ne compte pas, mais on doit bien se pr\u00e9parer. Moi, je le vois comme un grand derby, c\u2019est ce qu\u2019on dit dans plusieurs continents, il faut \u00eatre \u00e0 la hauteur. On sort d\u2019une prestation m\u00e9diocre, mais ce match est diff\u00e9rent car tout ce qui est fait avant importe peu \u00bb. Froger enchaine en tentant de faire la diff\u00e9rence entre les deux formations : \u00ab Ce sera un match ind\u00e9cis, entre deux \u00e9quipes qui se ressemblent un peu, o\u00f9 on a besoin de faire oublier notre dernier r\u00e9sultat, surtout pour nous car on doit oublier la mani\u00e8re avec laquelle on avait jou\u00e9. Ce qui est certain, c\u2019est qu\u2019on doit rendre ce match int\u00e9ressant, pour cela j\u2019esp\u00e8re que les supporters qui vont venir vont assister \u00e0 un bon spectacle \u00bb.<\/p>\n<p><strong>\u00abOn a r\u00e9cup\u00e9r\u00e9 Ibara et Benmoussa, mais on n\u2019a pas le droit de se rater deux fois d\u2019affil\u00e9e\u00bb<\/strong><br \/>\u00ab Quand vous sortez d\u2019une petite prestation face au PAC, avec quel \u00e9tat d\u2019esprit est le joueur ? Je ne sais pas, en tout cas ils doivent se dire que fauter dans un match \u00e0 domicile doit se faire une fois, mais pas deux. Sur le terrain, \u00e7a se passe bien, ils semblent motiv\u00e9s. On a r\u00e9cup\u00e9r\u00e9 Ibara qui avait un souci musculaire, on fait attention \u00e0 lui, car en ce moment il est fragile, en plus on est en fin de saison. Il y a aussi Benmoussa, qui est revenu et qui s\u2019entra\u00eene \u00e0 c\u00f4t\u00e9 de ses camarades, sinon on a fait appel \u00e0 des jeunes de la r\u00e9serve pour faire du 10\/10. Les conditions de travail sont bonnes, \u00e7a se pr\u00e9sente bien. \u00bb<\/p>\n<p><strong>\u00abOn m\u2019a dit que si tu perds ce match, tu es mort\u2026\u00bb<\/strong><br \/>Quant \u00e0 l\u2019enjeu de cette empoignade, Froger donne sa version, mais reste coll\u00e9 \u00e0 l\u2019id\u00e9e d\u2019avoir cinq points d\u2019avance : \u00ab La particularit\u00e9, et qu\u2019on est premier avec cinq points d\u2019avance, et on dit que si tu perds ce match tu es mort. D\u2019une certaine mani\u00e8re \u00e7a peut \u00eatre vrai, car le perdant va assumer les cons\u00e9quences. Sinon, si vous regardez les statistiques, et vous \u00eates mieux plac\u00e9s que moi, il y a eu plusieurs nuls dans cette affiche par le pass\u00e9, je ne sais pas pourquoi. Maintenant, si un nul nous arrange, on peut dribbler, mais il y aura des cons\u00e9quences l\u00e0 aussi, surtout pour le perdant s\u2019il y a perdant, bien s\u00fbr \u00bb.<\/p>\n<p><strong>\u00abLes soucis d\u00e9fensifs ? On ne peut pas gagner un match quand on ne veut pas d\u00e9fendre, en plus il faut aussi marquer\u00bb<\/strong><br \/>Pour ce qui est des probl\u00e8mes d\u00e9fensifs que connait l\u2019USMA, cette saison en particulier, le technicien de l\u2019USMA tente de donner des \u00e9claircissements : \u00ab Je crois que c\u2019est l\u2019\u00e9tat d\u2019esprit d\u00e9fensif, en tout cas lors du dernier match, apr\u00e8s les deux buts on a compris, c\u2019\u00e9tait criant, on ne peut pas gagner un match quand on ne veut pas d\u00e9fendre, apr\u00e8s c\u2019est facile on peut dire que c\u2019est le gardien ou les d\u00e9fenseurs, mais l\u00e0 c\u2019est un groupe, on a eu ce qu\u2019on m\u00e9ritait et c\u2019est tout. Dans l\u2019ensemble, dans le championnat alg\u00e9rien, si on ne d\u00e9fend pas, on ne gagne pas de match. On \u00e9tait sur quatre matchs sans d\u00e9faite, avec des matchs hors d\u2019Alger face \u00e0 des \u00e9quipes qui jouent leur survie, on a su le faire dans des conditions assez sp\u00e9ciales, puis quinze jours apr\u00e8s, je ne sais pas on ne voulait plus d\u00e9fendre. Si on accuse les d\u00e9fenseurs, il faut dire que c\u2019est la faute de tout le monde car le football est un tout. Maintenant, est-ce que j\u2019ai vu une \u00e9quipe de l\u2019USMA int\u00e9ressante en attaque ? Je dis non, certes on a marqu\u00e9, mais combien de buts on a rat\u00e9s ? \u00c7a revient au m\u00eame, celui qui ne d\u00e9fend pas ne marque pas. Apr\u00e8s renforcer derri\u00e8re ? Quand on perd on me le reproche, mais quand on gagne on ne dit rien. Je dis qu\u2019on a recrut\u00e9 un arri\u00e8re, qui est \u00e9tranger \u00bb.<\/p>\n<p><strong>\u00abSi on continue comme \u00e7a, on va faire une \u2019\u2019PSG\u2019\u2019\u00bb \u00a0<\/strong><br \/>Par la suite, le coach Froger donne un exemple r\u00e9cent, o\u00f9 il cite le PSG qui vient de se faire \u00e9liminer de la Ligue des champions, comme pour pr\u00e9dire quelque chose de n\u00e9gatif. Il dira : \u00ab En fait, le d\u00e9savantage et l\u2019avantage d\u2019une \u00e9quipe, c\u2019est quand tu es toujours en t\u00eate, on veut ta peau, \u00e7a c\u2019est une r\u00e8gle, et le fait d\u2019\u00eatre \u00e0 huit points \u00e0 huit journ\u00e9es de la fin, tu te dis c\u2019est pas mal, tu te retrouves en danger, et ce qui casse c\u2019est quand tu es premier \u00e0 la tr\u00eave tu te dis c\u2019est bon alors que ce n\u2019est pas encore le cas, c\u2019est dramatique. Dans le football, il y a plusieurs anecdotes \u00e0 cela par exemple PSG &#8211; Man U, il y avait 97 % de chance de se qualifier pour Paris, ensuite un joueur qui a mal pr\u00e9par\u00e9 le match (Kimpembe) et l\u00e0 c\u2019est trop tard, et nous dans tout cela j\u2019ai l\u2019impression qu\u2019on va se faire une \u2018\u2019PSG\u2019\u2019 aussi. C\u2019est ce qui est en train de se passer, car on va jouer un match crucial apr\u00e8s avoir rat\u00e9 des points b\u00eatement, alors qu\u2019on avait une bonne avance, ensuite il y a cette v\u00e9rit\u00e9 qui dit si tu perds ce match, tu perds le championnat, j\u2019avoue que j\u2019hallucine. Ce que je comprends, par contre, c\u2019est qu\u2019il y a eu des erreurs, un manque d\u2019ambition et la deuxi\u00e8me partie du championnat est diff\u00e9rente, et quand on ne fait pas le boulot sur le terrain, on paye cash, c\u2019est comme \u00e7a \u00bb.<\/p>\n<p><strong>\u00abOn m\u2019a dit \u2018\u2019il faut que tu fasses attention car tes ennemis ne sont pas \u00e0 l\u2019ext\u00e9rieur\u2019\u2019\u00bb<\/strong><br \/>Froger affirme ensuite qu\u2019il a \u00e9t\u00e9 averti, il lance une d\u00e9claration assez surprenante : \u00ab On m\u2019a dit qu\u2019il faut faire attention, tes ennemis ne sont pas \u00e0 l\u2019ext\u00e9rieur, car toutes les \u00e9quipes veulent nous battre, c\u2019est normal en football, mais qu\u2019ils sont \u00e0 cot\u00e9 de toi. On fait avec, mais il va falloir montrer son caract\u00e8re sur le terrain, et surtout son courage car quand on veut quelque chose, il faut payer le prix. Moi, je vous pose une question : est-ce qu\u2019on a la possibilit\u00e9 en tant que joueur de rater un titre ? Je ne suis pas s\u00fbr. Nous sommes dans un club qui n\u2019a rien gagn\u00e9 depuis deux ans, sinon on ne peut pas r\u00e9sumer un travail \u00e0 un entraineur ou un joueur, c\u2019est un tout et le championnat se gagne ensemble et se perd ensemble \u00bb.<\/p>\n<p><strong>\u00abOn n\u2019est pas parvenu \u00e0 aligner trois succ\u00e8s d\u2019affil\u00e9e, ensuite on perd, cela montre qu\u2019il y a un souci mental\u00bb<\/strong><br \/>A la question de savoir si son groupe n\u2019est pas assez solide mentalement, Froger r\u00e9pond : \u00ab C\u2019est un facteur important pour un joueur, tu pr\u00e9pares bien ton match, et le mental va suivre, c\u2019est une p\u00e9riode difficile, il faut s\u2019accrocher. A l\u2019USMA, on n\u2019est pas parvenu \u00e0 aligner trois succ\u00e8s d\u2019affil\u00e9e, on enchaine par une d\u00e9faite, je crois qu\u2019on est les seuls \u00e0 faire cela, donc cela confirme qu\u2019il y a un souci mental. Il reste sept matchs, il faut gagner celui-l\u00e0 face au MCA, ensuite on aura le temps de faire de belles choses. Moi, je n\u2019ai pas besoin de d\u00e9clic, car pour moi, je suis 1er avec 5 points d\u2019avance. Je ne dis pas que c\u2019est fait, mais en tout cas c\u2019est mieux que d\u2019\u00eatre derri\u00e8re \u00bb. Le driver usmiste enchaine en \u00e9vitant de dire qu\u2019il va gagner : \u00ab Je ne suis pas un vendeur de r\u00eave, moi je dis qu\u2019il faut travailler et mettre les chances de notre c\u00f4t\u00e9 pour r\u00e9ussir, sinon ceux qui disent qu\u2019on va gagner, ils n\u2019ont jamais fait ce m\u00e9tier-l\u00e0, mais on se doit de bien se pr\u00e9parer \u00bb.<\/p>\n<p>\u00abJe ne suis pas pessimiste, mais Je ne suis pas un vendeur de r\u00eaves\u00bb<br \/>\u00ab A l\u2019USMA ou au MCA, celui qui dit qu\u2019il va gagner ce match est un vendeur de r\u00eave, c\u2019est tout, et moi je pr\u00e9f\u00e8re vendre la r\u00e9alit\u00e9, travailler et bien pr\u00e9parer le match, sinon je ne suis pas pessimiste. Je dis cela en me r\u00e9f\u00e9rant au match du PAC car je n\u2019\u00e9tais pas tr\u00e8s content, c\u2019est le pass\u00e9 je pr\u00e9f\u00e8re rester r\u00e9aliste. Il y a des signes n\u00e9gatifs qui ont \u00e9t\u00e9 relev\u00e9s durant la pr\u00e9paration o\u00f9 j\u2019ai dit qu\u2019il fallait faire \u00e7a et \u00e7a. Pour revenir au derby, c\u2019est un match o\u00f9 tout le monde doit se rassembler, et j\u2019esp\u00e8re que ce sera le cas avec toute la famille usmiste \u00bb, conclut l\u2019entra\u00eeneur des Rouge et Noir.<br \/>\u00a0<\/p>\n<p>Auteur:<br \/>\n<a href=\"http:\/\/www.lebuteur.com\/article\/detail?titre=usma-froger-si-on-continue-comme-ca-on-risque-de-faire-une-%E2%80%98%E2%80%98psg&#038;id=87109&#038;utm_source=feedburner&#038;utm_medium=feed&#038;utm_campaign=Feed%3A+GalerieFArtciles+%28Les+derniers+articles++-+lebuteur.com%29\">Cliquez ici pour lire l&rsquo;article depuis sa source.<\/a><\/p>\n","protected":false},"excerpt":{"rendered":"<p>Le technicien de l\u2019USMA, Thierry Froger, a anim\u00e9 une conf\u00e9rence de presse, hier matin, \u00e0 Bologhine, o\u00f9 il a abord\u00e9 le derby face au MCA, et d\u2019autres points qui lui sont rest\u00e9s en travers de la gorge, ces derniers temps. \u00abDans ce derby, le classement des deux \u00e9quipes ne compte pas, mais il faut oublier [&hellip;]<\/p>\n","protected":false},"author":1738,"featured_media":21550,"comment_status":"closed","ping_status":"closed","sticky":false,"template":"","format":"standard","meta":{"fifu_image_url":"","fifu_image_alt":"","footnotes":""},"categories":[53,75],"tags":[],"class_list":["post-21549","post","type-post","status-publish","format-standard","has-post-thumbnail","hentry","category-algerie","category-sport"],"_links":{"self":[{"href":"https:\/\/linitiative.ca\/International\/wp-json\/wp\/v2\/posts\/21549","targetHints":{"allow":["GET"]}}],"collection":[{"href":"https:\/\/linitiative.ca\/International\/wp-json\/wp\/v2\/posts"}],"about":[{"href":"https:\/\/linitiative.ca\/International\/wp-json\/wp\/v2\/types\/post"}],"author":[{"embeddable":true,"href":"https:\/\/linitiative.ca\/International\/wp-json\/wp\/v2\/users\/1738"}],"replies":[{"embeddable":true,"href":"https:\/\/linitiative.ca\/International\/wp-json\/wp\/v2\/comments?post=21549"}],"version-history":[{"count":0,"href":"https:\/\/linitiative.ca\/International\/wp-json\/wp\/v2\/posts\/21549\/revisions"}],"wp:featuredmedia":[{"embeddable":true,"href":"https:\/\/linitiative.ca\/International\/wp-json\/"}],"wp:attachment":[{"href":"https:\/\/linitiative.ca\/International\/wp-json\/wp\/v2\/media?parent=21549"}],"wp:term":[{"taxonomy":"category","embeddable":true,"href":"https:\/\/linitiative.ca\/International\/wp-json\/wp\/v2\/categories?post=21549"},{"taxonomy":"post_tag","embeddable":true,"href":"https:\/\/linitiative.ca\/International\/wp-json\/wp\/v2\/tags?post=21549"}],"curies":[{"name":"wp","href":"https:\/\/api.w.org\/{rel}","templated":true}]}}