{"id":21555,"date":"2019-03-13T15:14:09","date_gmt":"2019-03-13T19:14:09","guid":{"rendered":"https:\/\/linitiative.ca\/International\/ligue-1-2-jsk-tout-sur-lorganisation-du-match-de-lamitie-red-star-jsk\/"},"modified":"2019-03-13T15:14:09","modified_gmt":"2019-03-13T19:14:09","slug":"ligue-1-2-jsk-tout-sur-lorganisation-du-match-de-lamitie-red-star-jsk","status":"publish","type":"post","link":"https:\/\/linitiative.ca\/International\/ligue-1-2-jsk-tout-sur-lorganisation-du-match-de-lamitie-red-star-jsk\/","title":{"rendered":"Ligue 1 &amp; 2 : JSK : Tout sur l\u2019organisation du match de \u00ab l\u2019amiti\u00e9 \u00bb Red Star &#8211; JSK"},"content":{"rendered":"<div readability=\"32\">\n<p>Auteur : <span>Sa\u00efd Djoudi<\/span> <span class=\"time\">mercredi 13 mars 2019 13:39<\/span><\/p>\n<\/div>\n<div id=\"post_core\" readability=\"95\">\n<p>Il y a quelques mois d\u00e9j\u00e0, nous \u00e9tions les premiers \u00e0 rapporter en exclusivit\u00e9 que la JSK allait disputer un match amical en France au mois de mars contre le Red Star. Une information qui a \u00e9t\u00e9 rapidement confirm\u00e9e par le pr\u00e9sident Ch\u00e9rif Mellal lequel avait d\u00e9clar\u00e9 qu\u2019effectivement, la JSK a \u00e9t\u00e9 invit\u00e9 \u00e0 un match-gala en France. Une initiative qui a \u00e9t\u00e9 chaleureusement accueillie par les dirigeants qui se sont parfaitement organis\u00e9s pour ce rendez-vous. D\u2019ailleurs, m\u00eame les visas d\u00e9pos\u00e9s, ont \u00e9t\u00e9 r\u00e9cup\u00e9r\u00e9s derni\u00e8rement. Autrement dit, tout est pr\u00eat pour cette joute tant attendue. Mais \u00e0 l\u2019approche du d\u00e9placement, nous avons jug\u00e9 utile d\u2019avoir toutes les informations qui puissent int\u00e9resser les supporters, notamment ceux qui comptent assister \u00e0 cette rencontre que l\u2019organisateur appelle la partie de l\u2019amiti\u00e9.<\/p>\n<p><strong>La vente des billets a commenc\u00e9 il y a trois mois<\/strong><br \/>Depuis quelques jours, les fans de la JSK ne cessent de se renseigner sur la mani\u00e8re avec laquelle ils doivent proc\u00e9der pour obtenir les billets d\u2019acc\u00e8s. D\u2019apr\u00e8s les informations qui nous sont parvenues, la vente a commenc\u00e9 il y a presque trois mois en France. C\u2019est chez Carrefour ou la Fnac que les fans peuvent en procurer le billet.<\/p>\n<p><strong>Aucun ticket ne sera vendu sur place<\/strong><br \/>Par ailleurs, nous avons appris d\u2019une source officielle que l\u2019organisateur du stage a tenu \u00e0 mettre en garde les supporters qu\u2019aucun billet ne sera vendu le jour de la partie. Autrement dit, celui qui n\u2019a pas achet\u00e9 son billet \u00e0 l\u2019avance, qu\u2019il ne se d\u00e9range pas jusqu\u2019au stade, du moment qu\u2019il ne fera que bloquer l\u2019acc\u00e8s pour ceux qui sont \u00e0 temps.<\/p>\n<p><strong>20, 25 et 49 euros, pour l\u2019acc\u00e8s<\/strong><br \/>En ce qui concerne les prix du ticket, nous avons appris que trois types ont \u00e9t\u00e9 mis en vente. Il y a ceux de 20 et de 25 euros. Cependant, ceux qui souhaitent s\u2019asseoir dans la tribune officielle, ces derniers devront d\u00e9bourser 49 euros. Ce sont des prix fixes et non n\u00e9gociables.<\/p>\n<p><strong>La JSK ralliera Paris le 22 mars et reviendra le 25<\/strong><br \/>Comme rapport\u00e9 par nos soins derni\u00e8rement, la JSK qui affrontera l\u2019Olympique de M\u00e9d\u00e9a ce dimanche, s\u2019envolera \u00e0 destination de Paris le 22 mars, soit la veille de la rencontre amicale. Quant au retour, il se fera deux jours plus tard, le 25 mars.<\/p>\n<p><strong>Journ\u00e9e de d\u00e9tente le 24 mars<\/strong><br \/>Et pour permettre aux joueurs de se d\u00e9tendre avant d\u2019affronter le DRBT le 29 mars, une journ\u00e9e de repos leur sera accord\u00e9e pour le shoping. En effet, la journ\u00e9e du 24 mars sera offerte aux co\u00e9quipiers de Sa\u00e2dou pour bien visiter la ville parisienne. Il est utile de rappeler que le match face au Red Star d\u00e9butera \u00e0 16h.<\/p>\n<p><strong>Un h\u00f4tel luxueux<\/strong><br \/>Lorsque nous avons essay\u00e9 de conna\u00eetre l\u2019\u00e9tablissement o\u00f9 s\u00e9journera l\u2019\u00e9quipe \u00e0 Paris, notre interlocuteur a gentiment refus\u00e9 de nous communiquer le lieu et ce, pour permettre \u00e0 l\u2019\u00e9quipe de bien se concentrer. Par contre, il nous a fait savoir qu\u2019il s\u2019agit d\u2019un luxueux h\u00f4tel qui a \u00e9t\u00e9 d\u00e9j\u00e0 r\u00e9serv\u00e9 pour l\u2019occasion.<\/p>\n<p><strong>Publi\u00e9 dans :<\/strong> <span>JSK<\/span> <span>France<\/span> <span>Mellal<\/span><\/p>\n<\/div>\n<p>Auteur:<br \/>\n<a href=\"http:\/\/www.lebuteur.com\/article\/detail?titre=jsk-tout-sur-lorganisation-du-match-de-lamitie-red-star-jsk&#038;id=87100&#038;utm_source=feedburner&#038;utm_medium=feed&#038;utm_campaign=Feed%3A+GalerieFArtciles+%28Les+derniers+articles++-+lebuteur.com%29\">Cliquez ici pour lire l&rsquo;article depuis sa source.<\/a><\/p>\n","protected":false},"excerpt":{"rendered":"<p>Auteur : Sa\u00efd Djoudi mercredi 13 mars 2019 13:39 Il y a quelques mois d\u00e9j\u00e0, nous \u00e9tions les premiers \u00e0 rapporter en exclusivit\u00e9 que la JSK allait disputer un match amical en France au mois de mars contre le Red Star. Une information qui a \u00e9t\u00e9 rapidement confirm\u00e9e par le pr\u00e9sident Ch\u00e9rif Mellal lequel avait [&hellip;]<\/p>\n","protected":false},"author":1738,"featured_media":21556,"comment_status":"closed","ping_status":"closed","sticky":false,"template":"","format":"standard","meta":{"fifu_image_url":"","fifu_image_alt":"","footnotes":""},"categories":[53,75],"tags":[],"class_list":["post-21555","post","type-post","status-publish","format-standard","has-post-thumbnail","hentry","category-algerie","category-sport"],"_links":{"self":[{"href":"https:\/\/linitiative.ca\/International\/wp-json\/wp\/v2\/posts\/21555","targetHints":{"allow":["GET"]}}],"collection":[{"href":"https:\/\/linitiative.ca\/International\/wp-json\/wp\/v2\/posts"}],"about":[{"href":"https:\/\/linitiative.ca\/International\/wp-json\/wp\/v2\/types\/post"}],"author":[{"embeddable":true,"href":"https:\/\/linitiative.ca\/International\/wp-json\/wp\/v2\/users\/1738"}],"replies":[{"embeddable":true,"href":"https:\/\/linitiative.ca\/International\/wp-json\/wp\/v2\/comments?post=21555"}],"version-history":[{"count":0,"href":"https:\/\/linitiative.ca\/International\/wp-json\/wp\/v2\/posts\/21555\/revisions"}],"wp:featuredmedia":[{"embeddable":true,"href":"https:\/\/linitiative.ca\/International\/wp-json\/"}],"wp:attachment":[{"href":"https:\/\/linitiative.ca\/International\/wp-json\/wp\/v2\/media?parent=21555"}],"wp:term":[{"taxonomy":"category","embeddable":true,"href":"https:\/\/linitiative.ca\/International\/wp-json\/wp\/v2\/categories?post=21555"},{"taxonomy":"post_tag","embeddable":true,"href":"https:\/\/linitiative.ca\/International\/wp-json\/wp\/v2\/tags?post=21555"}],"curies":[{"name":"wp","href":"https:\/\/api.w.org\/{rel}","templated":true}]}}