{"id":21557,"date":"2019-03-13T15:14:10","date_gmt":"2019-03-13T19:14:10","guid":{"rendered":"https:\/\/linitiative.ca\/International\/europa-league-rennes-zeffane-et-bensebaini-dans-le-groupe-face-a-arsenal\/"},"modified":"2019-03-13T15:14:10","modified_gmt":"2019-03-13T19:14:10","slug":"europa-league-rennes-zeffane-et-bensebaini-dans-le-groupe-face-a-arsenal","status":"publish","type":"post","link":"https:\/\/linitiative.ca\/International\/europa-league-rennes-zeffane-et-bensebaini-dans-le-groupe-face-a-arsenal\/","title":{"rendered":"Europa League : Rennes : Zeffane et Bensebaini dans le groupe face \u00e0 Arsenal"},"content":{"rendered":"<div readability=\"32\">\n<p>Auteur : <span class=\"time\">mercredi 13 mars 2019 13:41<\/span><\/p>\n<\/div>\n<div id=\"post_core\" readability=\"54\">\n<p>Pour ce rendez-vous capital, Julien St\u00e9phan a convoqu\u00e9 un groupe de vingt joueurs o\u00f9 on notera la pr\u00e9sence de nos deux internationaux alg\u00e9riens.<\/p>\n<p><strong>Le groupe de Rennes\u00a0:<\/strong> Badiashile, Koubek, Gertmonas &#8211; Zeffane, Da Silva, Mexer, Doumbia, Bensebaini, Gelin, Traor\u00e9 &#8211; Grenier, Lea-Siliki, Andr\u00e9, Hunou, Camavinga, Bourigeaud &#8211; Sarr, Ben Arfa, Niang, Del Castillo.<\/p>\n<p><strong>Publi\u00e9 dans :<\/strong> <span>RENNES<\/span><\/p>\n<\/div>\n<p>Auteur:<br \/>\n<a href=\"http:\/\/www.lebuteur.com\/article\/detail?titre=rennes-zeffane-et-bensebaini-dans-le-groupe-face-a-arsenal&#038;id=87117&#038;utm_source=feedburner&#038;utm_medium=feed&#038;utm_campaign=Feed%3A+GalerieFArtciles+%28Les+derniers+articles++-+lebuteur.com%29\">Cliquez ici pour lire l&rsquo;article depuis sa source.<\/a><\/p>\n","protected":false},"excerpt":{"rendered":"<p>Auteur : mercredi 13 mars 2019 13:41 Pour ce rendez-vous capital, Julien St\u00e9phan a convoqu\u00e9 un groupe de vingt joueurs o\u00f9 on notera la pr\u00e9sence de nos deux internationaux alg\u00e9riens. Le groupe de Rennes\u00a0: Badiashile, Koubek, Gertmonas &#8211; Zeffane, Da Silva, Mexer, Doumbia, Bensebaini, Gelin, Traor\u00e9 &#8211; Grenier, Lea-Siliki, Andr\u00e9, Hunou, Camavinga, Bourigeaud &#8211; Sarr, [&hellip;]<\/p>\n","protected":false},"author":1738,"featured_media":21558,"comment_status":"closed","ping_status":"closed","sticky":false,"template":"","format":"standard","meta":{"fifu_image_url":"","fifu_image_alt":"","footnotes":""},"categories":[53,75],"tags":[],"class_list":["post-21557","post","type-post","status-publish","format-standard","has-post-thumbnail","hentry","category-algerie","category-sport"],"_links":{"self":[{"href":"https:\/\/linitiative.ca\/International\/wp-json\/wp\/v2\/posts\/21557","targetHints":{"allow":["GET"]}}],"collection":[{"href":"https:\/\/linitiative.ca\/International\/wp-json\/wp\/v2\/posts"}],"about":[{"href":"https:\/\/linitiative.ca\/International\/wp-json\/wp\/v2\/types\/post"}],"author":[{"embeddable":true,"href":"https:\/\/linitiative.ca\/International\/wp-json\/wp\/v2\/users\/1738"}],"replies":[{"embeddable":true,"href":"https:\/\/linitiative.ca\/International\/wp-json\/wp\/v2\/comments?post=21557"}],"version-history":[{"count":0,"href":"https:\/\/linitiative.ca\/International\/wp-json\/wp\/v2\/posts\/21557\/revisions"}],"wp:featuredmedia":[{"embeddable":true,"href":"https:\/\/linitiative.ca\/International\/wp-json\/"}],"wp:attachment":[{"href":"https:\/\/linitiative.ca\/International\/wp-json\/wp\/v2\/media?parent=21557"}],"wp:term":[{"taxonomy":"category","embeddable":true,"href":"https:\/\/linitiative.ca\/International\/wp-json\/wp\/v2\/categories?post=21557"},{"taxonomy":"post_tag","embeddable":true,"href":"https:\/\/linitiative.ca\/International\/wp-json\/wp\/v2\/tags?post=21557"}],"curies":[{"name":"wp","href":"https:\/\/api.w.org\/{rel}","templated":true}]}}