{"id":21571,"date":"2019-03-13T13:26:00","date_gmt":"2019-03-13T17:26:00","guid":{"rendered":"https:\/\/linitiative.ca\/International\/benyounes-veut-revenir-par-la-porte-de-la-conference-nationale\/"},"modified":"2019-03-13T13:26:00","modified_gmt":"2019-03-13T17:26:00","slug":"benyounes-veut-revenir-par-la-porte-de-la-conference-nationale","status":"publish","type":"post","link":"https:\/\/linitiative.ca\/International\/benyounes-veut-revenir-par-la-porte-de-la-conference-nationale\/","title":{"rendered":"Benyounes veut revenir par  la porte de la conf\u00e9rence nationale"},"content":{"rendered":"<p><br id=\"sep_para_1\" class=\"sep_para access\"\/><\/p>\n<div id=\"para_1\" class=\"para_29740455 resize\">\n<div class=\"photo shadow left\"><a href=\"javascript:void(0)\" rel=\"https:\/\/www.reflexiondz.net\/photo\/art\/grande\/31589787-29740455.jpg?v=1552500868&#038;ibox\" title=\"Benyounes veut revenir par la porte de la conf\u00e9rence nationale\"><img decoding=\"async\" class=\"responsive c9\" src=\"https:\/\/www.reflexiondz.net\/photo\/art\/grande\/31589787-29740455.jpg?v=1552500868\" alt=\"Benyounes veut revenir par la porte de la conf\u00e9rence nationale\" title=\"Benyounes veut revenir par la porte de la conf\u00e9rence nationale\"\/><img decoding=\"async\" class=\"not-responsive\" src=\"https:\/\/www.reflexiondz.net\/photo\/art\/default\/31589787-29740455.jpg?v=1552500869\" alt=\"Benyounes veut revenir par la porte de la conf\u00e9rence nationale\" title=\"Benyounes veut revenir par la porte de la conf\u00e9rence nationale\"\/><\/a><\/div>\n<div class=\"texte access firstletter\">Le patron du MPA, Amara Benyounes, sort de son hibernation. Apr\u00e8s avoir brill\u00e9 par son absence depuis\u2019\u2019 l\u2019\u00e9clatement\u2019\u2019 de la rue, il revient pour faire la promotion de la conf\u00e9rence nationale, propos\u00e9e par le Chef de l\u2019Etat, Abdelaziz Bouteflika. Amara Benyounes , qui faisait partie de l\u2019alliance pr\u00e9sidentielle qui soutenait un 5e mandat de Bouteflika, et qui a l\u00e2ch\u00e9 le Pr\u00e9sident, le laissant seul face \u00e0 la rue, continue \u00e0 faire parler de lui, en rendant\u00a0 public, hier ,un communiqu\u00e9 dans lequel il explique qu\u2019il \u00ab se tient engag\u00e9 , avec l\u2019ensemble des forces politiques , \u00e9conomiques et sociales ainsi que les comp\u00e9tences nationales, \u00e0 participer activement \u00e0 la r\u00e9ussite de la conf\u00e9rence nationale inclusive et ind\u00e9pendante et \u00e0 contribuer \u00e0 l\u2019\u00e9laboration de la nouvelle constitution ainsi que toutes les r\u00e9formes politiques , \u00e9conomiques et sociales n\u00e9cessaires \u00e0 l\u2019\u00e9mergence de la nouvelle R\u00e9publique \u00bb. Tout en saluant, la d\u00e9cision du Pr\u00e9sident. Le N\u00b01 du MPA exprime sa satisfaction pour \u00ab les d\u00e9cisions prises par le Pr\u00e9sident de le R\u00e9publique, notamment celle relative au report de l\u2019\u00e9lection pr\u00e9sidentielle. Ce soutien d\u2019Amara Benyounes, au Pr\u00e9sident, vient malheureusement en retard et qui n\u2019est autre qu\u2019une autre man\u0153uvre d\u2019hypocrisie pour se positionner. Amar Benyounes et les autres partis de l\u2019alliance n\u2019ont pas pris publiquement la d\u00e9fense de Bouteflika au moment o\u00f9 la foule avait critiqu\u00e9 le Pr\u00e9sident de la R\u00e9publique.<\/div>\n<\/div>\n<p>Auteur: R\u00e9flexion<br \/>\n<a href=\"https:\/\/www.reflexiondz.net\/Benyounes-veut-revenir-par-la-porte-de-la-conference-nationale_a54926.html\">Cliquez ici pour lire l&rsquo;article depuis sa source.<\/a><\/p>\n","protected":false},"excerpt":{"rendered":"<p>Le patron du MPA, Amara Benyounes, sort de son hibernation. Apr\u00e8s avoir brill\u00e9 par son absence depuis\u2019\u2019 l\u2019\u00e9clatement\u2019\u2019 de la rue, il revient pour faire la promotion de la conf\u00e9rence nationale, propos\u00e9e par le Chef de l\u2019Etat, Abdelaziz Bouteflika. Amara Benyounes , qui faisait partie de l\u2019alliance pr\u00e9sidentielle qui soutenait un 5e mandat de Bouteflika, [&hellip;]<\/p>\n","protected":false},"author":1740,"featured_media":0,"comment_status":"closed","ping_status":"closed","sticky":false,"template":"","format":"standard","meta":{"fifu_image_url":"","fifu_image_alt":"","footnotes":""},"categories":[53,76],"tags":[],"class_list":["post-21571","post","type-post","status-publish","format-standard","hentry","category-algerie","category-regions"],"_links":{"self":[{"href":"https:\/\/linitiative.ca\/International\/wp-json\/wp\/v2\/posts\/21571","targetHints":{"allow":["GET"]}}],"collection":[{"href":"https:\/\/linitiative.ca\/International\/wp-json\/wp\/v2\/posts"}],"about":[{"href":"https:\/\/linitiative.ca\/International\/wp-json\/wp\/v2\/types\/post"}],"author":[{"embeddable":true,"href":"https:\/\/linitiative.ca\/International\/wp-json\/wp\/v2\/users\/1740"}],"replies":[{"embeddable":true,"href":"https:\/\/linitiative.ca\/International\/wp-json\/wp\/v2\/comments?post=21571"}],"version-history":[{"count":0,"href":"https:\/\/linitiative.ca\/International\/wp-json\/wp\/v2\/posts\/21571\/revisions"}],"wp:attachment":[{"href":"https:\/\/linitiative.ca\/International\/wp-json\/wp\/v2\/media?parent=21571"}],"wp:term":[{"taxonomy":"category","embeddable":true,"href":"https:\/\/linitiative.ca\/International\/wp-json\/wp\/v2\/categories?post=21571"},{"taxonomy":"post_tag","embeddable":true,"href":"https:\/\/linitiative.ca\/International\/wp-json\/wp\/v2\/tags?post=21571"}],"curies":[{"name":"wp","href":"https:\/\/api.w.org\/{rel}","templated":true}]}}