{"id":21573,"date":"2019-03-13T13:26:00","date_gmt":"2019-03-13T17:26:00","guid":{"rendered":"https:\/\/linitiative.ca\/International\/anarchie-des-propositions-politiques-meme-les-avocats-ont-leur-feuille-de-route\/"},"modified":"2019-03-13T13:26:00","modified_gmt":"2019-03-13T17:26:00","slug":"anarchie-des-propositions-politiques-meme-les-avocats-ont-leur-feuille-de-route","status":"publish","type":"post","link":"https:\/\/linitiative.ca\/International\/anarchie-des-propositions-politiques-meme-les-avocats-ont-leur-feuille-de-route\/","title":{"rendered":"ANARCHIE DES PROPOSITIONS POLITIQUES : M\u00eame les avocats ont leur feuille de route"},"content":{"rendered":"<p><br id=\"sep_para_1\" class=\"sep_para access\"\/><\/p>\n<div id=\"para_1\" class=\"para_29740476 resize\">\n<div class=\"texte access firstletter\">La corporation des avocats qui est particuli\u00e8rement active dans la rue depuis le d\u00e9but de la protestation citoyenne contre le 5\u00e8me mandat et le d\u00e9part du syst\u00e8me, vient de lancer, lui aussi sa feuille de route. Dans un communiqu\u00e9 rendu public hier\u00a0 mercredi, l\u2019Union nationale des ordres des avocats a appel\u00e9, le pouvoir \u00e0 ouvrir \u00aben toute\u00a0 urgence un dialogue\u00a0 avec le mouvement populaire et l\u2019opposition,\u00a0 afin de trouver\u00a0 des issues constitutionnelles et politiques, pour composer un gouvernement\u00a0 neutre et consensuel, charg\u00e9 de g\u00e9rer la p\u00e9riode de transition\u00bb.\u00a0 Les avocats proposent un plan en cinq points devant aboutir \u00e0 la fin de la crise politique via l\u2019\u00e9lection de nouvelles institutions l\u00e9gitimes.\u00a0 Ils pr\u00e9cisent d\u2019abord que leur corporation maintienne son soutiens ans r\u00e9serve au mouvement de contestation populaire \u00abcontre le 5\u00e8me mandant et le d\u00e9part du syst\u00e8me\u00bb De la m\u00eame mani\u00e8re, les avocats rejettent les derni\u00e8res propositions faites par la pr\u00e9sidence de la R\u00e9publique qui d\u2019apr\u00e8s eux, ne satisfont pas les revendications du peuple du fait qu\u2019elles ne visent pas \u00e0 changer le syst\u00e8me mais \u00e0 rallonger sa dur\u00e9e de vie\u00bb.\u00a0 C\u2019est pourquoi ils pensent\u00a0 qu\u2019il imp\u00e9ratif de mettre en place une \u00abcourte p\u00e9riode de transition\u00bb devant garantir la tenue d\u2019une \u00e9lection pr\u00e9sidentielle dans des \u00abcirconstances calmes\u00bb.\u00a0 Consid\u00e9rant que l\u2019Alg\u00e9rie est en train de n\u00e9gocier un \u00abvirage historique parsem\u00e9e de dangers\u00bb, les avocats exhortent le pouvoir \u00e0 ouvrir \u00abrapidement\u00bb un dialogue avec les repr\u00e9sentants du mouvement de protestation et ceux de l\u2019opposition politique.\u00a0 L\u2019objectif \u00e9tant de trouver des \u00absolutions politiques et constitutionnelles \u00e0 la crise et la mise en place d\u2019un gouvernement \u00abneutre\u00bb et de \u00abcompromis\u00bb qui serait accept\u00e9e par les animateurs du mouvement populaire. Les avocats estiment que ce gouvernement de transition devrait \u00eatre dot\u00e9 de toutes les \u00abattributions ex\u00e9cutives \u00e0 travers une disposition constitutionnelle\u00bb qui lui permettrait d\u2019organiser l\u2019\u00e9lection pr\u00e9sidentielle.\u00a0\u00a0\u00a0\u00a0\u00a0\u00a0\u00a0\u00a0<\/div>\n<\/div>\n<p>Auteur: Ismain<br \/>\n<a href=\"https:\/\/www.reflexiondz.net\/ANARCHIE-DES-PROPOSITIONS-POLITIQUES-Meme-les-avocats-ont-leur-feuille-de-route_a54929.html\">Cliquez ici pour lire l&rsquo;article depuis sa source.<\/a><\/p>\n","protected":false},"excerpt":{"rendered":"<p>La corporation des avocats qui est particuli\u00e8rement active dans la rue depuis le d\u00e9but de la protestation citoyenne contre le 5\u00e8me mandat et le d\u00e9part du syst\u00e8me, vient de lancer, lui aussi sa feuille de route. Dans un communiqu\u00e9 rendu public hier\u00a0 mercredi, l\u2019Union nationale des ordres des avocats a appel\u00e9, le pouvoir \u00e0 ouvrir [&hellip;]<\/p>\n","protected":false},"author":1740,"featured_media":0,"comment_status":"closed","ping_status":"closed","sticky":false,"template":"","format":"standard","meta":{"fifu_image_url":"","fifu_image_alt":"","footnotes":""},"categories":[53,76],"tags":[],"class_list":["post-21573","post","type-post","status-publish","format-standard","hentry","category-algerie","category-regions"],"_links":{"self":[{"href":"https:\/\/linitiative.ca\/International\/wp-json\/wp\/v2\/posts\/21573","targetHints":{"allow":["GET"]}}],"collection":[{"href":"https:\/\/linitiative.ca\/International\/wp-json\/wp\/v2\/posts"}],"about":[{"href":"https:\/\/linitiative.ca\/International\/wp-json\/wp\/v2\/types\/post"}],"author":[{"embeddable":true,"href":"https:\/\/linitiative.ca\/International\/wp-json\/wp\/v2\/users\/1740"}],"replies":[{"embeddable":true,"href":"https:\/\/linitiative.ca\/International\/wp-json\/wp\/v2\/comments?post=21573"}],"version-history":[{"count":0,"href":"https:\/\/linitiative.ca\/International\/wp-json\/wp\/v2\/posts\/21573\/revisions"}],"wp:attachment":[{"href":"https:\/\/linitiative.ca\/International\/wp-json\/wp\/v2\/media?parent=21573"}],"wp:term":[{"taxonomy":"category","embeddable":true,"href":"https:\/\/linitiative.ca\/International\/wp-json\/wp\/v2\/categories?post=21573"},{"taxonomy":"post_tag","embeddable":true,"href":"https:\/\/linitiative.ca\/International\/wp-json\/wp\/v2\/tags?post=21573"}],"curies":[{"name":"wp","href":"https:\/\/api.w.org\/{rel}","templated":true}]}}