{"id":21574,"date":"2019-03-13T13:26:00","date_gmt":"2019-03-13T17:26:00","guid":{"rendered":"https:\/\/linitiative.ca\/International\/anp-gaid-salah-se-felicite-de-lattachement-du-peuple-a-son-armee\/"},"modified":"2019-03-13T13:26:00","modified_gmt":"2019-03-13T17:26:00","slug":"anp-gaid-salah-se-felicite-de-lattachement-du-peuple-a-son-armee","status":"publish","type":"post","link":"https:\/\/linitiative.ca\/International\/anp-gaid-salah-se-felicite-de-lattachement-du-peuple-a-son-armee\/","title":{"rendered":"ANP : Gaid Salah se f\u00e9licite de  l\u2019attachement du peuple \u00e0 son Arm\u00e9e"},"content":{"rendered":"<p><br id=\"sep_para_1\" class=\"sep_para access\"\/><\/p>\n<div id=\"para_1\" class=\"para_29740469 resize\">\n<div class=\"photo shadow left\"><a href=\"javascript:void(0)\" rel=\"https:\/\/www.reflexiondz.net\/photo\/art\/grande\/31589825-29740469.jpg?v=1552500864&#038;ibox\" title=\"ANP : Gaid Salah se f\u00e9licite de l\u2019attachement du peuple \u00e0 son Arm\u00e9e\"><img decoding=\"async\" class=\"responsive c9\" src=\"https:\/\/www.reflexiondz.net\/photo\/art\/grande\/31589825-29740469.jpg?v=1552500864\" alt=\"ANP : Gaid Salah se f\u00e9licite de l\u2019attachement du peuple \u00e0 son Arm\u00e9e\" title=\"ANP : Gaid Salah se f\u00e9licite de l\u2019attachement du peuple \u00e0 son Arm\u00e9e\"\/><img decoding=\"async\" class=\"not-responsive\" src=\"https:\/\/www.reflexiondz.net\/photo\/art\/default\/31589825-29740469.jpg?v=1552500866\" alt=\"ANP : Gaid Salah se f\u00e9licite de l\u2019attachement du peuple \u00e0 son Arm\u00e9e\" title=\"ANP : Gaid Salah se f\u00e9licite de l\u2019attachement du peuple \u00e0 son Arm\u00e9e\"\/><\/a><\/div>\n<div class=\"texte access firstletter\">Affirmant que cet h\u00e9ritage est \u00ab la pr\u00e9occupation majeure \u00bb de la Grande muette, Ahmed Gaid Salah a promis de le pr\u00e9server \u00ab quels que soient les \u00e9v\u00e9nements et les conditions \u00bb. Dans ce contexte, le chef d\u2019Etat-majeur a lou\u00e9 le comportement du peuple. \u00ab Le peuple alg\u00e9rien sait comment faire face aux crises \u00bb, a-t-il applaudi, d\u00e9non\u00e7ant au passage \u00ab les ennemis du peuple alg\u00e9rien \u00e0 l\u2019int\u00e9rieur comme \u00e0 l\u2019ext\u00e9rieur \u00bb. \u00ab J\u2019ai eu \u00e0 le dire \u00e0 maintes reprises, et je le r\u00e9p\u00e8terai encore une fois, car je ne me lasserai jamais de r\u00e9p\u00e9ter et de m\u2019enorgueillir de la grandeur de la relation et de la confiance qui lie le peuple \u00e0 son arm\u00e9e en toutes circonstances \u00bb, a affirm\u00e9 Ga\u00efd Salah dans une allocution prononc\u00e9e en en marge de la 12e session du Conseil d\u2019orientation de l\u2019\u00c9cole sup\u00e9rieure de la guerre. \u00ab Ainsi et partant de la grandeur de cet excellent capital relationnel, je me suis engag\u00e9 en toute sinc\u00e9rit\u00e9 et abn\u00e9gation, conscient m\u00eame de la profondeur de mes propos que la s\u00e9curit\u00e9 de l\u2019Alg\u00e9rie, sa stabilit\u00e9, sa souverainet\u00e9 nationale et son unit\u00e9 populaire et territoriale sont un legs pr\u00e9cieux et inestimable qui incombe aux \u00e9l\u00e9ments de l\u2019Arm\u00e9e nationale populaire, digne h\u00e9riti\u00e8re de l\u2019Arm\u00e9e de lib\u00e9ration nationale \u00bb, a soulign\u00e9 le chef \u2019d\u2019\u00e9tat-major. \u00ab Ce pr\u00e9cieux legs que nos forces arm\u00e9es font de sa pr\u00e9servation leur pr\u00e9occupation majeure et leur mission fondamentale ; et que notre Arm\u00e9e s\u2019engage \u00e0 s\u2019en acquitter de la mani\u00e8re la plus judicieuse et la plus correcte, en toutes conditions et circonstances, d\u00e9range \u00e9norm\u00e9ment les ennemis du peuple alg\u00e9rien \u00e0 l\u2019int\u00e9rieur comme \u00e0 l\u2019ext\u00e9rieur \u00bb, a estim\u00e9 Ahmed Ga\u00efd Salah. \u00ab Ces ennemis qui excellent dans la saisie des opportunit\u00e9s et qui p\u00eachent dans des eaux troubles et maitrisent l\u2019art des interpr\u00e9tations fausses et tendancieuses, ignorent que le peuple alg\u00e9rien [\u2026] sait de fait et de par les dures exp\u00e9riences qu\u2019il a v\u00e9cues, durant la p\u00e9riode du colonialisme fran\u00e7ais, ensuite durant la d\u00e9cennie noire du terrorisme, de par son sens de patriotisme comment faire face aux crises que connait son pays et comment contribuer avec un patriotisme \u00e9lev\u00e9 \u00e0 d\u00e9jouer les plans de ceux qui guettent son pays \u00bb, a affirm\u00e9 le vice-ministre de la D\u00e9fense. \u00ab Un grand peuple ne craint gu\u00e8re les crises quelle que soit leur ampleur et son sort demeurera de tout temps le triomphe et la victoire \u00bb, a conclu Ga\u00efd Salah.<\/div>\n<\/div>\n<p>Auteur: R\u00e9flexion<br \/>\n<a href=\"https:\/\/www.reflexiondz.net\/ANP-Gaid-Salah-se-felicite-de-l-attachement-du-peuple-a-son-Armee_a54928.html\">Cliquez ici pour lire l&rsquo;article depuis sa source.<\/a><\/p>\n","protected":false},"excerpt":{"rendered":"<p>Affirmant que cet h\u00e9ritage est \u00ab la pr\u00e9occupation majeure \u00bb de la Grande muette, Ahmed Gaid Salah a promis de le pr\u00e9server \u00ab quels que soient les \u00e9v\u00e9nements et les conditions \u00bb. Dans ce contexte, le chef d\u2019Etat-majeur a lou\u00e9 le comportement du peuple. \u00ab Le peuple alg\u00e9rien sait comment faire face aux crises \u00bb, [&hellip;]<\/p>\n","protected":false},"author":1740,"featured_media":0,"comment_status":"closed","ping_status":"closed","sticky":false,"template":"","format":"standard","meta":{"fifu_image_url":"","fifu_image_alt":"","footnotes":""},"categories":[53,76],"tags":[],"class_list":["post-21574","post","type-post","status-publish","format-standard","hentry","category-algerie","category-regions"],"_links":{"self":[{"href":"https:\/\/linitiative.ca\/International\/wp-json\/wp\/v2\/posts\/21574","targetHints":{"allow":["GET"]}}],"collection":[{"href":"https:\/\/linitiative.ca\/International\/wp-json\/wp\/v2\/posts"}],"about":[{"href":"https:\/\/linitiative.ca\/International\/wp-json\/wp\/v2\/types\/post"}],"author":[{"embeddable":true,"href":"https:\/\/linitiative.ca\/International\/wp-json\/wp\/v2\/users\/1740"}],"replies":[{"embeddable":true,"href":"https:\/\/linitiative.ca\/International\/wp-json\/wp\/v2\/comments?post=21574"}],"version-history":[{"count":0,"href":"https:\/\/linitiative.ca\/International\/wp-json\/wp\/v2\/posts\/21574\/revisions"}],"wp:attachment":[{"href":"https:\/\/linitiative.ca\/International\/wp-json\/wp\/v2\/media?parent=21574"}],"wp:term":[{"taxonomy":"category","embeddable":true,"href":"https:\/\/linitiative.ca\/International\/wp-json\/wp\/v2\/categories?post=21574"},{"taxonomy":"post_tag","embeddable":true,"href":"https:\/\/linitiative.ca\/International\/wp-json\/wp\/v2\/tags?post=21574"}],"curies":[{"name":"wp","href":"https:\/\/api.w.org\/{rel}","templated":true}]}}