{"id":21575,"date":"2019-03-13T13:30:00","date_gmt":"2019-03-13T17:30:00","guid":{"rendered":"https:\/\/linitiative.ca\/International\/renault-algerie-celebration-de-la-production-du-200000eme-vehicule\/"},"modified":"2019-03-13T13:30:00","modified_gmt":"2019-03-13T17:30:00","slug":"renault-algerie-celebration-de-la-production-du-200000eme-vehicule","status":"publish","type":"post","link":"https:\/\/linitiative.ca\/International\/renault-algerie-celebration-de-la-production-du-200000eme-vehicule\/","title":{"rendered":"RENAULT ALGERIE  : C\u00e9l\u00e9bration de la production du 200000\u00e8me v\u00e9hicule"},"content":{"rendered":"<p><br id=\"sep_para_1\" class=\"sep_para access\"\/><\/p>\n<div id=\"para_1\" class=\"para_29740516 resize\">\n<div class=\"texte access firstletter\">L\u2019usine \u00ab\u00a0Renault Alg\u00e9rie Production\u00a0\u00bb (RAP) a c\u00e9l\u00e9br\u00e9 ce mardi \u00e0 Oued Tl\u00e9lat (Oran), la production du 200.000\u00e8me v\u00e9hicule, a-t-on appris du responsable de la cellule de communication de cette usine\u00a0 de montage automobile.\u00a0 La c\u00e9r\u00e9monie de sortie d\u2019usine du 200.000\u00e8me v\u00e9hicule a eu lieu en pr\u00e9sence du Directeur g\u00e9n\u00e9ral du Groupe Renault en Alg\u00e9rie, Andr\u00e9 Abboud, du Directeur g\u00e9n\u00e9ral de l\u2019usine, Jose-Manuel Fuentes, ainsi que les collaborateurs de ce site industriel, pionnier dans la production automobile en Alg\u00e9rie, a indiqu\u00e9 Malik Bourbia. Fruit d\u2019un partenariat solide et durable entre le Groupe Renault, l\u2019Entreprise nationale des v\u00e9hicules Industriels (SNVI) et le Fonds national d\u2019Investissement (FNI), l\u2019usine de Oued Tlelat a, en un peu plus de 4 ans, int\u00e9gr\u00e9 3 mod\u00e8les dans sa chaine de montage et cr\u00e9\u00e9 pr\u00e8s de 2.000 emplois directs et indirects, a ajout\u00e9 la m\u00eame source. \u00ab\u00a0Ce jalon industriel symbolise l&rsquo;investissement productif avec l&rsquo;implication des parties prenantes de ce projet d&rsquo;envergure et annonce l&rsquo;ambition du Groupe Renault et de ses partenaires de participer activement au d\u00e9veloppement d&rsquo;une fili\u00e8re automobile alg\u00e9rienne performante et\u00a0 cr\u00e9atrice de richesse\u00a0\u00bb, a-t-on soulign\u00e9.<\/div>\n<\/div>\n<p>Auteur: Nadine<br \/>\n<a href=\"https:\/\/www.reflexiondz.net\/RENAULT-ALGERIE-Celebration-de-la-production-du-200000eme-vehicule_a54934.html\">Cliquez ici pour lire l&rsquo;article depuis sa source.<\/a><\/p>\n","protected":false},"excerpt":{"rendered":"<p>L\u2019usine \u00ab\u00a0Renault Alg\u00e9rie Production\u00a0\u00bb (RAP) a c\u00e9l\u00e9br\u00e9 ce mardi \u00e0 Oued Tl\u00e9lat (Oran), la production du 200.000\u00e8me v\u00e9hicule, a-t-on appris du responsable de la cellule de communication de cette usine\u00a0 de montage automobile.\u00a0 La c\u00e9r\u00e9monie de sortie d\u2019usine du 200.000\u00e8me v\u00e9hicule a eu lieu en pr\u00e9sence du Directeur g\u00e9n\u00e9ral du Groupe Renault en Alg\u00e9rie, Andr\u00e9 [&hellip;]<\/p>\n","protected":false},"author":1740,"featured_media":0,"comment_status":"closed","ping_status":"closed","sticky":false,"template":"","format":"standard","meta":{"fifu_image_url":"","fifu_image_alt":"","footnotes":""},"categories":[53,76],"tags":[],"class_list":["post-21575","post","type-post","status-publish","format-standard","hentry","category-algerie","category-regions"],"_links":{"self":[{"href":"https:\/\/linitiative.ca\/International\/wp-json\/wp\/v2\/posts\/21575","targetHints":{"allow":["GET"]}}],"collection":[{"href":"https:\/\/linitiative.ca\/International\/wp-json\/wp\/v2\/posts"}],"about":[{"href":"https:\/\/linitiative.ca\/International\/wp-json\/wp\/v2\/types\/post"}],"author":[{"embeddable":true,"href":"https:\/\/linitiative.ca\/International\/wp-json\/wp\/v2\/users\/1740"}],"replies":[{"embeddable":true,"href":"https:\/\/linitiative.ca\/International\/wp-json\/wp\/v2\/comments?post=21575"}],"version-history":[{"count":0,"href":"https:\/\/linitiative.ca\/International\/wp-json\/wp\/v2\/posts\/21575\/revisions"}],"wp:attachment":[{"href":"https:\/\/linitiative.ca\/International\/wp-json\/wp\/v2\/media?parent=21575"}],"wp:term":[{"taxonomy":"category","embeddable":true,"href":"https:\/\/linitiative.ca\/International\/wp-json\/wp\/v2\/categories?post=21575"},{"taxonomy":"post_tag","embeddable":true,"href":"https:\/\/linitiative.ca\/International\/wp-json\/wp\/v2\/tags?post=21575"}],"curies":[{"name":"wp","href":"https:\/\/api.w.org\/{rel}","templated":true}]}}