{"id":21576,"date":"2019-03-13T13:30:00","date_gmt":"2019-03-13T17:30:00","guid":{"rendered":"https:\/\/linitiative.ca\/International\/le-benevolat-un-don-de-soi\/"},"modified":"2019-03-13T13:30:00","modified_gmt":"2019-03-13T17:30:00","slug":"le-benevolat-un-don-de-soi","status":"publish","type":"post","link":"https:\/\/linitiative.ca\/International\/le-benevolat-un-don-de-soi\/","title":{"rendered":"Le b\u00e9n\u00e9volat\u2026 un don de soi\u2026"},"content":{"rendered":"<p><br id=\"sep_para_1\" class=\"sep_para access\"\/><\/p>\n<div id=\"para_1\" class=\"para_29740500 resize\">\n<div class=\"texte access firstletter\">\u00a0\u2018\u2019Ce qui compte ce n\u2019est pas ce que l\u2019on donne mais l\u2019amour avec lequel on donne.\u2019\u2019\u00a0\u00a0\u00a0\u00a0 M\u00e8re Teresa\u00a0\u00a0\u00a0\u00a0\u00a0\u00a0\u00a0\u00a0\u00a0\u00a0\u00a0 Le b\u00e9n\u00e9volat ce don de soi, c\u2019est la main tendue, c\u2019est le\u00a0 geste honorable, le geste solidaire, l\u2019acte citoyen qui illumine le c\u0153ur d\u2019autrui, c\u2019est aussi l\u2019histoire d\u2019une soci\u00e9t\u00e9 unie qui se bat en faveur des \u00e9prouv\u00e9s, des pauvres, des malades chroniques , tel que le cancer.\u2026.\u00a0\u00a0\u00a0\u00a0\u00a0\u00a0\u00a0\u00a0\u00a0\u00a0\u00a0\u00a0\u00a0\u00a0\u00a0\u00a0\u00a0\u00a0\u00a0\u00a0\u00a0\u00a0\u00a0\u00a0\u00a0\u00a0\u00a0\u00a0\u00a0\u00a0\u00a0\u00a0\u00a0\u00a0\u00a0\u00a0 \u00a0<br \/>Le b\u00e9n\u00e9volat, c\u2019est donner de son temps, que ce soit peu ou beaucoup, de donner de son \u00e9nergie, et ne rien attendre en retour que la satisfaction de s\u2019\u00eatre rendu utile, d\u2019avoir aid\u00e9 charitablement \u00e0 sa mani\u00e8re \u00e0 faire avancer les choses\u2026. Etant une gratuit\u00e9 de l\u2019engagement de soi, le b\u00e9n\u00e9volat\u00a0 n\u2019est autre qu\u2019une \u00e9preuve de l\u2019action humaine.\u00a0\u00a0 \u00a0<br \/>Cela t\u00e9moigne de la conscience et du sens de responsabilit\u00e9 de chacun vis-\u00e0-vis de ses semblables, c\u2019est un h\u00e9ritage que nous ont laiss\u00e9 nos pr\u00e9d\u00e9cesseurs qui incarnaient la grande bont\u00e9, l\u2019honn\u00eatet\u00e9&#8230;\u00a0\u00a0\u00a0\u00a0\u00a0\u00a0\u00a0\u00a0\u00a0\u00a0\u00a0\u00a0\u00a0\u00a0\u00a0\u00a0\u00a0\u00a0\u00a0\u00a0\u00a0 Pour honorer ces anciens ascendants hommes braves de grande valeur, il est de notre devoir d\u2019encourager nos g\u00e9n\u00e9rations montantes, pour assurer la continuit\u00e9 et d\u00e9velopper une prise de conscience et une compr\u00e9hension de leur responsabilit\u00e9 civique et de leur r\u00f4le dans le soutien et le renforcement de leur communaut\u00e9\u00a0 \u00e0 tous les niveaux.\u00a0\u00a0\u00a0\u00a0\u00a0\u00a0\u00a0\u00a0\u00a0\u00a0\u00a0\u00a0\u00a0\u00a0\u00a0\u00a0\u00a0\u00a0\u00a0\u00a0\u00a0\u00a0\u00a0\u00a0\u00a0\u00a0\u00a0\u00a0\u00a0\u00a0\u00a0\u00a0\u00a0\u00a0\u00a0\u00a0\u00a0\u00a0\u00a0\u00a0\u00a0\u00a0\u00a0\u00a0 \u00a0<br \/>Au quotidien, tous les jours, chacun d\u2019entre nous peut exercer ne serait-ce qu\u2019avec un sourire son sens civique et \u0153uvrer b\u00e9n\u00e9volement pour le bien de chacun de tous, de toute l\u2019humanit\u00e9 enti\u00e8re d\u2019o\u00f9 un acte propre consid\u00e9r\u00e9 comme un b\u00e9n\u00e9volat \u00e9tant lui-m\u00eame un devoir de citoyennet\u00e9 et un \u00e9tat de conscience qui contribue non seulement \u00e0 l\u2019aide de ses semblables, \u00e0 la sauvegarde des sites naturels, \u2026, mais aussi \u00e0 la formation d\u2019un esprit de sensibilit\u00e9 chez les gens vis-\u00e0-vis de leur entourage, de leur environnement, de leur espace de vie, et tr\u00e8s particuli\u00e8rement de nos cimeti\u00e8res, ces lieux de respect, dont certains sont \u00e0 l\u2019abandon\u2026, et \u00e9galement\u00a0 autres biens publics et vestiges utiles\u2026 Aujourd\u2019hui, chaque b\u00e9n\u00e9vole peut \u00eatre une ressource essentielle, selon la situation qui est la sienne, il peut se sentir appel\u00e9 \u00e0 donner de son temps, de ses comp\u00e9tences\u2026Il a le sentiment d\u2019avoir trouv\u00e9 le sens de sa vie en aidant les personnes en d\u00e9tresse, il re\u00e7oit au centuple ce qu\u2019il peut offrir\u2026.\u00a0<\/div>\n<\/div>\n<p>Auteur: B. Adda<br \/>\n<a href=\"https:\/\/www.reflexiondz.net\/Le-benevolat-un-don-de-soi_a54933.html\">Cliquez ici pour lire l&rsquo;article depuis sa source.<\/a><\/p>\n","protected":false},"excerpt":{"rendered":"<p>\u00a0\u2018\u2019Ce qui compte ce n\u2019est pas ce que l\u2019on donne mais l\u2019amour avec lequel on donne.\u2019\u2019\u00a0\u00a0\u00a0\u00a0 M\u00e8re Teresa\u00a0\u00a0\u00a0\u00a0\u00a0\u00a0\u00a0\u00a0\u00a0\u00a0\u00a0 Le b\u00e9n\u00e9volat ce don de soi, c\u2019est la main tendue, c\u2019est le\u00a0 geste honorable, le geste solidaire, l\u2019acte citoyen qui illumine le c\u0153ur d\u2019autrui, c\u2019est aussi l\u2019histoire d\u2019une soci\u00e9t\u00e9 unie qui se bat en faveur des \u00e9prouv\u00e9s, [&hellip;]<\/p>\n","protected":false},"author":1740,"featured_media":0,"comment_status":"closed","ping_status":"closed","sticky":false,"template":"","format":"standard","meta":{"fifu_image_url":"","fifu_image_alt":"","footnotes":""},"categories":[53,76],"tags":[],"class_list":["post-21576","post","type-post","status-publish","format-standard","hentry","category-algerie","category-regions"],"_links":{"self":[{"href":"https:\/\/linitiative.ca\/International\/wp-json\/wp\/v2\/posts\/21576","targetHints":{"allow":["GET"]}}],"collection":[{"href":"https:\/\/linitiative.ca\/International\/wp-json\/wp\/v2\/posts"}],"about":[{"href":"https:\/\/linitiative.ca\/International\/wp-json\/wp\/v2\/types\/post"}],"author":[{"embeddable":true,"href":"https:\/\/linitiative.ca\/International\/wp-json\/wp\/v2\/users\/1740"}],"replies":[{"embeddable":true,"href":"https:\/\/linitiative.ca\/International\/wp-json\/wp\/v2\/comments?post=21576"}],"version-history":[{"count":0,"href":"https:\/\/linitiative.ca\/International\/wp-json\/wp\/v2\/posts\/21576\/revisions"}],"wp:attachment":[{"href":"https:\/\/linitiative.ca\/International\/wp-json\/wp\/v2\/media?parent=21576"}],"wp:term":[{"taxonomy":"category","embeddable":true,"href":"https:\/\/linitiative.ca\/International\/wp-json\/wp\/v2\/categories?post=21576"},{"taxonomy":"post_tag","embeddable":true,"href":"https:\/\/linitiative.ca\/International\/wp-json\/wp\/v2\/tags?post=21576"}],"curies":[{"name":"wp","href":"https:\/\/api.w.org\/{rel}","templated":true}]}}