{"id":21577,"date":"2019-03-13T13:30:00","date_gmt":"2019-03-13T17:30:00","guid":{"rendered":"https:\/\/linitiative.ca\/International\/education-six-syndicats-font-greve\/"},"modified":"2019-03-13T13:30:00","modified_gmt":"2019-03-13T17:30:00","slug":"education-six-syndicats-font-greve","status":"publish","type":"post","link":"https:\/\/linitiative.ca\/International\/education-six-syndicats-font-greve\/","title":{"rendered":"EDUCATION  : Six syndicats font gr\u00e8ve"},"content":{"rendered":"<p><br id=\"sep_para_1\" class=\"sep_para access\"\/><\/p>\n<div id=\"para_1\" class=\"para_29740498 resize\">\n<div class=\"texte access firstletter\">Des dizaines d\u2019enseignants de l\u2019\u00e9ducation nationale tous paliers confondus, sont sortis, ce mercredi 13 mars 2019 dans plusieurs wilayas, pour manifester contre les d\u00e9cisions du pr\u00e9sident Abdelaziz Bouteflika de reporter l\u2019\u00e9lection pr\u00e9sidentielle. Les enseignants de l\u2019\u00e9ducation nationale ont r\u00e9pondu \u00e0 l\u2019appel des syndicats autonomes de l\u2019\u00e9ducation nationale (UNPEF, CNAPEST, SNTE, SNAPEST, CELA, SATef), lanc\u00e9 mardi. Les enseignants manifestent \u00e0 Alger, Oran, Relizane, Bouira, Boumerdes, B\u00e9ja\u00efa, Tizi-Ouzou, El Oued, pour soutenir le mouvement populaire. Des slogans anti syst\u00e8me et contre le report de l\u2019\u00e9lection sont scand\u00e9s par les manifestants. Pour une sortie de crise, l\u2019intersyndicale de l\u2019\u00e9ducation qui regroupe six organisations syndicales plaide pour une phase de transition. Les syndicats du secteur de l\u2019\u00e9ducation soutiennent les revendications de la rue exigeant le d\u00e9part du syst\u00e8me politique actuel. Dans un communiqu\u00e9 rendu public ce mardi, l\u2019intersyndicale de l\u2019\u00e9ducation qui regroupe six organisations syndicales, \u00e0 savoir le Cnapeste, le Snapest, le Cela, l\u2019Unpef, le Satef et le Snte, plaide pour une phase de transition avec de nouveaux visages accept\u00e9s par la population.\u00a0\u00a0\u00a0\u00a0\u00a0<\/div>\n<\/div>\n<p>Auteur: Ismain<br \/>\n<a href=\"https:\/\/www.reflexiondz.net\/EDUCATION-Six-syndicats-font-greve_a54932.html\">Cliquez ici pour lire l&rsquo;article depuis sa source.<\/a><\/p>\n","protected":false},"excerpt":{"rendered":"<p>Des dizaines d\u2019enseignants de l\u2019\u00e9ducation nationale tous paliers confondus, sont sortis, ce mercredi 13 mars 2019 dans plusieurs wilayas, pour manifester contre les d\u00e9cisions du pr\u00e9sident Abdelaziz Bouteflika de reporter l\u2019\u00e9lection pr\u00e9sidentielle. Les enseignants de l\u2019\u00e9ducation nationale ont r\u00e9pondu \u00e0 l\u2019appel des syndicats autonomes de l\u2019\u00e9ducation nationale (UNPEF, CNAPEST, SNTE, SNAPEST, CELA, SATef), lanc\u00e9 mardi. [&hellip;]<\/p>\n","protected":false},"author":1740,"featured_media":0,"comment_status":"closed","ping_status":"closed","sticky":false,"template":"","format":"standard","meta":{"fifu_image_url":"","fifu_image_alt":"","footnotes":""},"categories":[53,76],"tags":[],"class_list":["post-21577","post","type-post","status-publish","format-standard","hentry","category-algerie","category-regions"],"_links":{"self":[{"href":"https:\/\/linitiative.ca\/International\/wp-json\/wp\/v2\/posts\/21577","targetHints":{"allow":["GET"]}}],"collection":[{"href":"https:\/\/linitiative.ca\/International\/wp-json\/wp\/v2\/posts"}],"about":[{"href":"https:\/\/linitiative.ca\/International\/wp-json\/wp\/v2\/types\/post"}],"author":[{"embeddable":true,"href":"https:\/\/linitiative.ca\/International\/wp-json\/wp\/v2\/users\/1740"}],"replies":[{"embeddable":true,"href":"https:\/\/linitiative.ca\/International\/wp-json\/wp\/v2\/comments?post=21577"}],"version-history":[{"count":0,"href":"https:\/\/linitiative.ca\/International\/wp-json\/wp\/v2\/posts\/21577\/revisions"}],"wp:attachment":[{"href":"https:\/\/linitiative.ca\/International\/wp-json\/wp\/v2\/media?parent=21577"}],"wp:term":[{"taxonomy":"category","embeddable":true,"href":"https:\/\/linitiative.ca\/International\/wp-json\/wp\/v2\/categories?post=21577"},{"taxonomy":"post_tag","embeddable":true,"href":"https:\/\/linitiative.ca\/International\/wp-json\/wp\/v2\/tags?post=21577"}],"curies":[{"name":"wp","href":"https:\/\/api.w.org\/{rel}","templated":true}]}}