{"id":21578,"date":"2019-03-13T13:32:00","date_gmt":"2019-03-13T17:32:00","guid":{"rendered":"https:\/\/linitiative.ca\/International\/mokri-part-a-rome\/"},"modified":"2019-03-13T13:32:00","modified_gmt":"2019-03-13T17:32:00","slug":"mokri-part-a-rome","status":"publish","type":"post","link":"https:\/\/linitiative.ca\/International\/mokri-part-a-rome\/","title":{"rendered":"Mokri part \u00e0 Rome"},"content":{"rendered":"<p><br id=\"sep_para_1\" class=\"sep_para access\"\/><\/p>\n<div id=\"para_1\" class=\"para_29740526 resize\">\n<div class=\"texte access firstletter\">Il n\u2019aurait pas assist\u00e9 \u00e0 la r\u00e9union de l\u2019opposition qui s\u2019est d\u00e9roul\u00e9e, hier, mercredi 13 mars au si\u00e8ge du Front de la Justice et du D\u00e9veloppement d\u2019Abdallah Djaballah. Et pour cause ; Abderrazak Makri, Pr\u00e9sident du Mouvement de la Soci\u00e9t\u00e9 pour la Paix (MSP), s\u2019est envol\u00e9 mardi vers l\u2019Italie. Arriv\u00e9 dans la matin\u00e9e \u00e0 l\u2019a\u00e9roport international Houari Boumediene d\u2019Alger, le Pr\u00e9sident du parti islamiste a embarqu\u00e9 \u00e0 bord d\u2019un vol \u00e0 destination de l\u2019Italie. Selon plusieurs sources, Abderrazak Makri devrait y rencontrer l\u2019ancien pr\u00e9sident du Conseil consultatif du parti, Abou Bakr Ben Kedouda, actuellement install\u00e9 en Italie.<\/div>\n<\/div>\n<p>Auteur: R\u00e9flexion<br \/>\n<a href=\"https:\/\/www.reflexiondz.net\/Mokri-part-a-Rome_a54936.html\">Cliquez ici pour lire l&rsquo;article depuis sa source.<\/a><\/p>\n","protected":false},"excerpt":{"rendered":"<p>Il n\u2019aurait pas assist\u00e9 \u00e0 la r\u00e9union de l\u2019opposition qui s\u2019est d\u00e9roul\u00e9e, hier, mercredi 13 mars au si\u00e8ge du Front de la Justice et du D\u00e9veloppement d\u2019Abdallah Djaballah. Et pour cause ; Abderrazak Makri, Pr\u00e9sident du Mouvement de la Soci\u00e9t\u00e9 pour la Paix (MSP), s\u2019est envol\u00e9 mardi vers l\u2019Italie. Arriv\u00e9 dans la matin\u00e9e \u00e0 l\u2019a\u00e9roport [&hellip;]<\/p>\n","protected":false},"author":1740,"featured_media":0,"comment_status":"closed","ping_status":"closed","sticky":false,"template":"","format":"standard","meta":{"fifu_image_url":"","fifu_image_alt":"","footnotes":""},"categories":[53,76],"tags":[],"class_list":["post-21578","post","type-post","status-publish","format-standard","hentry","category-algerie","category-regions"],"_links":{"self":[{"href":"https:\/\/linitiative.ca\/International\/wp-json\/wp\/v2\/posts\/21578","targetHints":{"allow":["GET"]}}],"collection":[{"href":"https:\/\/linitiative.ca\/International\/wp-json\/wp\/v2\/posts"}],"about":[{"href":"https:\/\/linitiative.ca\/International\/wp-json\/wp\/v2\/types\/post"}],"author":[{"embeddable":true,"href":"https:\/\/linitiative.ca\/International\/wp-json\/wp\/v2\/users\/1740"}],"replies":[{"embeddable":true,"href":"https:\/\/linitiative.ca\/International\/wp-json\/wp\/v2\/comments?post=21578"}],"version-history":[{"count":0,"href":"https:\/\/linitiative.ca\/International\/wp-json\/wp\/v2\/posts\/21578\/revisions"}],"wp:attachment":[{"href":"https:\/\/linitiative.ca\/International\/wp-json\/wp\/v2\/media?parent=21578"}],"wp:term":[{"taxonomy":"category","embeddable":true,"href":"https:\/\/linitiative.ca\/International\/wp-json\/wp\/v2\/categories?post=21578"},{"taxonomy":"post_tag","embeddable":true,"href":"https:\/\/linitiative.ca\/International\/wp-json\/wp\/v2\/tags?post=21578"}],"curies":[{"name":"wp","href":"https:\/\/api.w.org\/{rel}","templated":true}]}}