{"id":21605,"date":"2019-03-13T05:36:24","date_gmt":"2019-03-13T09:36:24","guid":{"rendered":"https:\/\/linitiative.ca\/International\/loi-sur-le-droit-dacces-a-linformation-un-nouveau-rendez-vous-manque\/"},"modified":"2019-03-13T05:36:24","modified_gmt":"2019-03-13T09:36:24","slug":"loi-sur-le-droit-dacces-a-linformation-un-nouveau-rendez-vous-manque","status":"publish","type":"post","link":"https:\/\/linitiative.ca\/International\/loi-sur-le-droit-dacces-a-linformation-un-nouveau-rendez-vous-manque\/","title":{"rendered":"Loi sur le droit d\u2019acc\u00e8s \u00e0 l\u2019information : un nouveau rendez-vous manqu\u00e9"},"content":{"rendered":"<p>Si l\u2019article 27 de la Constitution relatif au droit d\u2019<strong>acc\u00e8s \u00e0 l\u2019information<\/strong> constitue incontestablement une avanc\u00e9e dans le processus de construction de l\u2019Etat de Droit au Maroc, et surtout en mati\u00e8re de transparence, la loi 31-13, qui en est la d\u00e9clinaison, comporte de nombreuses restrictions, \u00e0 tel point qu\u2019elle a vid\u00e9 le principe constitutionnel de sa substance.<\/p>\n<div class=\"c10\"\/>\n<p>Nombreuses sont les restrictions dans des domaines autres que ceux explicitement vis\u00e9s par la Constitution, avec des formules g\u00e9n\u00e9rales. Le texte de loi est all\u00e9 jusqu\u2019\u00e0 pr\u00e9voir des sanctions p\u00e9nales pour \u00ab\u00a0toute personne\u00a0ayant port\u00e9 pr\u00e9judice \u00e0 l\u2019int\u00e9r\u00eat g\u00e9n\u00e9ral en exer\u00e7ant le droit d\u2019acc\u00e8s \u00e0 l\u2019information\u00a0\u00bb. Ainsi toute personne souhaitant exercer ce droit, en particulier les journalistes, pourrait s\u2019exposer \u00e0 un risque de poursuite p\u00e9nale.<\/p>\n<p>A cela s\u2019ajoute l\u2019\u00e9tat actuellement catastrophique de la documentation administrative dans la plupart des <strong>administrations publiques<\/strong> et autres institutions concern\u00e9es par l\u2019exercice de ce droit.<\/p>\n<p>La soci\u00e9t\u00e9 civile, et en particulier Transparency Maroc, a \u00e9mis de grandes r\u00e9serves vis-\u00e0-vis de ce texte, entr\u00e9 en vigueur le 12 mars, non conforme \u00e0 l\u2019article 27 de la Constitution, ni au standards internationaux en la mati\u00e8re.<\/p>\n<div class=\"c17\">\n<fieldset class=\"c16\">\n<legend><strong><span class=\"c11\">Challenge<\/span><span class=\"c12\">news<\/span><\/strong><\/legend>\n<div class=\"c15\">Le meilleur de la r\u00e9daction s\u00e9lectionn\u00e9 par Challenge :<\/p>\n<\/div>\n<\/fieldset>\n<\/div>\n<p>Auteur: Mohamed Amine<br \/>\n<a href=\"https:\/\/www.challenge.ma\/loi-sur-le-droit-dacces-a-linformation-un-nouveau-rendez-vous-manque-105998\/\">Cliquez ici pour lire l&rsquo;article depuis sa source.<\/a><\/p>\n","protected":false},"excerpt":{"rendered":"<p>Si l\u2019article 27 de la Constitution relatif au droit d\u2019acc\u00e8s \u00e0 l\u2019information constitue incontestablement une avanc\u00e9e dans le processus de construction de l\u2019Etat de Droit au Maroc, et surtout en mati\u00e8re de transparence, la loi 31-13, qui en est la d\u00e9clinaison, comporte de nombreuses restrictions, \u00e0 tel point qu\u2019elle a vid\u00e9 le principe constitutionnel de [&hellip;]<\/p>\n","protected":false},"author":1787,"featured_media":0,"comment_status":"closed","ping_status":"closed","sticky":false,"template":"","format":"standard","meta":{"fifu_image_url":"","fifu_image_alt":"","footnotes":""},"categories":[78,54],"tags":[],"class_list":["post-21605","post","type-post","status-publish","format-standard","hentry","category-economie","category-maroc"],"_links":{"self":[{"href":"https:\/\/linitiative.ca\/International\/wp-json\/wp\/v2\/posts\/21605","targetHints":{"allow":["GET"]}}],"collection":[{"href":"https:\/\/linitiative.ca\/International\/wp-json\/wp\/v2\/posts"}],"about":[{"href":"https:\/\/linitiative.ca\/International\/wp-json\/wp\/v2\/types\/post"}],"author":[{"embeddable":true,"href":"https:\/\/linitiative.ca\/International\/wp-json\/wp\/v2\/users\/1787"}],"replies":[{"embeddable":true,"href":"https:\/\/linitiative.ca\/International\/wp-json\/wp\/v2\/comments?post=21605"}],"version-history":[{"count":0,"href":"https:\/\/linitiative.ca\/International\/wp-json\/wp\/v2\/posts\/21605\/revisions"}],"wp:attachment":[{"href":"https:\/\/linitiative.ca\/International\/wp-json\/wp\/v2\/media?parent=21605"}],"wp:term":[{"taxonomy":"category","embeddable":true,"href":"https:\/\/linitiative.ca\/International\/wp-json\/wp\/v2\/categories?post=21605"},{"taxonomy":"post_tag","embeddable":true,"href":"https:\/\/linitiative.ca\/International\/wp-json\/wp\/v2\/tags?post=21605"}],"curies":[{"name":"wp","href":"https:\/\/api.w.org\/{rel}","templated":true}]}}