{"id":21609,"date":"2019-03-13T12:56:29","date_gmt":"2019-03-13T16:56:29","guid":{"rendered":"https:\/\/linitiative.ca\/International\/taza-100-mdh-pour-la-reconversion-de-la-cerealiculture\/"},"modified":"2019-03-13T12:56:29","modified_gmt":"2019-03-13T16:56:29","slug":"taza-100-mdh-pour-la-reconversion-de-la-cerealiculture","status":"publish","type":"post","link":"https:\/\/linitiative.ca\/International\/taza-100-mdh-pour-la-reconversion-de-la-cerealiculture\/","title":{"rendered":"Taza : 100 MDH pour la reconversion de la c\u00e9r\u00e9aliculture"},"content":{"rendered":"<p class=\"p1\">L\u2019Etat marocain acc\u00e9l\u00e8re la cadence de la reconversion des <strong>cultures c\u00e9r\u00e9ali\u00e8res<\/strong> vers les segments \u00e0 plus fort rendement.<\/p>\n<div class=\"c10\"\/>\n<p class=\"p1\">Apr\u00e8s l\u2019arriv\u00e9e \u00e0 son terme en 2017 d\u2019un programme similaire cofinanc\u00e9 avec le royaume de Belgique, le minist\u00e8re de l\u2019Agriculture, de la P\u00eache maritime, du D\u00e9veloppement rural et des Eaux et For\u00eats se concentre en ce d\u00e9but d\u2019ann\u00e9e 2019 sur la province de Taza, une r\u00e9gion qui compte quelques communes parmi les plus pauvres au Maroc.<\/p>\n<p class=\"p2\">Aussi, ce ne sont pas moins de 2.000 hectares d\u2019oliviers et 4.935 hectares d\u2019amandiers dont les travaux de plantation seront lanc\u00e9s incessamment dans le Cercle de <strong>Taza<\/strong> et plus particuli\u00e8rement les communes rurales de Gueldamane, Ouled Cherif, Meknassa, Bab Marzouga et Mghraoua. Le d\u00e9partement dirig\u00e9 par Aziz Akhannouch y consacrera, \u00e0 partir des prochaines semaines, plus de 100 millions de DH \u00e0 r\u00e9partir entre les entreprises priv\u00e9es de travaux agricoles adjudicataires de ces march\u00e9s de reconversion et dont les appels d\u2019offres sont actuellement en cours.<\/p>\n<p class=\"p2\">Rappelons que l\u2019Etat marocain s\u2019est assign\u00e9 comme objectif, dans le cadre du pilier II du <strong>Plan Maroc Vert,<\/strong> de r\u00e9duire les surfaces de c\u00e9r\u00e9aliculture d\u2019un million d\u2019hectares, notamment ceux situ\u00e9s dans des zones favorables et dont le rendement est assez faible (dans certaines r\u00e9gions du pays dont Taza o\u00f9 l\u2019on continue \u00e0 produire de l\u2019orge et autres c\u00e9r\u00e9ales avec des m\u00e9thodes ancestrales, les petits agriculteurs ne toucheraient m\u00eame pas le SMIG avec leurs productions).<\/p>\n<p class=\"p2\">Outre le financement de la reconversion, le minist\u00e8re de l\u2019Agriculture octroie une subvention de 50% sur l\u2019achat des plants, des aides pour l\u2019am\u00e9lioration des productions, la modernisation du mat\u00e9riel d\u2019extraction, l\u2019irrigation localis\u00e9e et les projets d\u2019agr\u00e9gation. C\u2019est dans ce cadre que le gouvernement belge avait mobilis\u00e9 plus de 13 millions d\u2019euros (plus de 140 millions de DH) entre 2010 et 2017 pour financer un programme de plantation de 6.000 hectares d\u2019amandiers ; lequel avait profit\u00e9 \u00e0 quelques 3.410 b\u00e9n\u00e9ficiaires issus des provinces d\u2019Oujda, Jerrada, Taourirt et Berkane.<\/p>\n<div class=\"c17\">\n<fieldset class=\"c16\">\n<legend><strong><span class=\"c11\">Challenge<\/span><span class=\"c12\">news<\/span><\/strong><\/legend>\n<div class=\"c15\">Le meilleur de la r\u00e9daction s\u00e9lectionn\u00e9 par Challenge :<\/p>\n<\/div>\n<\/fieldset>\n<\/div>\n<p>Auteur: Amine Amrani<br \/>\n<a href=\"https:\/\/www.challenge.ma\/taza-100-mdh-pour-la-reconversion-de-la-cerealiculture-106019\/\">Cliquez ici pour lire l&rsquo;article depuis sa source.<\/a><\/p>\n","protected":false},"excerpt":{"rendered":"<p>L\u2019Etat marocain acc\u00e9l\u00e8re la cadence de la reconversion des cultures c\u00e9r\u00e9ali\u00e8res vers les segments \u00e0 plus fort rendement. Apr\u00e8s l\u2019arriv\u00e9e \u00e0 son terme en 2017 d\u2019un programme similaire cofinanc\u00e9 avec le royaume de Belgique, le minist\u00e8re de l\u2019Agriculture, de la P\u00eache maritime, du D\u00e9veloppement rural et des Eaux et For\u00eats se concentre en ce d\u00e9but [&hellip;]<\/p>\n","protected":false},"author":1787,"featured_media":0,"comment_status":"closed","ping_status":"closed","sticky":false,"template":"","format":"standard","meta":{"fifu_image_url":"","fifu_image_alt":"","footnotes":""},"categories":[78,54],"tags":[],"class_list":["post-21609","post","type-post","status-publish","format-standard","hentry","category-economie","category-maroc"],"_links":{"self":[{"href":"https:\/\/linitiative.ca\/International\/wp-json\/wp\/v2\/posts\/21609","targetHints":{"allow":["GET"]}}],"collection":[{"href":"https:\/\/linitiative.ca\/International\/wp-json\/wp\/v2\/posts"}],"about":[{"href":"https:\/\/linitiative.ca\/International\/wp-json\/wp\/v2\/types\/post"}],"author":[{"embeddable":true,"href":"https:\/\/linitiative.ca\/International\/wp-json\/wp\/v2\/users\/1787"}],"replies":[{"embeddable":true,"href":"https:\/\/linitiative.ca\/International\/wp-json\/wp\/v2\/comments?post=21609"}],"version-history":[{"count":0,"href":"https:\/\/linitiative.ca\/International\/wp-json\/wp\/v2\/posts\/21609\/revisions"}],"wp:attachment":[{"href":"https:\/\/linitiative.ca\/International\/wp-json\/wp\/v2\/media?parent=21609"}],"wp:term":[{"taxonomy":"category","embeddable":true,"href":"https:\/\/linitiative.ca\/International\/wp-json\/wp\/v2\/categories?post=21609"},{"taxonomy":"post_tag","embeddable":true,"href":"https:\/\/linitiative.ca\/International\/wp-json\/wp\/v2\/tags?post=21609"}],"curies":[{"name":"wp","href":"https:\/\/api.w.org\/{rel}","templated":true}]}}