{"id":21611,"date":"2019-03-13T14:46:31","date_gmt":"2019-03-13T18:46:31","guid":{"rendered":"https:\/\/linitiative.ca\/International\/wafa-assurance-performances-impactees-par-la-montee-de-la-sinistralite-de-lautomobile\/"},"modified":"2019-03-13T14:46:31","modified_gmt":"2019-03-13T18:46:31","slug":"wafa-assurance-performances-impactees-par-la-montee-de-la-sinistralite-de-lautomobile","status":"publish","type":"post","link":"https:\/\/linitiative.ca\/International\/wafa-assurance-performances-impactees-par-la-montee-de-la-sinistralite-de-lautomobile\/","title":{"rendered":"Wafa Assurance : performances impact\u00e9es par la mont\u00e9e de la sinistralit\u00e9 de l\u2019automobile"},"content":{"rendered":"<p>Les temps sont mauvais pour les assureurs.<\/p>\n<div class=\"c10\"\/>\n<p>Apr\u00e8s Saham Assurance, qui a vu ses performances sur l\u2019exercice 2018 impact\u00e9es par la hausse de la <strong>sinistralit\u00e9<\/strong> sur le segment Automobile, c\u2019est au tour de Wafa Assurance, qui a r\u00e9cemment livr\u00e9 ses indicateurs cl\u00e9s de l\u2019exercice \u00e9coul\u00e9 d\u2019accuser \u00e9galement le coup. La filiale du fonds d\u2019investissement Al Mada a en effet enregistr\u00e9 un r\u00e9sultat net en baisse, \u00e0 fin d\u00e9cembre 2018, \u00e0 cause notamment de la branche Non-vie. Cette branche affiche en effet un r\u00e9sultat en repli de -54,2% sur l\u2019exercice.<\/p>\n<p>Selon Rams\u00e8s Arroub, PDG de Wafa Assurance, cette baisse est notamment due \u00e0\u00a0l\u2019augmentation de la charge de sinistre nette de r\u00e9assurance issue principalement de l\u2019automobile et de sinistres de pointe. Globalement, Wafa Assurance affiche un chiffre d\u2019affaires de 8,3 milliards de DH, en progression de 4% par rapport \u00e0 2017. Une performance port\u00e9e par la <strong>branche Vie<\/strong> qui a engrang\u00e9 un chiffre d\u2019affaires de 4,6 milliards de DH, soit une progression de 5,7%. Toutefois, le business de l\u2019assureur se porte bien \u00e0 l\u2019international. Les filiales africaines (en Tunisie et en Afrique subsaharienne) ont particip\u00e9 au chiffre d\u2019affaires global \u00e0 hauteur de 677 millions de DH.<\/p>\n<p>Hormis le S\u00e9n\u00e9gal o\u00f9 le groupe a subi des pertes sur l\u2019exercice \u00e9coul\u00e9, toutes les autres filiales sont en croissance \u00e0 deux chiffres selon le top management. Une tendance qui devrait se poursuivre en 2019. Aussi, Rams\u00e8s Arroub a-t-il laiss\u00e9 entendre que <strong>Wafa Assurance<\/strong> va poursuivre sa strat\u00e9gie d\u2019expansion en Afrique. \u00ab\u00a0Nous \u00e9tudions des opportunit\u00e9s. Nous allons miser sur les deux formules que nous avons utilis\u00e9es jusqu\u2019\u00e0 pr\u00e9sent, c\u2019est-\u00e0-dire s\u2019installer en greenfield ou en rachetant des entreprises op\u00e9rant d\u00e9j\u00e0 sur ces march\u00e9s\u00a0\u00bb, a-t-il confi\u00e9.<\/p>\n<div class=\"c17\">\n<fieldset class=\"c16\">\n<legend><strong><span class=\"c11\">Challenge<\/span><span class=\"c12\">news<\/span><\/strong><\/legend>\n<div class=\"c15\">Le meilleur de la r\u00e9daction s\u00e9lectionn\u00e9 par Challenge :<\/p>\n<\/div>\n<\/fieldset>\n<\/div>\n<p>Auteur: Roland Amoussou<br \/>\n<a href=\"https:\/\/www.challenge.ma\/wafa-assurance-performances-impactees-par-la-montee-de-la-sinistralite-de-lautomobile-106052\/\">Cliquez ici pour lire l&rsquo;article depuis sa source.<\/a><\/p>\n","protected":false},"excerpt":{"rendered":"<p>Les temps sont mauvais pour les assureurs. Apr\u00e8s Saham Assurance, qui a vu ses performances sur l\u2019exercice 2018 impact\u00e9es par la hausse de la sinistralit\u00e9 sur le segment Automobile, c\u2019est au tour de Wafa Assurance, qui a r\u00e9cemment livr\u00e9 ses indicateurs cl\u00e9s de l\u2019exercice \u00e9coul\u00e9 d\u2019accuser \u00e9galement le coup. La filiale du fonds d\u2019investissement Al [&hellip;]<\/p>\n","protected":false},"author":1787,"featured_media":0,"comment_status":"closed","ping_status":"closed","sticky":false,"template":"","format":"standard","meta":{"fifu_image_url":"","fifu_image_alt":"","footnotes":""},"categories":[78,54],"tags":[],"class_list":["post-21611","post","type-post","status-publish","format-standard","hentry","category-economie","category-maroc"],"_links":{"self":[{"href":"https:\/\/linitiative.ca\/International\/wp-json\/wp\/v2\/posts\/21611","targetHints":{"allow":["GET"]}}],"collection":[{"href":"https:\/\/linitiative.ca\/International\/wp-json\/wp\/v2\/posts"}],"about":[{"href":"https:\/\/linitiative.ca\/International\/wp-json\/wp\/v2\/types\/post"}],"author":[{"embeddable":true,"href":"https:\/\/linitiative.ca\/International\/wp-json\/wp\/v2\/users\/1787"}],"replies":[{"embeddable":true,"href":"https:\/\/linitiative.ca\/International\/wp-json\/wp\/v2\/comments?post=21611"}],"version-history":[{"count":0,"href":"https:\/\/linitiative.ca\/International\/wp-json\/wp\/v2\/posts\/21611\/revisions"}],"wp:attachment":[{"href":"https:\/\/linitiative.ca\/International\/wp-json\/wp\/v2\/media?parent=21611"}],"wp:term":[{"taxonomy":"category","embeddable":true,"href":"https:\/\/linitiative.ca\/International\/wp-json\/wp\/v2\/categories?post=21611"},{"taxonomy":"post_tag","embeddable":true,"href":"https:\/\/linitiative.ca\/International\/wp-json\/wp\/v2\/tags?post=21611"}],"curies":[{"name":"wp","href":"https:\/\/api.w.org\/{rel}","templated":true}]}}